{"id":30453346,"date":"2019-02-12T07:06:00","date_gmt":"2019-02-12T07:06:00","guid":{"rendered":"https:\/\/www.upo.es\/diario\/?p=30453346"},"modified":"2019-02-13T07:36:13","modified_gmt":"2019-02-13T07:36:13","slug":"expertos-debaten-manana-en-la-upo-sobre-los-ciberataques-y-ciberseguridad-en-la-escena-internacional","status":"publish","type":"post","link":"https:\/\/www.upo.es\/diario\/institucional\/2019\/02\/expertos-debaten-manana-en-la-upo-sobre-los-ciberataques-y-ciberseguridad-en-la-escena-internacional\/","title":{"rendered":"Expertos debaten en la UPO sobre los ciberataques y ciberseguridad en la escena internacional"},"content":{"rendered":"<figure id=\"attachment_30466207\" aria-describedby=\"caption-attachment-30466207\" style=\"width: 600px\" class=\"wp-caption aligncenter\"><a href=\"https:\/\/www.upo.es\/diario\/wp-content\/uploads\/2019\/02\/Ciberataques_12022019_2019_02_12_12.jpg\"><img loading=\"lazy\" decoding=\"async\" class=\"size-large wp-image-30466207\" alt=\"El Seminario ha sido inaugurado por la decana de Derecho, Mar\u00eda Serrano\" src=\"https:\/\/www.upo.es\/diario\/wp-content\/uploads\/2019\/02\/Ciberataques_12022019_2019_02_12_12-600x400.jpg\" width=\"600\" height=\"400\" srcset=\"https:\/\/www.upo.es\/diario\/wp-content\/uploads\/2019\/02\/Ciberataques_12022019_2019_02_12_12-600x400.jpg 600w, https:\/\/www.upo.es\/diario\/wp-content\/uploads\/2019\/02\/Ciberataques_12022019_2019_02_12_12-320x213.jpg 320w\" sizes=\"auto, (max-width: 600px) 100vw, 600px\" \/><\/a><figcaption id=\"caption-attachment-30466207\" class=\"wp-caption-text\">El Seminario ha sido inaugurado por la decana de la Facultad de Derecho, Mar\u00eda Serrano<\/figcaption><\/figure>\n<p>Hoy tiene lugar, en la sala de grados del edificio 7, el <strong>seminario \u2018Ciberataques y Ciberseguridad en la Escena Internacional\u2019<\/strong>, organizado por el \u00c1rea de Derecho Internacional P\u00fablico de la UPO y el Proyecto I+D+i \u2018Ciberataques y Gobernanza Global\u2019.\u00a0El encuentro ha sido inaugurado por Mar\u00eda Serrano Fern\u00e1ndez, decana de la Facultad de Derecho de la Universidad Pablo de Olavide; Luc\u00eda Mill\u00e1n Moro, investigadora principal del Proyecto de Investigaci\u00f3n \u2018Ciberataques y Gobernanza Global\u2019, y Gloria Fern\u00e1ndez Arribas, coordinadora de dichas jornadas.<\/p>\n<p><a href=\"https:\/\/www.upo.es\/diario\/wp-content\/uploads\/2019\/02\/PROGRAMA-CIBERATAQUES-Y-CIBERSEGURIDAD-EN-LA-ESCENA-INTERNACIONAL-2-1.jpg\"><img loading=\"lazy\" decoding=\"async\" class=\"alignright size-medium wp-image-30453347\" alt=\"PROGRAMA CIBERATAQUES Y CIBERSEGURIDAD EN LA ESCENA INTERNACIONAL-2-1\" src=\"https:\/\/www.upo.es\/diario\/wp-content\/uploads\/2019\/02\/PROGRAMA-CIBERATAQUES-Y-CIBERSEGURIDAD-EN-LA-ESCENA-INTERNACIONAL-2-1-320x226.jpg\" width=\"320\" height=\"226\" srcset=\"https:\/\/www.upo.es\/diario\/wp-content\/uploads\/2019\/02\/PROGRAMA-CIBERATAQUES-Y-CIBERSEGURIDAD-EN-LA-ESCENA-INTERNACIONAL-2-1-320x226.jpg 320w, https:\/\/www.upo.es\/diario\/wp-content\/uploads\/2019\/02\/PROGRAMA-CIBERATAQUES-Y-CIBERSEGURIDAD-EN-LA-ESCENA-INTERNACIONAL-2-1-600x424.jpg 600w\" sizes=\"auto, (max-width: 320px) 100vw, 320px\" \/><\/a>El encuentro re\u00fane a expertos en la materia que<strong> ofrecer\u00e1n una visi\u00f3n global de la ciberseguridad y la ciberinteligencia<\/strong> a trav\u00e9s de sus ponencias. Las jornadas se articulan en torno a<strong> tres mesas en las que se hablar\u00e1 sobre el \u2018Derecho Internacional y la regulaci\u00f3n de los ciberataques\u2019, \u2018Europa frente a los ciberataques\u2019 y \u2018Ciberseguridad y globalizaci\u00f3n\u2019<\/strong>. En la primera mesa participar\u00e1n los profesores de la Universidad Pablo de Olavide M\u00aa del Rosario Carmona Luque, M\u00aa del Rosario Ojinaga Ruiz, Jos\u00e9 Manuel Cort\u00e9s Mart\u00edn y Luis P\u00e9rez Prat. La segunda mesa contar\u00e1 con el profesor de la Twente University Ramses Wessel y los profesores de la UPO Guillem Colom Piella, Antonio Lazari y Luc\u00eda Mill\u00e1n Moro. Finalmente, la tercera mesa estar\u00e1 integrada por los profesores de la Universidad Pablo de Olavide Jonathan Pass y Manuel Ricardo Torres Soriano, la profesora de la Universidad de Sevilla Concha P\u00e9rez Curiel y la profesora de la Universidad de Huelva Mar\u00eda Teresa Aceytuno.<\/p>\n<p>M\u00e1s informaci\u00f3n y programa: <a href=\"https:\/\/eventos.upo.es\/31099\/programme\/seminario-ciberataques-y-ciberseguridad-en-la-escena-internacional.html\">https:\/\/eventos.upo.es\/31099\/programme\/seminario-ciberataques-y-ciberseguridad-en-la-escena-internacional.html<\/a><\/p>\n","protected":false},"excerpt":{"rendered":"<p>El encuentro re\u00fane a expertos en la materia que ofrecer\u00e1n una visi\u00f3n global de la ciberseguridad y la ciberinteligencia a trav\u00e9s de sus ponencias. Las jornadas se articulan en torno a tres mesas en las que se hablar\u00e1 sobre el \u2018Derecho Internacional y la regulaci\u00f3n de los ciberataques\u2019, \u2018Europa frente a los ciberataques\u2019 y \u2018Ciberseguridad y globalizaci\u00f3n\u2019. <\/p>\n","protected":false},"author":4,"featured_media":0,"comment_status":"closed","ping_status":"open","sticky":false,"template":"","format":"standard","meta":{"_monsterinsights_skip_tracking":false,"_monsterinsights_sitenote_active":false,"_monsterinsights_sitenote_note":"","_monsterinsights_sitenote_category":0,"footnotes":""},"categories":[6],"tags":[2373,4980,4241,81,78],"class_list":["post-30453346","post","type-post","status-publish","format-standard","hentry","category-institucional","tag-area-de-derecho-internacional-publico","tag-ciberataques","tag-ciberseguridad","tag-facultad-de-derecho","tag-seminario"],"_links":{"self":[{"href":"https:\/\/www.upo.es\/diario\/wp-json\/wp\/v2\/posts\/30453346","targetHints":{"allow":["GET"]}}],"collection":[{"href":"https:\/\/www.upo.es\/diario\/wp-json\/wp\/v2\/posts"}],"about":[{"href":"https:\/\/www.upo.es\/diario\/wp-json\/wp\/v2\/types\/post"}],"author":[{"embeddable":true,"href":"https:\/\/www.upo.es\/diario\/wp-json\/wp\/v2\/users\/4"}],"replies":[{"embeddable":true,"href":"https:\/\/www.upo.es\/diario\/wp-json\/wp\/v2\/comments?post=30453346"}],"version-history":[{"count":8,"href":"https:\/\/www.upo.es\/diario\/wp-json\/wp\/v2\/posts\/30453346\/revisions"}],"predecessor-version":[{"id":30480162,"href":"https:\/\/www.upo.es\/diario\/wp-json\/wp\/v2\/posts\/30453346\/revisions\/30480162"}],"wp:attachment":[{"href":"https:\/\/www.upo.es\/diario\/wp-json\/wp\/v2\/media?parent=30453346"}],"wp:term":[{"taxonomy":"category","embeddable":true,"href":"https:\/\/www.upo.es\/diario\/wp-json\/wp\/v2\/categories?post=30453346"},{"taxonomy":"post_tag","embeddable":true,"href":"https:\/\/www.upo.es\/diario\/wp-json\/wp\/v2\/tags?post=30453346"}],"curies":[{"name":"wp","href":"https:\/\/api.w.org\/{rel}","templated":true}]}}