{"id":30470111,"date":"2019-02-12T23:00:13","date_gmt":"2019-02-12T23:00:13","guid":{"rendered":"https:\/\/www.upo.es\/diario\/?p=30470111"},"modified":"2019-02-14T10:27:24","modified_gmt":"2019-02-14T10:27:24","slug":"el-master-sobre-gestion-de-empresas-de-economia-social-de-la-upo-incluido-en-la-guia-de-buenas-practicas-de-ecoope","status":"publish","type":"post","link":"https:\/\/www.upo.es\/diario\/institucional\/2019\/02\/el-master-sobre-gestion-de-empresas-de-economia-social-de-la-upo-incluido-en-la-guia-de-buenas-practicas-de-ecoope\/","title":{"rendered":"El m\u00e1ster sobre gesti\u00f3n de empresas de econom\u00eda social de la UPO, incluido en la Gu\u00eda de Buenas Pr\u00e1cticas de Ecoope"},"content":{"rendered":"<figure id=\"attachment_30470112\" aria-describedby=\"caption-attachment-30470112\" style=\"width: 600px\" class=\"wp-caption aligncenter\"><a href=\"https:\/\/www.upo.es\/diario\/wp-content\/uploads\/2019\/02\/FUPO-2019-M\u00e1ste-econom\u00eda-colaborativa.jpg\"><img loading=\"lazy\" decoding=\"async\" class=\"size-large wp-image-30470112\" alt=\"Jos\u00e9 Antonio S\u00e1nchez Medina y Laura L\u00f3pez de la Cruz, directores del M\u00e1ster\" src=\"https:\/\/www.upo.es\/diario\/wp-content\/uploads\/2019\/02\/FUPO-2019-M\u00e1ste-econom\u00eda-colaborativa-600x327.jpg\" width=\"600\" height=\"327\" srcset=\"https:\/\/www.upo.es\/diario\/wp-content\/uploads\/2019\/02\/FUPO-2019-M\u00e1ste-econom\u00eda-colaborativa-600x327.jpg 600w, https:\/\/www.upo.es\/diario\/wp-content\/uploads\/2019\/02\/FUPO-2019-M\u00e1ste-econom\u00eda-colaborativa-320x174.jpg 320w, https:\/\/www.upo.es\/diario\/wp-content\/uploads\/2019\/02\/FUPO-2019-M\u00e1ste-econom\u00eda-colaborativa.jpg 1100w\" sizes=\"auto, (max-width: 600px) 100vw, 600px\" \/><\/a><figcaption id=\"caption-attachment-30470112\" class=\"wp-caption-text\">Jos\u00e9 Antonio S\u00e1nchez Medina y Laura L\u00f3pez de la Cruz, directores del M\u00e1ster<\/figcaption><\/figure>\n<p>El <a href=\"http:\/\/www.upo.es\/postgrado\/Master-Gestion-de-Empresas-de-Economia-Social-y-Emprendimiento-Colectivo\"><strong>M\u00e1ster Gesti\u00f3n de Empresas de Econom\u00eda Social y Emprendimiento Colectivo<\/strong><\/a>, t\u00edtulo propio de la Universidad Pablo de Olavide, ha sido incluido en la <strong>Gu\u00eda de Buenas Pr\u00e1cticas de Ecoope<\/strong> (Entrepreneurial Cooperative Experience) y seleccionado entre 191 planes formativos. Dicha gu\u00eda identifica y recopila en un documento de consulta abierta las mejores pr\u00e1cticas sobre emprendimiento cooperativo en Europa.<\/p>\n<p>Ecoope es el primer proyecto europeo del Centro Internacional Santander Emprendimiento (CISE), fue puesto en marcha en mayo de 2017 y est\u00e1 cofinanciado por la Uni\u00f3n Europea en el \u00e1mbito de la relaci\u00f3n formaci\u00f3n emprendedora-cooperativismo. Su objetivo es mejorar la empleabilidad de los j\u00f3venes de educaci\u00f3n secundaria y superior en Europa, aport\u00e1ndoles conocimientos en emprendimiento enfocados a la creaci\u00f3n de cooperativas o a la incorporaci\u00f3n de sus iniciativas en cooperativas ya existentes.<\/p>\n<p>Este m\u00e1ster de la UPO, que dirigen los profesores <strong>Jos\u00e9 Antonio S\u00e1nchez Medina<\/strong> y <strong>Laura L\u00f3pez de la Cruz<\/strong>, comenz\u00f3 el pasado 8 de febrero y persigue varios objetivos, en l\u00ednea con los objetivos de la C\u00e1tedra de Econom\u00eda Social, \u00c9tica y Ciudadan\u00eda El Roble: promover un conocimiento preciso y ajustado de las distintas entidades de la econom\u00eda social y reflexionar sobre nuevas f\u00f3rmulas de negocio y las oportunidades que \u00e9stas suponen para el desarrollo econ\u00f3mico a trav\u00e9s del emprendimiento colectivo. Adem\u00e1s, se apuesta por dotar a reci\u00e9n egresados, t\u00e9cnicos de la administraci\u00f3n y miembros de organizaciones de econom\u00eda social de unos recursos t\u00e9cnicos y del conocimiento necesario que les permitan promocionar, participar o liderar con \u00e9xito iniciativas econ\u00f3micas en el \u00e1mbito de la econom\u00eda social.<\/p>\n<p>La importancia de formarse en este sector es clara. Y es que la situaci\u00f3n actual de crisis econ\u00f3mica de marcado car\u00e1cter internacional ha demostrado las debilidades del sistema econ\u00f3mico y financiero imperante y el fracaso de determinadas pol\u00edticas de mercado que no han sabido aportar soluciones a los principales problemas sociales de este siglo, tales como el desempleo, el empleo precario, las desigualdades sociales y el empobrecimiento de las personas y del territorio.<\/p>\n<p>Es por ello que desde determinados sectores p\u00fablicos y privados se propone la promoci\u00f3n y el fomento de la econom\u00eda social, esto es, un modo distinto de entender la econom\u00eda donde se da prioridad a las personas y el fin social de las empresas sobre el capital, apostando por una gesti\u00f3n democr\u00e1tica y participativa. Tambi\u00e9n se apuesta claramente por un compromiso con el desarrollo local, la igualdad de oportunidades y la lucha contra la exclusi\u00f3n social, la generaci\u00f3n de empleo estable y de calidad y la sostenibilidad.<\/p>\n<p>Adem\u00e1s, la econom\u00eda social supone una forma alternativa de hacer econom\u00eda, que tiene como principios b\u00e1sicos, entre otros, la democracia, la equidad, la gesti\u00f3n participativa, la solidaridad econ\u00f3mica y el compromiso con la sociedad y el medio ambiente. En este sentido, las empresas de econom\u00eda social son organizaciones empresariales democr\u00e1ticas cuyo fundamento reside en la primac\u00eda de la persona o del factor humano sobre el capital, con una alta capacidad competitiva, que generan empleo de calidad y resuelven crisis sectoriales o territoriales debido fundamentalmente a su car\u00e1cter colectivo y a la no deslocalizaci\u00f3n de la producci\u00f3n.<\/p>\n<p>Las empresas y entidades de econom\u00eda social han sido el sector econ\u00f3mico que mejor ha resistido la crisis econ\u00f3mica y que menos puestos de trabajo han perdido durante la misma. A su vez, y de un modo cada vez m\u00e1s evidente, este sector productivo se est\u00e1 vinculando a iniciativas de innovaci\u00f3n social y de desarrollo de nuevos modelos de negocio, que la dotan de la potencialidad para situarse en la vanguardia de la recuperaci\u00f3n y consolidaci\u00f3n econ\u00f3mica de Andaluc\u00eda. La econom\u00eda social supone un marco productivo y de participaci\u00f3n ideal para el desarrollo e impulso de nuevas formas de emprendimiento: el emprendimiento colectivo. Este tipo de emprendimiento se articula sobre ciudadanos avanzados que deciden cooperar entre s\u00ed para impulsar una idea de corte econ\u00f3mico que pueda sumarse al tejido productivo de la sociedad.<\/p>\n<p><b>Metodolog\u00eda<\/b><\/p>\n<p>La metodolog\u00eda del programa formativo del m\u00e1ster se basa en establecer puentes entre el conocimiento acad\u00e9mico y la experiencia profesional en el \u00e1mbito de la econom\u00eda social. Para ello, todas las actividades se desarrollar\u00e1n con presencia simult\u00e1nea de acad\u00e9micos y profesionales. El programa est\u00e1 organizado para facilitar la adquisici\u00f3n de competencias estrechamente vinculadas al desarrollo de ideas de negocio en el \u00e1mbito de la econom\u00eda social. Para ello se promover\u00e1 el trabajo en grupo exigiendo a los alumnos destrezas de comunicaci\u00f3n, negociaci\u00f3n y cooperaci\u00f3n en pos de la formulaci\u00f3n y desarrollo de una idea. Adem\u00e1s, se les dotar\u00e1 de los conocimientos necesarios para la direcci\u00f3n, atendiendo especialmente a la gesti\u00f3n econ\u00f3mica y financiera de la empresa, organizaci\u00f3n y participaci\u00f3n de las personas y estrategias de comunicaci\u00f3n y nuevas tecnolog\u00edas.<\/p>\n<p>En la metodolog\u00eda se incluye una importante actividad pr\u00e1ctica por parte del alumno que estar\u00e1 supervisada por tutores acad\u00e9micos y profesionales de modo simult\u00e1neo. Para ampliar la informaci\u00f3n del m\u00e1ster: <a href=\"http:\/\/www.upo.es\/postgrado\/Master-Gestion-de-Empresas-de-Economia-Social-y-Emprendimiento-Colectivo?opcion=\">M\u00e1ster Gesti\u00f3n de Empresas de Econom\u00eda Social y Emprendimiento Colectivo. I edici\u00f3n. <\/a><\/p>\n<p>&nbsp;<\/p>\n","protected":false},"excerpt":{"rendered":"<p>El M\u00e1ster Gesti\u00f3n de Empresas de Econom\u00eda Social y Emprendimiento Colectivo, t\u00edtulo propio de la Universidad Pablo de Olavide, ha sido incluido en la Gu\u00eda de Buenas Pr\u00e1cticas de Ecoope (Entrepreneurial Cooperative Experience) y seleccionado entre 191 planes formativos. Dicha gu\u00eda identifica y recopila en un documento de consulta abierta las mejores pr\u00e1cticas sobre emprendimiento cooperativo en Europa.<\/p>\n","protected":false},"author":6,"featured_media":0,"comment_status":"closed","ping_status":"open","sticky":false,"template":"","format":"standard","meta":{"_monsterinsights_skip_tracking":false,"_monsterinsights_sitenote_active":false,"_monsterinsights_sitenote_note":"","_monsterinsights_sitenote_category":0,"footnotes":""},"categories":[2779,6],"tags":[3932,2436,454,2474,118,166],"class_list":["post-30470111","post","type-post","status-publish","format-standard","hentry","category-docencia-formacion","category-institucional","tag-catedra-el-roble","tag-economia-social","tag-europa","tag-fundacion-universidad-pablo-de-olavide","tag-master","tag-titulo-propio"],"_links":{"self":[{"href":"https:\/\/www.upo.es\/diario\/wp-json\/wp\/v2\/posts\/30470111","targetHints":{"allow":["GET"]}}],"collection":[{"href":"https:\/\/www.upo.es\/diario\/wp-json\/wp\/v2\/posts"}],"about":[{"href":"https:\/\/www.upo.es\/diario\/wp-json\/wp\/v2\/types\/post"}],"author":[{"embeddable":true,"href":"https:\/\/www.upo.es\/diario\/wp-json\/wp\/v2\/users\/6"}],"replies":[{"embeddable":true,"href":"https:\/\/www.upo.es\/diario\/wp-json\/wp\/v2\/comments?post=30470111"}],"version-history":[{"count":8,"href":"https:\/\/www.upo.es\/diario\/wp-json\/wp\/v2\/posts\/30470111\/revisions"}],"predecessor-version":[{"id":30498339,"href":"https:\/\/www.upo.es\/diario\/wp-json\/wp\/v2\/posts\/30470111\/revisions\/30498339"}],"wp:attachment":[{"href":"https:\/\/www.upo.es\/diario\/wp-json\/wp\/v2\/media?parent=30470111"}],"wp:term":[{"taxonomy":"category","embeddable":true,"href":"https:\/\/www.upo.es\/diario\/wp-json\/wp\/v2\/categories?post=30470111"},{"taxonomy":"post_tag","embeddable":true,"href":"https:\/\/www.upo.es\/diario\/wp-json\/wp\/v2\/tags?post=30470111"}],"curies":[{"name":"wp","href":"https:\/\/api.w.org\/{rel}","templated":true}]}}