{"id":3047248,"date":"2014-03-05T10:06:20","date_gmt":"2014-03-05T10:06:20","guid":{"rendered":"https:\/\/www.upo.es\/diario\/?p=3047248"},"modified":"2014-03-05T10:07:31","modified_gmt":"2014-03-05T10:07:31","slug":"superlola-es-una-historia-hecha-desde-el-corazon-y-el-compromiso-con-la-igualdad","status":"publish","type":"post","link":"https:\/\/www.upo.es\/diario\/entrevista\/2014\/03\/superlola-es-una-historia-hecha-desde-el-corazon-y-el-compromiso-con-la-igualdad\/","title":{"rendered":"\u201cSuperLola es una historia hecha desde el coraz\u00f3n y el compromiso con la igualdad\u201d"},"content":{"rendered":"<figure id=\"attachment_3047249\" aria-describedby=\"caption-attachment-3047249\" style=\"width: 320px\" class=\"wp-caption alignright\"><a href=\"https:\/\/www.upo.es\/diario\/wp-content\/uploads\/2014\/03\/gemaotero1.jpg\"><img loading=\"lazy\" decoding=\"async\" class=\"size-medium wp-image-3047249\" alt=\"Gema Otero con un ejemplar de SuperLola en la UPO\" src=\"https:\/\/www.upo.es\/diario\/wp-content\/uploads\/2014\/03\/gemaotero1-320x213.jpg\" width=\"320\" height=\"213\" srcset=\"https:\/\/www.upo.es\/diario\/wp-content\/uploads\/2014\/03\/gemaotero1-320x213.jpg 320w, https:\/\/www.upo.es\/diario\/wp-content\/uploads\/2014\/03\/gemaotero1-1024x682.jpg 1024w, https:\/\/www.upo.es\/diario\/wp-content\/uploads\/2014\/03\/gemaotero1-600x400.jpg 600w\" sizes=\"auto, (max-width: 320px) 100vw, 320px\" \/><\/a><figcaption id=\"caption-attachment-3047249\" class=\"wp-caption-text\">Gema Otero, experta en G\u00e9nero e Igualdad de Oportunidades por la UPO y creadora de SuperLola<\/figcaption><\/figure>\n<p><b>Lola sue\u00f1a con un mundo mejor en el que todas las ni\u00f1as y ni\u00f1os se sientan libres para ser lo que quieran. As\u00ed se presenta la protagonista de SuperLola, un cuento coeducativo que habla de la igualdad con un lenguaje muy sencillo y que forma parte de una iniciativa llena de ilusi\u00f3n, alegr\u00eda y cari\u00f1o. La historia de\u00a0 SuperLola, que se presenta en dos formatos, un libro y un v\u00eddeo, ha sido creada por Gema Otero, experta en G\u00e9nero e Igualdad de Oportunidades por la Universidad Pablo de Olavide, quien nos habla en esta entrevista de la importancia de educar a los m\u00e1s peque\u00f1os para combatir las desigualdades de g\u00e9nero.<\/b><\/p>\n<p><b>\u00bfQui\u00e9n es SuperLola?<\/b><\/p>\n<p>SuperLola es una ni\u00f1a inquieta, divertida y valiente que quiere cambiar el mundo. Ella quiere ser superhero\u00edna, as\u00ed que se pasa todo el d\u00eda corriendo de un lado a otro para ser cada vez m\u00e1s fuerte o leyendo libros de mujeres valientes que tambi\u00e9n cambiaron el mundo.<\/p>\n<p><b>\u00bfC\u00f3mo surge la idea de plasmar las aventuras de esta peque\u00f1a hero\u00edna en un cuento?<\/b><\/p>\n<p>SuperLola nace como un proyecto personal en forma de relato oral que cuento a mi hija Lola para que aprenda a ver la vida desde el inconformismo y la valent\u00eda. Un poco m\u00e1s adelante empiezo a utilizar esta historia como material de apoyo en los talleres coeducativos que imparto en diferentes centros educativos de Andaluc\u00eda. Esta experiencia\u00a0 me lleva a embarcarme en un nuevo proyecto profesional llamado <a href=\"http:\/\/lasramalilla.wordpress.com\/\">La Se\u00f1ora Malilla<\/a> y que tiene como objetivo la creaci\u00f3n y difusi\u00f3n de materiales did\u00e1cticos, l\u00fadicos y creativos que permitan trabajar los valores coeducativos en las aulas y fuera de ellas.<\/p>\n<p><b>\u00bfQu\u00e9 mensajes quiere transmitir a trav\u00e9s de esta iniciativa?<\/b><\/p>\n<p>Este cuento es un camino lleno de ventanas abiertas. Es una historia que invita a ver y sentir el mundo de otra manera y que muestra nuevos modelos de ni\u00f1as al margen de los roles y los estereotipos que marca nuestra cultura de g\u00e9nero. Esta historia permite trabajar con ni\u00f1as y ni\u00f1os el valor de la igualdad a trav\u00e9s de la libertad de elegir el camino a seguir,\u00a0 del respeto a las diferencias o de la visibilizaci\u00f3n del papel de las mujeres en todos los \u00e1mbitos de la vida.<\/p>\n<p>La coeducaci\u00f3n permite tomar conciencia de las desigualdades de g\u00e9nero y de c\u00f3mo \u00e9stas facilitan y perpet\u00faan la sobrevaloraci\u00f3n de \u201clo masculino\u201d frente a \u201clo femenino\u201d. A trav\u00e9s de la educaci\u00f3n en igualdad,\u00a0 ni\u00f1os y ni\u00f1as aprenden nuevas formas de jugar y de relacionarse entre s\u00ed.\u00a0 Es importante trabajar en los ni\u00f1os valores esenciales como el cuidado, la libre expresi\u00f3n de sentimientos y emociones personales o el trabajo dom\u00e9stico como motor fundamental de la econom\u00eda. Mientras que en las ni\u00f1as es vital trabajar el empoderamiento, la autonom\u00eda\u00a0 o la toma de conciencia de su propio cuerpo.<\/p>\n<p><b>\u00bfQui\u00e9nes forman parte de La Se\u00f1ora Malilla?<\/b><\/p>\n<p>La Se\u00f1ora Malilla est\u00e1 formada por\u00a0 mi compa\u00f1ero\u00a0 Juan Antonio Mu\u00f1oz y yo. \u00c9l se encarga de ilustrar y animar cada historia que escribo. Tambi\u00e9n es el responsable de dise\u00f1ar y maquetar nuestros cuentos por lo que es una pieza clave en este proyecto.<\/p>\n<p>Mi labor es la de crear y escribir las historias. Mi formaci\u00f3n en G\u00e9nero ha sido una ayuda vital\u00a0 para abordar la coeducaci\u00f3n de manera transversal en todos mis escritos. Soy Licenciada en Historia, y aunque ya ten\u00eda formaci\u00f3n y experiencia en G\u00e9nero, hice el <a href=\"http:\/\/www.upo.es\/postgrado\/Master-Oficial-Genero-e-Igualdad\">M\u00e1ster de G\u00e9nero e Igualdad en la Universidad Pablo de Olavide<\/a> para seguir el camino iniciado hac\u00eda algunos a\u00f1os. Fue una experiencia muy positiva porque me ayud\u00f3 a profundizar en temas como la Econom\u00eda desde la perspectiva de g\u00e9nero o la Historia de la Teor\u00eda Feminista. Ahora siento que fue el inicio de un camino que ya no tiene vuelta atr\u00e1s. Mi forma de ver y sentir el mundo pasa por una revisi\u00f3n cr\u00edtica constante de todo lo que sigo aprendiendo y desaprendiendo en la vida. Queda mucho por deconstruir dentro de m\u00ed,\u00a0 pero esa es una batalla personal y profesional que me acompa\u00f1ar\u00e1 para siempre\u2026<\/p>\n<p><b>El cuento est\u00e1 teniendo mucho \u00e9xito, se distribuye en diferentes librer\u00edas y en poco tiempo el v\u00eddeo cuenta con m\u00e1s de 30.000 visitas en youtube, \u00bfcu\u00e1l es el secreto?<\/b><\/p>\n<p>SuperLola no tiene secretos. Es una historia hecha desde el coraz\u00f3n y el compromiso con la igualdad. La clave puede ser la sencillez de su lenguaje y\u00a0 la forma de abordar nuevos modelos de ser y estar en el mundo.\u00a0 El <a href=\"http:\/\/www.youtube.com\/watch?v=LVAfqiVM9qw\">v\u00eddeo cuento<\/a>, animado por Juan Mu\u00f1oz,\u00a0 ha supuesto un impulso muy importante para este proyecto. Gracias a la voz en off de mi hija Lola y a la m\u00fasica de Fernando N\u00fa\u00f1ez, el material supone una herramienta did\u00e1ctica muy \u00fatil para trabajar con ella dentro y fuera de las aulas. Nuestra intenci\u00f3n era llegar a todo el mundo y facilitar este recurso tanto a profesionales de la educaci\u00f3n como a las familias. En una semana alcanzamos miles de visitas en youtube y empezamos a realizar presentaciones del cuento en colaboraci\u00f3n con \u00e1reas de Cultura e Igualdad de diferentes ayuntamientos y a impartir talleres dentro y fuera de Andaluc\u00eda.<\/p>\n<p>En estos momentos alcanzamos algo m\u00e1s de las 30.000 visitas y nuestros libros empiezan a distribuirse a trav\u00e9s de nuestra <a href=\"http:\/\/lasramalilla.wordpress.com\/\">p\u00e1gina web<\/a> y de\u00a0 algunas librer\u00edas. Es un sue\u00f1o hecho realidad.<\/p>\n<p><b>\u00bfC\u00f3mo reaccionan ni\u00f1os y ni\u00f1as cuando imparte los talleres en los centros educativos?<\/b><\/p>\n<p>De forma muy positiva y reveladora. Siempre invito a los tutores y tutoras que me acompa\u00f1en durante el desarrollo de los talleres para que recojan toda la informaci\u00f3n aportada por el alumnado. Durante las sesiones, ni\u00f1as y ni\u00f1os expresan sus deseos, sentimientos y emociones que quedan reflejadas en los dibujos que realizan al final de cada sesi\u00f3n. Es interesante ver de primera mano c\u00f3mo las ni\u00f1as se dibujan junto a SuperLola viviendo aventuras o se representan ellas mismas como superhero\u00ednas que asumen el control de las escenas. O c\u00f3mo muchos ni\u00f1os muestran dibujos en los que asumen un papel secundario y acompa\u00f1an a SuperLola cogidos de la mano sin m\u00e1s. En muchas de estos talleres surgen preguntas como \u00bflos ni\u00f1os pueden jugar con mu\u00f1ecas, verdad? o \u00bflas ni\u00f1as pueden ser superhero\u00ednas? Estas cuestiones son el reflejo de una sociedad que no permite que ni\u00f1as y ni\u00f1os jueguen de forma libre o que se relacionen al margen de lo que dicta \u201cla norma\u201d.<\/p>\n<p><b>\u00bfEn qu\u00e9 nuevos proyectos trabaja actualmente?<\/b><\/p>\n<p>En estos momentos me encuentro inmersa en la difusi\u00f3n de SuperLola, en la formaci\u00f3n en G\u00e9nero e Igualdad y en el proceso creativo de nuevos cuentos coeducativos como \u201cLalo, el pr\u00edncipe rosa\u201d que muestra otras formas de vivir y sentir la masculinidad,\u00a0 \u201cCirculitos en la barriga\u201d, que trata de la libertad de las mujeres a decidir si quieren o no quieren ser madres, o \u201cCoraz\u00f3n ovillo\u201d, un cuento que reflexiona sobre los v\u00ednculos amorosos y la importancia de la autonom\u00eda personal en ni\u00f1as y ni\u00f1os. La Se\u00f1ora Malilla sigue adelante, en esta loca y maravillosa aventura.<\/p>\n<p>M\u00e1s informaci\u00f3n sobre La Se\u00f1ora Malilla:<br \/>\n<a href=\"http:\/\/lasramalilla.wordpress.com\/\">http:\/\/lasramalilla.wordpress.com\/<\/a> \/\/ <a href=\"https:\/\/es-es.facebook.com\/pages\/La-Se%C3%B1ora-Malilla\/416437841787069\">Facebook \u201cLa Se\u00f1ora Malilla\u201d<\/a><\/p>\n<p><iframe loading=\"lazy\" src=\"\/\/www.youtube.com\/embed\/LVAfqiVM9qw\" height=\"338\" width=\"600\" allowfullscreen=\"\" frameborder=\"0\"><\/iframe><\/p>\n","protected":false},"excerpt":{"rendered":"<p>Lola sue\u00f1a con un mundo mejor en el que todas las ni\u00f1as y ni\u00f1os se sientan libres para ser lo que quieran. As\u00ed se presenta la protagonista de SuperLola, un cuento coeducativo que habla de la igualdad con un lenguaje muy sencillo y que forma parte de una iniciativa llena de ilusi\u00f3n, alegr\u00eda y cari\u00f1o. La historia de  SuperLola, que se presenta en dos formatos, un libro y un v\u00eddeo, ha sido creada por Gema Otero, experta en G\u00e9nero e Igualdad de Oportunidades por la Universidad Pablo de Olavide, quien nos habla en esta entrevista de la importancia de educar a los m\u00e1s peque\u00f1os para combatir las desigualdades de g\u00e9nero<\/p>\n","protected":false},"author":6,"featured_media":3047250,"comment_status":"closed","ping_status":"open","sticky":false,"template":"","format":"standard","meta":{"_monsterinsights_skip_tracking":false,"_monsterinsights_sitenote_active":false,"_monsterinsights_sitenote_note":"","_monsterinsights_sitenote_category":0,"footnotes":""},"categories":[24],"tags":[350,1200,465,336,517,401],"class_list":["post-3047248","post","type-post","status-publish","format-standard","has-post-thumbnail","hentry","category-entrevista","tag-comunicacion","tag-dia-internacional-de-las-mujeres","tag-educacion","tag-genero","tag-igualdad","tag-literatura"],"_links":{"self":[{"href":"https:\/\/www.upo.es\/diario\/wp-json\/wp\/v2\/posts\/3047248","targetHints":{"allow":["GET"]}}],"collection":[{"href":"https:\/\/www.upo.es\/diario\/wp-json\/wp\/v2\/posts"}],"about":[{"href":"https:\/\/www.upo.es\/diario\/wp-json\/wp\/v2\/types\/post"}],"author":[{"embeddable":true,"href":"https:\/\/www.upo.es\/diario\/wp-json\/wp\/v2\/users\/6"}],"replies":[{"embeddable":true,"href":"https:\/\/www.upo.es\/diario\/wp-json\/wp\/v2\/comments?post=3047248"}],"version-history":[{"count":3,"href":"https:\/\/www.upo.es\/diario\/wp-json\/wp\/v2\/posts\/3047248\/revisions"}],"predecessor-version":[{"id":3047252,"href":"https:\/\/www.upo.es\/diario\/wp-json\/wp\/v2\/posts\/3047248\/revisions\/3047252"}],"wp:featuredmedia":[{"embeddable":true,"href":"https:\/\/www.upo.es\/diario\/wp-json\/wp\/v2\/media\/3047250"}],"wp:attachment":[{"href":"https:\/\/www.upo.es\/diario\/wp-json\/wp\/v2\/media?parent=3047248"}],"wp:term":[{"taxonomy":"category","embeddable":true,"href":"https:\/\/www.upo.es\/diario\/wp-json\/wp\/v2\/categories?post=3047248"},{"taxonomy":"post_tag","embeddable":true,"href":"https:\/\/www.upo.es\/diario\/wp-json\/wp\/v2\/tags?post=3047248"}],"curies":[{"name":"wp","href":"https:\/\/api.w.org\/{rel}","templated":true}]}}