{"id":3049527,"date":"2014-03-06T06:46:47","date_gmt":"2014-03-06T06:46:47","guid":{"rendered":"https:\/\/www.upo.es\/diario\/?p=3049527"},"modified":"2014-03-06T07:46:08","modified_gmt":"2014-03-06T07:46:08","slug":"manana-en-la-upo-conferencia-de-ana-isabel-lima-sobre-la-crisis-en-la-profesion-del-trabajo-social","status":"publish","type":"post","link":"https:\/\/www.upo.es\/diario\/institucional\/2014\/03\/manana-en-la-upo-conferencia-de-ana-isabel-lima-sobre-la-crisis-en-la-profesion-del-trabajo-social\/","title":{"rendered":"Hoy en la UPO, conferencia de Ana Isabel Lima sobre la crisis en la profesi\u00f3n del Trabajo Social"},"content":{"rendered":"<p>Hoy jueves, 6 de marzo, a las 17 horas en la sala de grados del edificio 7 de la Universidad Pablo de Olavide, continuar\u00e1<b> el ciclo de conferencias \u201cNuevos escenarios: desaf\u00edos y oportunidades para el Trabajo Social\u201d<\/b> con la pen\u00faltima ponencia \u201cEl futuro del trabajo social: abriendo caminos\u00bb, impartida por Ana Isabel Lima Fern\u00e1ndez, presidenta del Consejo General del Trabajo Social.<\/p>\n<p>Este ciclo, que se celebrar\u00e1 hasta el mes de mayo, tiene como objetivo favorecer un espacio de reflexi\u00f3n y discusi\u00f3n acerca de las transformaciones en el contexto de intervenci\u00f3n social y su impacto en el hacer profesional del Trabajo Social. Esta actividad est\u00e1 dirigida tanto a profesionales y profesorado como a estudiantes de Trabajo Social.<\/p>\n<p>El ciclo de conferencias est\u00e1 organizado por la Facultad de Ciencias Sociales y el Departamento de Trabajo Social y Servicios Sociales de la UPO y por el Colegio Oficial de Diplomados en Trabajo Social y Asistentes Sociales de Sevilla. La actividad se compone de cuatro conferencias y concluye con un taller de reflexi\u00f3n y evaluaci\u00f3n acerca de los nuevos escenarios para el Trabajo Social. Se ha confirmado recientemente la presencia de Joaqu\u00edn Garc\u00eda Roca, doctor en Sociolog\u00eda, para la \u00faltima de estas conferencias.<\/p>\n<p><b>Ana Isabel Lima Fern\u00e1ndez <\/b>es, desde 2006, presidenta del Consejo General del Trabajo Social y vicepresidenta\u00a0en\u00a0Comit\u00e9 Espa\u00f1ol de Bienestar Social. Trabaja tambi\u00e9n como docente de diplomatura y postgrados en la <a href=\"http:\/\/es.linkedin.com\/company\/uned?trk=ppro_cprof\">Universidad Nacional de Educaci\u00f3n a Distancia<\/a> (UNED), asesora de la Federaci\u00f3n Espa\u00f1ola de Municipios y Provincias (FEMP) y como miembro de la Comisi\u00f3n Permanente\u00a0en\u00a0Federaci\u00f3n Internacional de Trabajadores sociales de Europa (FITS Europa).<\/p>\n<p>&nbsp;<\/p>\n","protected":false},"excerpt":{"rendered":"<p>Este ciclo, que se celebrar\u00e1 hasta el mes de mayo, tiene como objetivo favorecer un espacio de reflexi\u00f3n y discusi\u00f3n acerca de las transformaciones en el contexto de intervenci\u00f3n social y su impacto en el hacer profesional del Trabajo Social.<\/p>\n","protected":false},"author":6,"featured_media":0,"comment_status":"closed","ping_status":"open","sticky":false,"template":"","format":"standard","meta":{"_monsterinsights_skip_tracking":false,"_monsterinsights_sitenote_active":false,"_monsterinsights_sitenote_note":"","_monsterinsights_sitenote_category":0,"footnotes":""},"categories":[6],"tags":[227,144,191,438,793,103],"class_list":["post-3049527","post","type-post","status-publish","format-standard","hentry","category-institucional","tag-conferencia","tag-crisis","tag-desempleo","tag-empleo","tag-intervencion-social","tag-trabajo-social"],"_links":{"self":[{"href":"https:\/\/www.upo.es\/diario\/wp-json\/wp\/v2\/posts\/3049527","targetHints":{"allow":["GET"]}}],"collection":[{"href":"https:\/\/www.upo.es\/diario\/wp-json\/wp\/v2\/posts"}],"about":[{"href":"https:\/\/www.upo.es\/diario\/wp-json\/wp\/v2\/types\/post"}],"author":[{"embeddable":true,"href":"https:\/\/www.upo.es\/diario\/wp-json\/wp\/v2\/users\/6"}],"replies":[{"embeddable":true,"href":"https:\/\/www.upo.es\/diario\/wp-json\/wp\/v2\/comments?post=3049527"}],"version-history":[{"count":2,"href":"https:\/\/www.upo.es\/diario\/wp-json\/wp\/v2\/posts\/3049527\/revisions"}],"predecessor-version":[{"id":3057582,"href":"https:\/\/www.upo.es\/diario\/wp-json\/wp\/v2\/posts\/3049527\/revisions\/3057582"}],"wp:attachment":[{"href":"https:\/\/www.upo.es\/diario\/wp-json\/wp\/v2\/media?parent=3049527"}],"wp:term":[{"taxonomy":"category","embeddable":true,"href":"https:\/\/www.upo.es\/diario\/wp-json\/wp\/v2\/categories?post=3049527"},{"taxonomy":"post_tag","embeddable":true,"href":"https:\/\/www.upo.es\/diario\/wp-json\/wp\/v2\/tags?post=3049527"}],"curies":[{"name":"wp","href":"https:\/\/api.w.org\/{rel}","templated":true}]}}