{"id":3049531,"date":"2014-03-06T06:44:57","date_gmt":"2014-03-06T06:44:57","guid":{"rendered":"https:\/\/www.upo.es\/diario\/?p=3049531"},"modified":"2014-03-06T11:25:36","modified_gmt":"2014-03-06T11:25:36","slug":"la-upo-se-suma-al-festival-miradas-de-mujeres-con-el-taller-viajando-el-paraiso","status":"publish","type":"post","link":"https:\/\/www.upo.es\/diario\/cultura\/2014\/03\/la-upo-se-suma-al-festival-miradas-de-mujeres-con-el-taller-viajando-el-paraiso\/","title":{"rendered":"La UPO se suma al Festival Miradas de Mujeres con el taller \u201cViajando el Para\u00edso\u201d a cargo de Mar\u00eda Ortega"},"content":{"rendered":"<figure id=\"attachment_3058937\" aria-describedby=\"caption-attachment-3058937\" style=\"width: 320px\" class=\"wp-caption alignright\"><a href=\"https:\/\/www.upo.es\/diario\/wp-content\/uploads\/2014\/03\/Viajando-Paraiso_19.jpg\"><img loading=\"lazy\" decoding=\"async\" class=\"size-medium wp-image-3058937\" alt=\"Mar\u00eda Ortega con los participantes en el taller\" src=\"https:\/\/www.upo.es\/diario\/wp-content\/uploads\/2014\/03\/Viajando-Paraiso_19-320x213.jpg\" width=\"320\" height=\"213\" srcset=\"https:\/\/www.upo.es\/diario\/wp-content\/uploads\/2014\/03\/Viajando-Paraiso_19-320x213.jpg 320w, https:\/\/www.upo.es\/diario\/wp-content\/uploads\/2014\/03\/Viajando-Paraiso_19-1024x682.jpg 1024w, https:\/\/www.upo.es\/diario\/wp-content\/uploads\/2014\/03\/Viajando-Paraiso_19-600x400.jpg 600w\" sizes=\"auto, (max-width: 320px) 100vw, 320px\" \/><\/a><figcaption id=\"caption-attachment-3058937\" class=\"wp-caption-text\">El Taller &#8216;Viajando el Para\u00edso&#8217; ha comenzado hoy en la UPO<\/figcaption><\/figure>\n<p>Mar\u00eda Ortega, artista pl\u00e1stica y arteterapeuta, imparte desde hoy jueves en la Universidad Pablo de Olavide el taller \u201cViajando el Para\u00edso-Travelling Paradise\u201d. Con esta actividad, la UPO se suma al <a href=\"http:\/\/festivalmiradasdemujeres.es\/\">Festival Miradas de Mujeres<\/a>, certamen que se celebra simult\u00e1neamente en toda Espa\u00f1a durante el mes de marzo con el objetivo de dar a conocer la obra de mujeres en las artes visuales.<\/p>\n<p>Hasta el pr\u00f3ximo s\u00e1bado 8 de marzo, de 10 a 14 horas en el espacio cultural \u2018Antigua guarder\u00eda\u2019 del campus, se desarrollar\u00e1 este taller que forma parte del proyecto Atalaya \u2018Arte y compromiso\u2019, coordinado por la UPO y financiado por la Consejer\u00eda de Econom\u00eda, Innovaci\u00f3n, Ciencia y Empleo, de la Junta de Andaluc\u00eda.<\/p>\n<p>En palabras de <a href=\"http:\/\/www.mariaortegaestepa.com\/\">Mar\u00eda Ortega<\/a> el objetivo del taller es \u2018desarrollar y profundizar en el arte como herramienta de transformaci\u00f3n social\u2019. Ser\u00e1 tambi\u00e9n Mar\u00eda Ortega quien realice, entre los d\u00edas 27 de marzo y 1 de abril, un mural en la plaza de Andaluc\u00eda de la UPO, tambi\u00e9n enmarcado en el Festival Miradas de Mujeres, con el t\u00edtulo \u201cViajando el Para\u00edso\u201d.<\/p>\n<p>&nbsp;<\/p>\n<p align=\"center\"><b>Taller \u201cViajando el Para\u00edso-Travelling Paradise\u201d<br \/>\n<\/b>Espacio Cultural \u2018Antigua Guarder\u00eda\u2019. UPO<br \/>\n6, 7 y 8 de marzo. De 10 a 14 horas<\/p>\n<p>Programa:<\/p>\n<p><b>6 de marzo<\/b><\/p>\n<p>Presentaci\u00f3n te\u00f3rica:<br \/>\nArte e Intervenci\u00f3n Social: An\u00e1lisis de la experiencia<\/p>\n<p><b>7 de marzo<\/b><\/p>\n<p>Taller experiencial: Creatividad para la vida<\/p>\n<p><b>8 de marzo<\/b><\/p>\n<p>Taller pr\u00e1ctico: Arte, Creatividad e Intervenci\u00f3n social. Propuesta en colaboraci\u00f3n con Asociaciones de Personas con Discapacidad Intelectual.<\/p>\n<p>Fase I: Personas con discapacidad en un contexto universitario: Mil formas diferentes de ser capaz<\/p>\n<p>Fase II: Mirar hacia la exclusi\u00f3n desde la praxis: puesta en com\u00fan de la pr\u00e1ctica<\/p>\n<p>&nbsp;<\/p>\n","protected":false},"excerpt":{"rendered":"<p>Mar\u00eda Ortega, artista pl\u00e1stica y arteterapeuta, imparte desde hoy jueves en la Universidad Pablo de Olavide el taller \u201cViajando el Para\u00edso-Travelling Paradise\u201d. Con esta actividad, la UPO se suma al Festival Miradas de Mujeres, certamen que se celebra simult\u00e1neamente en toda Espa\u00f1a durante el mes de marzo con el objetivo de dar a conocer la obra de mujeres en las artes visuales.<\/p>\n","protected":false},"author":6,"featured_media":0,"comment_status":"closed","ping_status":"open","sticky":false,"template":"","format":"standard","meta":{"_monsterinsights_skip_tracking":false,"_monsterinsights_sitenote_active":false,"_monsterinsights_sitenote_note":"","_monsterinsights_sitenote_category":0,"footnotes":""},"categories":[7],"tags":[265,1200,1210,741,793,94,279],"class_list":["post-3049531","post","type-post","status-publish","format-standard","hentry","category-cultura","tag-arte","tag-dia-internacional-de-las-mujeres","tag-discapacidad","tag-festival","tag-intervencion-social","tag-proyecto-atalaya","tag-taller"],"_links":{"self":[{"href":"https:\/\/www.upo.es\/diario\/wp-json\/wp\/v2\/posts\/3049531","targetHints":{"allow":["GET"]}}],"collection":[{"href":"https:\/\/www.upo.es\/diario\/wp-json\/wp\/v2\/posts"}],"about":[{"href":"https:\/\/www.upo.es\/diario\/wp-json\/wp\/v2\/types\/post"}],"author":[{"embeddable":true,"href":"https:\/\/www.upo.es\/diario\/wp-json\/wp\/v2\/users\/6"}],"replies":[{"embeddable":true,"href":"https:\/\/www.upo.es\/diario\/wp-json\/wp\/v2\/comments?post=3049531"}],"version-history":[{"count":6,"href":"https:\/\/www.upo.es\/diario\/wp-json\/wp\/v2\/posts\/3049531\/revisions"}],"predecessor-version":[{"id":3049534,"href":"https:\/\/www.upo.es\/diario\/wp-json\/wp\/v2\/posts\/3049531\/revisions\/3049534"}],"wp:attachment":[{"href":"https:\/\/www.upo.es\/diario\/wp-json\/wp\/v2\/media?parent=3049531"}],"wp:term":[{"taxonomy":"category","embeddable":true,"href":"https:\/\/www.upo.es\/diario\/wp-json\/wp\/v2\/categories?post=3049531"},{"taxonomy":"post_tag","embeddable":true,"href":"https:\/\/www.upo.es\/diario\/wp-json\/wp\/v2\/tags?post=3049531"}],"curies":[{"name":"wp","href":"https:\/\/api.w.org\/{rel}","templated":true}]}}