{"id":30497683,"date":"2019-02-14T03:41:52","date_gmt":"2019-02-14T03:41:52","guid":{"rendered":"https:\/\/www.upo.es\/diario\/?p=30497683"},"modified":"2019-02-14T13:32:34","modified_gmt":"2019-02-14T13:32:34","slug":"pedro-rodriguez-lopez-de-lemus-imparte-en-la-upo-en-seminario-aspectos-legales-del-comercio-electronico","status":"publish","type":"post","link":"https:\/\/www.upo.es\/diario\/docencia-formacion\/2019\/02\/pedro-rodriguez-lopez-de-lemus-imparte-en-la-upo-en-seminario-aspectos-legales-del-comercio-electronico\/","title":{"rendered":"Pedro Rodr\u00edguez L\u00f3pez de Lemus imparte en la UPO el seminario &#8216;Aspectos legales del comercio electr\u00f3nico&#8217;"},"content":{"rendered":"<figure id=\"attachment_30497684\" aria-describedby=\"caption-attachment-30497684\" style=\"width: 320px\" class=\"wp-caption alignright\"><a href=\"https:\/\/www.upo.es\/diario\/wp-content\/uploads\/2019\/02\/VIDAS-DE-MIS-AMIGOS-ESCRITORES1.jpg\"><img loading=\"lazy\" decoding=\"async\" class=\"size-medium wp-image-30497684\" alt=\"Pedro Rodr\u00edguez L\u00f3pez de Lemus\" src=\"https:\/\/www.upo.es\/diario\/wp-content\/uploads\/2019\/02\/VIDAS-DE-MIS-AMIGOS-ESCRITORES1-320x180.jpg\" width=\"320\" height=\"180\" srcset=\"https:\/\/www.upo.es\/diario\/wp-content\/uploads\/2019\/02\/VIDAS-DE-MIS-AMIGOS-ESCRITORES1-320x180.jpg 320w, https:\/\/www.upo.es\/diario\/wp-content\/uploads\/2019\/02\/VIDAS-DE-MIS-AMIGOS-ESCRITORES1-600x337.jpg 600w, https:\/\/www.upo.es\/diario\/wp-content\/uploads\/2019\/02\/VIDAS-DE-MIS-AMIGOS-ESCRITORES1.jpg 1600w\" sizes=\"auto, (max-width: 320px) 100vw, 320px\" \/><\/a><figcaption id=\"caption-attachment-30497684\" class=\"wp-caption-text\">Pedro Rodr\u00edguez L\u00f3pez de Lemus<\/figcaption><\/figure>\n<p style=\"text-align: justify;\">El pasado 13 de febrero en el Paraninfo de la UPO se celebr\u00f3 el seminario <strong>\u2018Aspectos legales del comercio electr\u00f3nico\u2019<\/strong> impartido por <strong>Pedro Rodr\u00edguez L\u00f3pez de Lemus, presidente de la Asociaci\u00f3n de Abogados Especialistas en Nuevas Tecnolog\u00edas de Andaluc\u00eda (AENTA)<\/strong> y profesor de la Universidad Pablo de Olavide.<\/p>\n<p style=\"text-align: justify;\">Este seminario, organizado por el <strong>\u00c1rea de Derecho Mercantil de la UPO<\/strong>, ha abordado las principales normativas que afectan a la actividad empresarial en Internet, bien sea a trav\u00e9s de p\u00e1ginas web o de aplicaciones para dispositivos m\u00f3viles. Asimismo, se han analizado los diez aspectos principales que deben tenerse en cuenta a la hora de establecer relaciones comerciales en Internet, tanto desde el punto de vista de los usuarios y consumidores como de los empresarios. En este sentido, se ha destacado las nuevas exigencias en materia de privacidad que recientemente han establecido el Reglamento General de Protecci\u00f3n de Datos y la nueva Ley Org\u00e1nica de Protecci\u00f3n de Datos; los riesgos y ventajas de los distintos medios de pago online; c\u00f3mo informar de forma efectiva sobre las cookies, o el derecho de desistirse de las compras realizadas a trav\u00e9s de Internet.<\/p>\n<p style=\"text-align: justify;\"><strong>Pedro Rodr\u00edguez L\u00f3pez de Lemus<\/strong> es abogado especialista en Protecci\u00f3n de Datos, Derecho Digital y de Internet en L\u00f3pez de Lemus Abogados y profesor universitario del \u00c1rea de Derecho Mercantil de la UPO. Adem\u00e1s, es coordinador de la Escuela de Aspectos Normativos y Legales de la Universidad Corporativa del Sector TIC Andaluz y mediador inscrito en el Registro de Mediadores del Ministerio de Justicia. Es presidente de la Asociaci\u00f3n de Abogados Especialistas en Nuevas Tecnolog\u00edas de Andaluc\u00eda y miembro de la Comisi\u00f3n TIC del Ilustre Colegio de Abogados de Sevilla y de la Comisi\u00f3n de Protecci\u00f3n de Datos en Andaluc\u00eda de AENTA. Cuenta con el premio protecci\u00f3n de datos 2012 de investigaci\u00f3n (acc\u00e9sit) de la Agencia Espa\u00f1ola de Protecci\u00f3n de Datos. Es coautor de los libros \u201cLas tecnolog\u00edas de la informaci\u00f3n y la comunicaci\u00f3n en la Administraci\u00f3n de Justicia\u201d (Aranzadi), \u201cComentario a la Ley Org\u00e1nica de Protecci\u00f3n de Datos de car\u00e1cter personal\u201d (C\u00edvitas), y \u201cLa empresa ante la normativa sobre protecci\u00f3n de datos\u201d (C\u00e1mara de Comercio de Sevilla); y autor de diversos manuales de implantaci\u00f3n LOPD para distintos sectores profesionales.<\/p>\n<p style=\"text-align: justify;\">\n","protected":false},"excerpt":{"rendered":"<p>Este seminario, organizado por el \u00c1rea de Derecho Mercantil de la UPO, ha abordado las principales normativas que afectan a la actividad empresarial en Internet, bien sea a trav\u00e9s de p\u00e1ginas web o de aplicaciones para dispositivos m\u00f3viles. Asimismo, se han analizado los diez aspectos principales que deben tenerse en cuenta a la hora de establecer relaciones comerciales en Internet, tanto desde el punto de vista de los usuarios y consumidores como de los empresarios.<\/p>\n","protected":false},"author":4,"featured_media":0,"comment_status":"closed","ping_status":"open","sticky":false,"template":"","format":"standard","meta":{"_monsterinsights_skip_tracking":false,"_monsterinsights_sitenote_active":false,"_monsterinsights_sitenote_note":"","_monsterinsights_sitenote_category":0,"footnotes":""},"categories":[2779],"tags":[5793,2101,81,2072,198],"class_list":["post-30497683","post","type-post","status-publish","format-standard","hentry","category-docencia-formacion","tag-area-de-derecho-mercantil","tag-comercio-electronico","tag-facultad-de-derecho","tag-pedro-rodriguez-lopez-de-lemus","tag-proteccion-de-datos"],"_links":{"self":[{"href":"https:\/\/www.upo.es\/diario\/wp-json\/wp\/v2\/posts\/30497683","targetHints":{"allow":["GET"]}}],"collection":[{"href":"https:\/\/www.upo.es\/diario\/wp-json\/wp\/v2\/posts"}],"about":[{"href":"https:\/\/www.upo.es\/diario\/wp-json\/wp\/v2\/types\/post"}],"author":[{"embeddable":true,"href":"https:\/\/www.upo.es\/diario\/wp-json\/wp\/v2\/users\/4"}],"replies":[{"embeddable":true,"href":"https:\/\/www.upo.es\/diario\/wp-json\/wp\/v2\/comments?post=30497683"}],"version-history":[{"count":5,"href":"https:\/\/www.upo.es\/diario\/wp-json\/wp\/v2\/posts\/30497683\/revisions"}],"predecessor-version":[{"id":30497686,"href":"https:\/\/www.upo.es\/diario\/wp-json\/wp\/v2\/posts\/30497683\/revisions\/30497686"}],"wp:attachment":[{"href":"https:\/\/www.upo.es\/diario\/wp-json\/wp\/v2\/media?parent=30497683"}],"wp:term":[{"taxonomy":"category","embeddable":true,"href":"https:\/\/www.upo.es\/diario\/wp-json\/wp\/v2\/categories?post=30497683"},{"taxonomy":"post_tag","embeddable":true,"href":"https:\/\/www.upo.es\/diario\/wp-json\/wp\/v2\/tags?post=30497683"}],"curies":[{"name":"wp","href":"https:\/\/api.w.org\/{rel}","templated":true}]}}