{"id":30498993,"date":"2019-02-14T11:03:28","date_gmt":"2019-02-14T11:03:28","guid":{"rendered":"https:\/\/www.upo.es\/diario\/?p=30498993"},"modified":"2019-02-20T08:10:33","modified_gmt":"2019-02-20T08:10:33","slug":"la-universidad-pablo-de-olavide-entrega-los-primeros-premios-en-estudios-de-genero-e-igualdad","status":"publish","type":"post","link":"https:\/\/www.upo.es\/diario\/institucional\/2019\/02\/la-universidad-pablo-de-olavide-entrega-los-primeros-premios-en-estudios-de-genero-e-igualdad\/","title":{"rendered":"La Universidad Pablo de Olavide entrega los Primeros Premios en Estudios de G\u00e9nero e Igualdad"},"content":{"rendered":"<figure id=\"attachment_30498994\" aria-describedby=\"caption-attachment-30498994\" style=\"width: 600px\" class=\"wp-caption aligncenter\"><a href=\"https:\/\/www.upo.es\/diario\/wp-content\/uploads\/2019\/02\/02_Premios-TFG-TFM-UPO-Igualdad_20190214_4.jpg\"><img loading=\"lazy\" decoding=\"async\" class=\"size-large wp-image-30498994\" alt=\"De izquierda a derecha, Amparo Rubiales, Laura M\u00e1rquez, Gema Valencia y Elodia Hern\u00e1ndez Le\u00f3n. \" src=\"https:\/\/www.upo.es\/diario\/wp-content\/uploads\/2019\/02\/02_Premios-TFG-TFM-UPO-Igualdad_20190214_4-600x337.jpg\" width=\"600\" height=\"337\" srcset=\"https:\/\/www.upo.es\/diario\/wp-content\/uploads\/2019\/02\/02_Premios-TFG-TFM-UPO-Igualdad_20190214_4-600x337.jpg 600w, https:\/\/www.upo.es\/diario\/wp-content\/uploads\/2019\/02\/02_Premios-TFG-TFM-UPO-Igualdad_20190214_4-320x180.jpg 320w\" sizes=\"auto, (max-width: 600px) 100vw, 600px\" \/><\/a><figcaption id=\"caption-attachment-30498994\" class=\"wp-caption-text\">Amparo Rubiales, Laura M\u00e1rquez, Gema Valencia y Elodia Hern\u00e1ndez Le\u00f3n<\/figcaption><\/figure>\n<p>La Universidad Pablo de Olavide ha celebrado hoy jueves 14 de febrero la ceremonia de entrega de los <b>Premios a los mejores Trabajos Fin de Grado y Trabajos Fin de M\u00e1ster que fomentan los Estudios de G\u00e9nero e Igualdad 2019<\/b>. El acto de entrega de la primera edici\u00f3n de estos premios ha sido presidido por Amparo Rubiales Torrej\u00f3n, presidenta del Consejo Social de la UPO, y por Elodia Hern\u00e1ndez Le\u00f3n, vicerrectora de Cultura y Compromiso Social de esta universidad.<\/p>\n<p>As\u00ed, la alumna <b>Laura M\u00e1rquez<\/b> ha recibido el <b>I Premio al Mejor Trabajo Fin de Grado<\/b> por su trabajo titulado <b>\u2018De la habitabilidad en el propio cuerpo a la habitabilidad en el mundo. Las identidades no binarias como trincheras epistemol\u00f3gicas y est\u00e9ticas de resistencia pol\u00edtica en la \u00e9poca postmoderna y globalizada\u2019<\/b>. El jurado destaca de este trabajo \u201cla brillante aportaci\u00f3n al conocimiento sobre identidades de g\u00e9nero, as\u00ed como el dise\u00f1o metodol\u00f3gico, y sus posibilidades de transferencia\u201d.<\/p>\n<p>Por otro lado, el <b>Premio al Trabajo Fin de M\u00e1ster<\/b> ha reca\u00eddo en <b>Gema Valencia Parra<\/b>, por el trabajo titulado \u2018El filtro burbuja y su papel en la polarizaci\u00f3n de posturas contrarias al feminismo. El caso de Facebook\u2019. El jurado ha destacado \u201csu propuesta innovadora, su completo y solvente dise\u00f1o de investigaci\u00f3n en la perspectiva de g\u00e9nero, as\u00ed como el impacto social de sus conclusiones\u201d.<\/p>\n<figure id=\"attachment_30498995\" aria-describedby=\"caption-attachment-30498995\" style=\"width: 320px\" class=\"wp-caption alignright\"><a href=\"https:\/\/www.upo.es\/diario\/wp-content\/uploads\/2019\/02\/01_Premios-TFG-TFM-UPO-Igualdad_20190214_2.jpg\"><img loading=\"lazy\" decoding=\"async\" class=\"size-medium wp-image-30498995\" alt=\"De izquierda a derecha, Laura M\u00e1rquez y Gema Valencia.\" src=\"https:\/\/www.upo.es\/diario\/wp-content\/uploads\/2019\/02\/01_Premios-TFG-TFM-UPO-Igualdad_20190214_2-320x213.jpg\" width=\"320\" height=\"213\" srcset=\"https:\/\/www.upo.es\/diario\/wp-content\/uploads\/2019\/02\/01_Premios-TFG-TFM-UPO-Igualdad_20190214_2-320x213.jpg 320w, https:\/\/www.upo.es\/diario\/wp-content\/uploads\/2019\/02\/01_Premios-TFG-TFM-UPO-Igualdad_20190214_2-600x400.jpg 600w\" sizes=\"auto, (max-width: 320px) 100vw, 320px\" \/><\/a><figcaption id=\"caption-attachment-30498995\" class=\"wp-caption-text\">Laura M\u00e1rquez y Gema Valencia<\/figcaption><\/figure>\n<p>Con el objeto de promover el conocimiento que contribuya a la igualdad real entre mujeres y hombres en la construcci\u00f3n de una sociedad m\u00e1s justa e igualitaria, el <b>Vicerrectorado de Cultura y Compromiso Social<\/b> de la Universidad Pablo de Olavide, a trav\u00e9s de la <b>Oficina para la Igualdad<\/b>, convocar\u00e1 anualmente estos premios que suponen el reconociendo e importancia a la incorporaci\u00f3n del an\u00e1lisis de g\u00e9nero en los estudios e investigaciones que se realicen en el \u00e1mbito cient\u00edfico, dando as\u00ed cumplimiento a la acci\u00f3n 2.8 del eje 2 \u2018Docencia, Innovaci\u00f3n e Investigaci\u00f3n\u2019 del <b>II Plan de Igualdad de la UPO<\/b>.<\/p>\n<p>La vicerrectora de Cultura y Compromiso Social ha puesto en valor \u201cuna acci\u00f3n que es muy nuestra, que ha estado pensada, dise\u00f1ada y ejecutada por el equipo de la Universidad Pablo de Olavide\u201d. Asimismo, Elodia Hern\u00e1ndez ha destacado la calidad de los trabajos presentados, una treintena, \u201cque han incorporado de manera excelente la perspectiva de g\u00e9nero\u201d.<\/p>\n<p>A la inclusi\u00f3n de la perspectiva de g\u00e9nero en la investigaci\u00f3n se ha referido tambi\u00e9n Amparo Rubiales: \u201cMe produce una enorme satisfacci\u00f3n que la Universidad facilite la posibilidad de realizar estos estudios de investigaci\u00f3n. Es un conocimiento transversal que incluyen hoy las universidades pero que en la UPO est\u00e1 presente con especial acierto\u201d.<\/p>\n<p>Por su parte, Candelaria Terce\u00f1o, coordinadora de la Oficina para la Igualdad de la UPO afirma que \u201cestos premios construyen caminos en la investigaci\u00f3n desde el feminismo, para que las mujeres del futuro asuman el protagonismo que les corresponde y para que los hombres asuman la importancia de promover e incorporar la perspectiva de g\u00e9nero en sus investigaciones\u201d.<\/p>\n<p><a title=\"Primeros Premios en Estudios de G\u00e9nero e Igualdad\" href=\"https:\/\/www.flickr.com\/photos\/pablodeolavide\/albums\/72157706814249464\" data-flickr-embed=\"true\" data-header=\"true\"><img loading=\"lazy\" decoding=\"async\" alt=\"Primeros Premios en Estudios de G\u00e9nero e Igualdad\" src=\"https:\/\/farm8.staticflickr.com\/7872\/47093528121_a7bbcebdd0_z.jpg\" width=\"640\" height=\"427\" \/><\/a><script charset=\"utf-8\" type=\"text\/javascript\" src=\"\/\/embedr.flickr.com\/assets\/client-code.js\" async=\"\"><\/script><\/p>\n","protected":false},"excerpt":{"rendered":"<p>La Universidad Pablo de Olavide ha celebrado la ceremonia de entrega de los Premios a los mejores Trabajos Fin de Grado y Trabajos Fin de M\u00e1ster que fomentan los Estudios de G\u00e9nero e Igualdad 2019. El acto de entrega de la primera edici\u00f3n de estos premios ha sido presidido por Amparo Rubiales Torrej\u00f3n, presidenta del Consejo Social de la UPO, y por Elodia Hern\u00e1ndez Le\u00f3n, vicerrectora de Cultura y Compromiso Social de esta universidad. <\/p>\n","protected":false},"author":2,"featured_media":0,"comment_status":"closed","ping_status":"open","sticky":false,"template":"","format":"standard","meta":{"_monsterinsights_skip_tracking":false,"_monsterinsights_sitenote_active":false,"_monsterinsights_sitenote_note":"","_monsterinsights_sitenote_category":0,"footnotes":""},"categories":[6],"tags":[1557,112,747,336,517,2209,58,2667],"class_list":["post-30498993","post","type-post","status-publish","format-standard","hentry","category-institucional","tag-amparo-rubiales","tag-consejo-social","tag-elodia-hernandez","tag-genero","tag-igualdad","tag-oficina-para-la-igualdad","tag-premio","tag-vicerrectorado-de-cultura-y-compromiso-social"],"_links":{"self":[{"href":"https:\/\/www.upo.es\/diario\/wp-json\/wp\/v2\/posts\/30498993","targetHints":{"allow":["GET"]}}],"collection":[{"href":"https:\/\/www.upo.es\/diario\/wp-json\/wp\/v2\/posts"}],"about":[{"href":"https:\/\/www.upo.es\/diario\/wp-json\/wp\/v2\/types\/post"}],"author":[{"embeddable":true,"href":"https:\/\/www.upo.es\/diario\/wp-json\/wp\/v2\/users\/2"}],"replies":[{"embeddable":true,"href":"https:\/\/www.upo.es\/diario\/wp-json\/wp\/v2\/comments?post=30498993"}],"version-history":[{"count":8,"href":"https:\/\/www.upo.es\/diario\/wp-json\/wp\/v2\/posts\/30498993\/revisions"}],"predecessor-version":[{"id":30590288,"href":"https:\/\/www.upo.es\/diario\/wp-json\/wp\/v2\/posts\/30498993\/revisions\/30590288"}],"wp:attachment":[{"href":"https:\/\/www.upo.es\/diario\/wp-json\/wp\/v2\/media?parent=30498993"}],"wp:term":[{"taxonomy":"category","embeddable":true,"href":"https:\/\/www.upo.es\/diario\/wp-json\/wp\/v2\/categories?post=30498993"},{"taxonomy":"post_tag","embeddable":true,"href":"https:\/\/www.upo.es\/diario\/wp-json\/wp\/v2\/tags?post=30498993"}],"curies":[{"name":"wp","href":"https:\/\/api.w.org\/{rel}","templated":true}]}}