{"id":30563497,"date":"2019-02-18T03:59:34","date_gmt":"2019-02-18T03:59:34","guid":{"rendered":"https:\/\/www.upo.es\/diario\/?p=30563497"},"modified":"2019-02-20T21:43:30","modified_gmt":"2019-02-20T21:43:30","slug":"la-fundacion-cajasol-mantiene-su-compromiso-y-colaboracion-con-la-universidad-pablo-de-olavide","status":"publish","type":"post","link":"https:\/\/www.upo.es\/diario\/institucional\/2019\/02\/la-fundacion-cajasol-mantiene-su-compromiso-y-colaboracion-con-la-universidad-pablo-de-olavide\/","title":{"rendered":"La Fundaci\u00f3n Cajasol mantiene su compromiso y colaboraci\u00f3n con la Universidad Pablo de Olavide"},"content":{"rendered":"<figure id=\"attachment_30563498\" aria-describedby=\"caption-attachment-30563498\" style=\"width: 600px\" class=\"wp-caption aligncenter\"><a href=\"https:\/\/www.upo.es\/diario\/wp-content\/uploads\/2019\/02\/antonio-pulido-firma-consejo-social-UPO-fundacion-cajasol-sevilla-7.jpg\"><img loading=\"lazy\" decoding=\"async\" class=\"size-large wp-image-30563498\" alt=\"Vicente Guzm\u00e1n, Antonio Pulido y Amparo Rubiales\" src=\"https:\/\/www.upo.es\/diario\/wp-content\/uploads\/2019\/02\/antonio-pulido-firma-consejo-social-UPO-fundacion-cajasol-sevilla-7-600x400.jpg\" width=\"600\" height=\"400\" srcset=\"https:\/\/www.upo.es\/diario\/wp-content\/uploads\/2019\/02\/antonio-pulido-firma-consejo-social-UPO-fundacion-cajasol-sevilla-7-600x400.jpg 600w, https:\/\/www.upo.es\/diario\/wp-content\/uploads\/2019\/02\/antonio-pulido-firma-consejo-social-UPO-fundacion-cajasol-sevilla-7-320x213.jpg 320w, https:\/\/www.upo.es\/diario\/wp-content\/uploads\/2019\/02\/antonio-pulido-firma-consejo-social-UPO-fundacion-cajasol-sevilla-7.jpg 1000w\" sizes=\"auto, (max-width: 600px) 100vw, 600px\" \/><\/a><figcaption id=\"caption-attachment-30563498\" class=\"wp-caption-text\">Vicente Guzm\u00e1n, Antonio Pulido y Amparo Rubiales<\/figcaption><\/figure>\n<p>La\u00a0<a href=\"http:\/\/www.fundacioncajasol.com\/\">Fundaci\u00f3n Cajasol<\/a>\u00a0y la\u00a0<a href=\"https:\/\/www.upo.es\/portal\/impe\/web\/portada\">Universidad Pablo de Olavide<\/a>\u00a0han renovado el Convenio Marco por el que se establece un espacio de colaboraci\u00f3n entre ambas instituciones, a trav\u00e9s de su Consejo Social, para la realizaci\u00f3n de actividades culturales, sociales y formativas durante todo el a\u00f1o.<\/p>\n<p>El presidente de la Fundaci\u00f3n Cajasol,\u00a0<strong>Antonio Pulido<\/strong>, y el rector de la Universidad Pablo de Olavide,\u00a0<strong>Vicente Guzm\u00e1n,<\/strong> acompa\u00f1ados por\u00a0<strong>Amparo Rubiales<\/strong>, presidenta del Consejo Social de la UPO, han firmado un a\u00f1o m\u00e1s este acuerdo.<\/p>\n","protected":false},"excerpt":{"rendered":"<p>La Fundaci\u00f3n Cajasol y la Universidad Pablo de Olavide han renovado el Convenio Marco por el que se establece un espacio de colaboraci\u00f3n entre ambas instituciones, a trav\u00e9s de su Consejo Social, para la realizaci\u00f3n de actividades culturales, sociales y formativas durante todo el a\u00f1o. El presidente de la Fundaci\u00f3n Cajasol, Antonio Pulido, y el rector de la Universidad Pablo de Olavide, Vicente Guzm\u00e1n, acompa\u00f1ados por Amparo Rubiales, presidenta del Consejo Social de la UPO, han firmado un a\u00f1o m\u00e1s este acuerdo.<\/p>\n","protected":false},"author":6,"featured_media":0,"comment_status":"closed","ping_status":"open","sticky":false,"template":"","format":"standard","meta":{"_monsterinsights_skip_tracking":false,"_monsterinsights_sitenote_active":false,"_monsterinsights_sitenote_note":"","_monsterinsights_sitenote_category":0,"footnotes":""},"categories":[6],"tags":[1557,112,326,2078,38,106],"class_list":["post-30563497","post","type-post","status-publish","format-standard","hentry","category-institucional","tag-amparo-rubiales","tag-consejo-social","tag-convenio","tag-fundacion-cajasol","tag-rector","tag-vicente-c-guzman"],"_links":{"self":[{"href":"https:\/\/www.upo.es\/diario\/wp-json\/wp\/v2\/posts\/30563497","targetHints":{"allow":["GET"]}}],"collection":[{"href":"https:\/\/www.upo.es\/diario\/wp-json\/wp\/v2\/posts"}],"about":[{"href":"https:\/\/www.upo.es\/diario\/wp-json\/wp\/v2\/types\/post"}],"author":[{"embeddable":true,"href":"https:\/\/www.upo.es\/diario\/wp-json\/wp\/v2\/users\/6"}],"replies":[{"embeddable":true,"href":"https:\/\/www.upo.es\/diario\/wp-json\/wp\/v2\/comments?post=30563497"}],"version-history":[{"count":5,"href":"https:\/\/www.upo.es\/diario\/wp-json\/wp\/v2\/posts\/30563497\/revisions"}],"predecessor-version":[{"id":30598858,"href":"https:\/\/www.upo.es\/diario\/wp-json\/wp\/v2\/posts\/30563497\/revisions\/30598858"}],"wp:attachment":[{"href":"https:\/\/www.upo.es\/diario\/wp-json\/wp\/v2\/media?parent=30563497"}],"wp:term":[{"taxonomy":"category","embeddable":true,"href":"https:\/\/www.upo.es\/diario\/wp-json\/wp\/v2\/categories?post=30563497"},{"taxonomy":"post_tag","embeddable":true,"href":"https:\/\/www.upo.es\/diario\/wp-json\/wp\/v2\/tags?post=30563497"}],"curies":[{"name":"wp","href":"https:\/\/api.w.org\/{rel}","templated":true}]}}