{"id":30625869,"date":"2019-02-22T13:05:46","date_gmt":"2019-02-22T13:05:46","guid":{"rendered":"https:\/\/www.upo.es\/diario\/?p=30625869"},"modified":"2019-03-11T22:12:59","modified_gmt":"2019-03-11T22:12:59","slug":"mas-de-un-centenar-de-atletas-con-discapacidad-intelectual-participan-en-la-xx-jornada-de-atletismo-special-olympics","status":"publish","type":"post","link":"https:\/\/www.upo.es\/diario\/comunidad\/2019\/02\/mas-de-un-centenar-de-atletas-con-discapacidad-intelectual-participan-en-la-xx-jornada-de-atletismo-special-olympics\/","title":{"rendered":"M\u00e1s de un centenar de atletas con discapacidad intelectual participan en la XX Jornada de Atletismo Special Olympics"},"content":{"rendered":"<figure id=\"attachment_30625872\" aria-describedby=\"caption-attachment-30625872\" style=\"width: 600px\" class=\"wp-caption aligncenter\"><a href=\"https:\/\/www.upo.es\/diario\/wp-content\/uploads\/2019\/02\/SpecialOlympics-And_20190222_1.jpg\"><img loading=\"lazy\" decoding=\"async\" class=\"size-large wp-image-30625872\" src=\"https:\/\/www.upo.es\/diario\/wp-content\/uploads\/2019\/02\/SpecialOlympics-And_20190222_1-600x337.jpg\" alt=\"Los atletas en una de las carreras celebradas esta ma\u00f1ana en la UPO. \" width=\"600\" height=\"337\" srcset=\"https:\/\/www.upo.es\/diario\/wp-content\/uploads\/2019\/02\/SpecialOlympics-And_20190222_1-600x337.jpg 600w, https:\/\/www.upo.es\/diario\/wp-content\/uploads\/2019\/02\/SpecialOlympics-And_20190222_1-320x180.jpg 320w\" sizes=\"auto, (max-width: 600px) 100vw, 600px\" \/><\/a><figcaption id=\"caption-attachment-30625872\" class=\"wp-caption-text\">Los atletas en una de las carreras celebradas esta ma\u00f1ana en la UPO.<\/figcaption><\/figure>\n<p>Un total de 109 atletas con discapacidad intelectual han participado en la ma\u00f1ana de hoy viernes en la <b>XX Jornada de Atletismo Special Olympics Andaluc\u00eda, <\/b>un evento celebrado en el Campus de la Universidad Pablo de Olavide en el que los participantes han competido en diversas pruebas deportivas como carreras de marcha y metros lisos, salto de longitud, lanzamiento de peso, relevos y lanzamiento de softball.<\/p>\n<figure id=\"attachment_30625875\" aria-describedby=\"caption-attachment-30625875\" style=\"width: 320px\" class=\"wp-caption alignright\"><a href=\"https:\/\/www.upo.es\/diario\/wp-content\/uploads\/2019\/02\/SpecialOlympics-And_20190222_2.jpg\"><img loading=\"lazy\" decoding=\"async\" class=\"size-medium wp-image-30625875\" src=\"https:\/\/www.upo.es\/diario\/wp-content\/uploads\/2019\/02\/SpecialOlympics-And_20190222_2-320x213.jpg\" alt=\"Una de las pruebas ha sido lanzamiento de softball.\" width=\"320\" height=\"213\" srcset=\"https:\/\/www.upo.es\/diario\/wp-content\/uploads\/2019\/02\/SpecialOlympics-And_20190222_2-320x213.jpg 320w, https:\/\/www.upo.es\/diario\/wp-content\/uploads\/2019\/02\/SpecialOlympics-And_20190222_2-600x400.jpg 600w\" sizes=\"auto, (max-width: 320px) 100vw, 320px\" \/><\/a><figcaption id=\"caption-attachment-30625875\" class=\"wp-caption-text\">Una de las pruebas ha sido lanzamiento de peso.<\/figcaption><\/figure>\n<p>Se trata de atletas con edades comprendidas entre 17 y 60 a\u00f1os que proceden de 9 entidades de C\u00f3rdoba, Granada, M\u00e1laga y Sevilla, como son la Asociaci\u00f3n Alcalare\u00f1a de Educaci\u00f3n Especial, ASAS, Autismo Sevilla, Club Deportivo Pur\u00edsima Concepci\u00f3n, Fundaci\u00f3n SAMU, Hermanas Hospitalarias, Paz y Bien Unidad de D\u00eda, Paz y Bien Santa Mar\u00eda y Special Olympics Andaluc\u00eda.<\/p>\n<p>Animando a sus atltetas tambi\u00e9n han estado presentes en esta jornada deportiva los entrenadores Jos\u00e9 Antonio Aguilar, Cristina Manzano, Juan Mart\u00ednez, \u00d3scar Mart\u00ednez, Jos\u00e9 Ram\u00f3n Moro, Ana M\u00aa Rodr\u00edguez, Rafael Rold\u00e1n, y Raquel Gervasini, directora de Special Olympics Andaluc\u00eda.<\/p>\n<p>Esta actividad ha sido organizada por <b>Special Olympics Andaluc\u00eda<\/b>, entidad sin \u00e1nimo de lucro dedicada a la integraci\u00f3n de las personas con discapacidad intelectual a trav\u00e9s del deporte, y por la <b>Facultad de Ciencias del Deporte de la UPO<\/b>, a trav\u00e9s de la asignatura \u2018Actividad F\u00edsica y Deportiva para Personas con Discapacidad\u2019, impartida por la profesora Elisabet Rodr\u00edguez Bies. Tambi\u00e9n ha contado con el apoyo de la decana de esta facultad, \u00c1frica Calvo Lluch, del Servicio de Deportes de la UPO, y de m\u00e1s de 50 estudiantes del Grado en Ciencias de la Actividad F\u00edsica y del Deporte, quienes han trabajado como voluntarios facilitando la celebraci\u00f3n de este evento deportivo.<\/p>\n<p><a title=\"XX Jornada de Atletismo Special Olympics\" href=\"https:\/\/www.flickr.com\/photos\/pablodeolavide\/albums\/72157707049249454\" data-header=\"true\" data-flickr-embed=\"true\"><img loading=\"lazy\" decoding=\"async\" src=\"https:\/\/farm8.staticflickr.com\/7820\/46262442755_912cc0cf26_z.jpg\" alt=\"XX Jornada de Atletismo Special Olympics\" width=\"640\" height=\"360\" \/><\/a><script charset=\"utf-8\" type=\"text\/javascript\" src=\"\/\/embedr.flickr.com\/assets\/client-code.js\" async=\"\"><\/script><\/p>\n","protected":false},"excerpt":{"rendered":"<p>Un total de 109 atletas con discapacidad intelectual han participado en la XX Jornada de Atletismo Special Olympics Andaluc\u00eda, un eventocelebrado en el Campus de la Universidad Pablo de Olavide en el que los participantes han competido en diversas pruebas deportivas como carreras de marcha y metros lisos, salto de longitud, lanzamiento de peso, relevos y lanzamiento de softball.<\/p>\n","protected":false},"author":2,"featured_media":0,"comment_status":"closed","ping_status":"open","sticky":false,"template":"","format":"standard","meta":{"_monsterinsights_skip_tracking":false,"_monsterinsights_sitenote_active":false,"_monsterinsights_sitenote_note":"","_monsterinsights_sitenote_category":0,"footnotes":""},"categories":[5842],"tags":[5802,31,4499,379,1331,3456,3186],"class_list":["post-30625869","post","type-post","status-publish","format-standard","hentry","category-comunidad","tag-atletas","tag-atletismo","tag-discapacidad-intelectual","tag-facultad-del-deporte","tag-grado-en-ciencias-de-la-actividad-fisica-y-del-deporte","tag-inclusion","tag-special-olympics"],"_links":{"self":[{"href":"https:\/\/www.upo.es\/diario\/wp-json\/wp\/v2\/posts\/30625869","targetHints":{"allow":["GET"]}}],"collection":[{"href":"https:\/\/www.upo.es\/diario\/wp-json\/wp\/v2\/posts"}],"about":[{"href":"https:\/\/www.upo.es\/diario\/wp-json\/wp\/v2\/types\/post"}],"author":[{"embeddable":true,"href":"https:\/\/www.upo.es\/diario\/wp-json\/wp\/v2\/users\/2"}],"replies":[{"embeddable":true,"href":"https:\/\/www.upo.es\/diario\/wp-json\/wp\/v2\/comments?post=30625869"}],"version-history":[{"count":9,"href":"https:\/\/www.upo.es\/diario\/wp-json\/wp\/v2\/posts\/30625869\/revisions"}],"predecessor-version":[{"id":30855138,"href":"https:\/\/www.upo.es\/diario\/wp-json\/wp\/v2\/posts\/30625869\/revisions\/30855138"}],"wp:attachment":[{"href":"https:\/\/www.upo.es\/diario\/wp-json\/wp\/v2\/media?parent=30625869"}],"wp:term":[{"taxonomy":"category","embeddable":true,"href":"https:\/\/www.upo.es\/diario\/wp-json\/wp\/v2\/categories?post=30625869"},{"taxonomy":"post_tag","embeddable":true,"href":"https:\/\/www.upo.es\/diario\/wp-json\/wp\/v2\/tags?post=30625869"}],"curies":[{"name":"wp","href":"https:\/\/api.w.org\/{rel}","templated":true}]}}