{"id":30671863,"date":"2019-02-26T01:01:16","date_gmt":"2019-02-26T01:01:16","guid":{"rendered":"https:\/\/www.upo.es\/diario\/?p=30671863"},"modified":"2019-02-27T12:06:50","modified_gmt":"2019-02-27T12:06:50","slug":"manana-en-la-upo-el-consultor-politico-daniel-eskibel-imparte-la-conferencia-psicologia-del-votante","status":"publish","type":"post","link":"https:\/\/www.upo.es\/diario\/institucional\/2019\/02\/manana-en-la-upo-el-consultor-politico-daniel-eskibel-imparte-la-conferencia-psicologia-del-votante\/","title":{"rendered":"El consultor pol\u00edtico Daniel Eskibel imparte en la UPO la conferencia &#8216;Psicolog\u00eda del votante&#8217;"},"content":{"rendered":"<figure id=\"attachment_30702997\" aria-describedby=\"caption-attachment-30702997\" style=\"width: 320px\" class=\"wp-caption alignright\"><a href=\"https:\/\/www.upo.es\/diario\/wp-content\/uploads\/2019\/02\/IMG-20190226-WA0002.jpg\"><img loading=\"lazy\" decoding=\"async\" class=\"size-medium wp-image-30702997\" alt=\"Daniel Eskibel durante la exposici\u00f3n de su conferencia 'Psicolog\u00eda del votante'\" src=\"https:\/\/www.upo.es\/diario\/wp-content\/uploads\/2019\/02\/IMG-20190226-WA0002-320x240.jpg\" width=\"320\" height=\"240\" srcset=\"https:\/\/www.upo.es\/diario\/wp-content\/uploads\/2019\/02\/IMG-20190226-WA0002-320x240.jpg 320w, https:\/\/www.upo.es\/diario\/wp-content\/uploads\/2019\/02\/IMG-20190226-WA0002-600x450.jpg 600w, https:\/\/www.upo.es\/diario\/wp-content\/uploads\/2019\/02\/IMG-20190226-WA0002.jpg 1600w\" sizes=\"auto, (max-width: 320px) 100vw, 320px\" \/><\/a><figcaption id=\"caption-attachment-30702997\" class=\"wp-caption-text\">Daniel Eskibel durante la exposici\u00f3n de su conferencia &#8216;Psicolog\u00eda del votante&#8217;<\/figcaption><\/figure>\n<p style=\"text-align: justify;\">El psic\u00f3logo y consultor pol\u00edtico <b>internacional Daniel Eskibel ha impartido la conferencia-coloquio \u2018Psicolog\u00eda del votante\u2019<\/b> organizado por la <a href=\"http:\/\/compolitica.com\/\">Asociaci\u00f3n de Comunicaci\u00f3n Pol\u00edtica<\/a> (ACOP) y el \u00c1rea de Ciencia Pol\u00edtica y de la Administraci\u00f3n de la Universidad Pablo de Olavide en la sala de grados de la Biblioteca de la UPO.<\/p>\n<p style=\"text-align: justify;\">El acto ha sido inaugurado por el responsable del \u00c1rea de Ciencia Pol\u00edtica y de la Administraci\u00f3n de la UPO, Jos\u00e9 Francisco Jim\u00e9nez D\u00edaz, y el coordinador de ACOP Andaluc\u00eda, Juan Carlos Calder\u00f3n.<\/p>\n<p style=\"text-align: justify;\">El consultor pol\u00edtico Daniel Eskibel ha abordado en su conferencia la metodolog\u00eda desarrollada para incorporar la psicolog\u00eda del votante a los estudios de opini\u00f3n p\u00fabica y al dise\u00f1o de estrategia pol\u00edticas y de comunicaci\u00f3n.<\/p>\n<p style=\"text-align: justify;\">Con esta conferencia, la quinta actividad que organiza la delegaci\u00f3n andaluza de la Asociaci\u00f3n de Comunicaci\u00f3n Pol\u00edtica (ACOP) -tercera en colaboraci\u00f3n con la UPO- se pretende dar un paso m\u00e1s en el principal desaf\u00edo del colectivo de avanzar en la profesionalizaci\u00f3n de la comunicaci\u00f3n pol\u00edtica en Andaluc\u00eda. En este sentido, el objetivo de estos encuentros es constituir un foro de intercambio de conocimientos, opiniones y experiencias sobre la investigaci\u00f3n y la pr\u00e1ctica de la comunicaci\u00f3n pol\u00edtica.<\/p>\n<p style=\"text-align: justify;\"><b>Daniel Eskibel<\/b> es psic\u00f3logo, consultor pol\u00edtico y escritor. Titulado en Psicolog\u00eda por la Universidad de la Rep\u00fablica (Uruguay), ejerci\u00f3 como psicoterapeuta durante m\u00e1s de un cuarto de siglo. Desde hace m\u00e1s de 20 a\u00f1os trabaja como consultor pol\u00edtico y conferenciante internacional.\u00a0Es docente en diversos programas acad\u00e9micos sobre comunicaci\u00f3n, psicolog\u00eda, pol\u00edtica y liderazgo. Es el fundador del blog <i><a href=\"https:\/\/maquiaveloyfreud.com\/\">Maquiavelo &amp; Freud<\/a><\/i>, referencia mundial en espa\u00f1ol en psicolog\u00eda pol\u00edtica, \u00a0le\u00eddo por cientos de miles de profesionales de la pol\u00edtica en un centenar de pa\u00edses y premiado en Washington DC con el Victory Award como Mejor Blog Pol\u00edtico del Mundo por su Impacto Educativo. Autor de m\u00e1s de 450 art\u00edculos y de 23 libros, es considerado como uno de los 100 profesionales de la pol\u00edtica m\u00e1s influyentes del mundo.<\/p>\n","protected":false},"excerpt":{"rendered":"<p>El consultor pol\u00edtico Daniel Eskibel ha abordado en su conferencia la metodolog\u00eda desarrollada para incorporar la psicolog\u00eda del votante a los estudios de opini\u00f3n p\u00fabica y al dise\u00f1o de estrategia pol\u00edticas y de comunicaci\u00f3n.<\/p>\n","protected":false},"author":4,"featured_media":0,"comment_status":"closed","ping_status":"open","sticky":false,"template":"","format":"standard","meta":{"_monsterinsights_skip_tracking":false,"_monsterinsights_sitenote_active":false,"_monsterinsights_sitenote_note":"","_monsterinsights_sitenote_category":0,"footnotes":""},"categories":[6],"tags":[2272,227,3814,76,142],"class_list":["post-30671863","post","type-post","status-publish","format-standard","hentry","category-institucional","tag-area-de-ciencia-politica-y-de-la-administracion","tag-conferencia","tag-daniel-eskibel","tag-politica","tag-psicologia"],"_links":{"self":[{"href":"https:\/\/www.upo.es\/diario\/wp-json\/wp\/v2\/posts\/30671863","targetHints":{"allow":["GET"]}}],"collection":[{"href":"https:\/\/www.upo.es\/diario\/wp-json\/wp\/v2\/posts"}],"about":[{"href":"https:\/\/www.upo.es\/diario\/wp-json\/wp\/v2\/types\/post"}],"author":[{"embeddable":true,"href":"https:\/\/www.upo.es\/diario\/wp-json\/wp\/v2\/users\/4"}],"replies":[{"embeddable":true,"href":"https:\/\/www.upo.es\/diario\/wp-json\/wp\/v2\/comments?post=30671863"}],"version-history":[{"count":10,"href":"https:\/\/www.upo.es\/diario\/wp-json\/wp\/v2\/posts\/30671863\/revisions"}],"predecessor-version":[{"id":30685751,"href":"https:\/\/www.upo.es\/diario\/wp-json\/wp\/v2\/posts\/30671863\/revisions\/30685751"}],"wp:attachment":[{"href":"https:\/\/www.upo.es\/diario\/wp-json\/wp\/v2\/media?parent=30671863"}],"wp:term":[{"taxonomy":"category","embeddable":true,"href":"https:\/\/www.upo.es\/diario\/wp-json\/wp\/v2\/categories?post=30671863"},{"taxonomy":"post_tag","embeddable":true,"href":"https:\/\/www.upo.es\/diario\/wp-json\/wp\/v2\/tags?post=30671863"}],"curies":[{"name":"wp","href":"https:\/\/api.w.org\/{rel}","templated":true}]}}