{"id":3067918,"date":"2014-03-07T13:02:58","date_gmt":"2014-03-07T13:02:58","guid":{"rendered":"https:\/\/www.upo.es\/diario\/?p=3067918"},"modified":"2014-03-07T13:24:27","modified_gmt":"2014-03-07T13:24:27","slug":"comunicado-upo-sobre-la-anulacion-de-la-convocatoria-de-una-catedra-por-parte-del-tsja","status":"publish","type":"post","link":"https:\/\/www.upo.es\/diario\/institucional\/2014\/03\/comunicado-upo-sobre-la-anulacion-de-la-convocatoria-de-una-catedra-por-parte-del-tsja\/","title":{"rendered":"COMUNICADO UPO sobre la anulaci\u00f3n de la convocatoria de una c\u00e1tedra por parte del TSJA"},"content":{"rendered":"<p style=\"text-align: justify;\">En relaci\u00f3n con la anulaci\u00f3n de la convocatoria de una c\u00e1tedra por parte del Tribunal Superior de Justicia de Andaluc\u00eda, tras haber sido analizada la sentencia por los servicios jur\u00eddicos de la Universidad Pablo de Olavide, que estudian los pasos que deben darse para cumplir con la ejecuci\u00f3n de esta decisi\u00f3n judicial, la UPO desea poner de manifiesto lo siguiente:<\/p>\n<p style=\"text-align: justify;\">1) La sentencia rechaza expresamente que haya habido desviaci\u00f3n de poder, arbitrariedad o uso indebido de la potestad universitaria de convocatoria de plazas de profesorado universitario. Anula la convocatoria de la plaza por un motivo meramente formal: ausencia de motivaci\u00f3n necesaria para convocar una plaza con un perfil concreto y espec\u00edfico. Se trata de un\u00a0 defecto de procedimiento por error de motivaci\u00f3n que es subsanable.<\/p>\n<p style=\"text-align: justify;\">2) La sentencia reconoce y afirma, que en ejercicio de la autonom\u00eda universitaria, la Universidad puede establecer los perfiles de las plazas de cuerpos docentes universitarios. A mayor concreci\u00f3n del perfil, aumenta la necesidad de motivaci\u00f3n del mismo, tanto en su contenido como en el momento en que debe constar: la motivaci\u00f3n debe ser m\u00e1s certera y previa a la convocatoria de la plaza. Convocar una plaza con un\u00a0 perfil concreto puede significar un menoscabo de las condiciones de igualdad, m\u00e9rito y capacidad, que se debe compensar adecuadamente, de forma que \u201cse precisa una certera motivaci\u00f3n de la determinaci\u00f3n de ese perfil al caso concreto\u201d (FJ 3).<\/p>\n<p style=\"text-align: justify;\">3) La sentencia no discute en ning\u00fan momento que el perfil de la plaza sea ajustado a Derecho, dado que la UPO tiene una Facultad del Deporte, tiene una titulaci\u00f3n de Ciencias de la Actividad F\u00edsica y Deportiva, y tiene una asignatura sobre \u201cDerecho del Deporte\u201d. Lo \u00fanico que se discute, y para el TSJA justifica la anulaci\u00f3n de la plaza, es que la motivaci\u00f3n no ha sido tempor\u00e1nea: fue posterior a la convocatoria de la plaza, cuando debi\u00f3 haber sido previa y ajustada a la planificaci\u00f3n docente preestablecida de la Universidad.<\/p>\n<p style=\"text-align: justify;\">4) Pese a ello, la sentencia concluye que no habido desviaci\u00f3n de poder, ni ninguna otra irregularidad salvo la falta de motivaci\u00f3n, de forma que dicha falta \u201cno permite llegar a la convicci\u00f3n de que la Universidad demandada dirigi\u00f3 su actuaci\u00f3n a una finalidad distinta a la legalmente contemplada para los concursos litigiosos: seleccionar al aspirante m\u00e1s id\u00f3neo, esto es, de mejor m\u00e9rito y m\u00e1s capacidad\u201d (FJ 4).<\/p>\n<p style=\"text-align: justify;\">5) Las Universidades P\u00fablicas siempre han seguido en todas sus actuaciones de selecci\u00f3n de personal los principios de igualdad, m\u00e9rito y capacidad, como principios constitucionales irrenunciables en el acceso al empleo p\u00fablico. La UPO expresa su absoluto compromiso con los mismos como demuestra en su actuaci\u00f3n diaria. Ello no impide que, en casos puntuales, pueda haber errores de procedimiento que deban ser corregidos, algo en lo que las Universidades P\u00fablicas somos las primeras interesadas, y as\u00ed actuaremos sin dudar.<\/p>\n","protected":false},"excerpt":{"rendered":"<p>En relaci\u00f3n con la anulaci\u00f3n de la convocatoria de una c\u00e1tedra por parte del Tribunal Superior de Justicia de Andaluc\u00eda, tras haber sido analizada la sentencia por los servicios jur\u00eddicos de la Universidad Pablo de Olavide, que estudian los pasos que deben darse para cumplir con la ejecuci\u00f3n de esta decisi\u00f3n judicial, la UPO desea poner de manifiesto los siguiente:<\/p>\n","protected":false},"author":4,"featured_media":0,"comment_status":"closed","ping_status":"open","sticky":false,"template":"","format":"standard","meta":{"_monsterinsights_skip_tracking":false,"_monsterinsights_sitenote_active":false,"_monsterinsights_sitenote_note":"","_monsterinsights_sitenote_category":0,"footnotes":""},"categories":[6],"tags":[190,1215,358,37,87,613,199,1214,39],"class_list":["post-3067918","post","type-post","status-publish","format-standard","hentry","category-institucional","tag-andalucia","tag-anulacion-convocatoria","tag-catedra","tag-comunicado","tag-derecho","tag-justicia","tag-profesorado","tag-tsja","tag-universidades"],"_links":{"self":[{"href":"https:\/\/www.upo.es\/diario\/wp-json\/wp\/v2\/posts\/3067918","targetHints":{"allow":["GET"]}}],"collection":[{"href":"https:\/\/www.upo.es\/diario\/wp-json\/wp\/v2\/posts"}],"about":[{"href":"https:\/\/www.upo.es\/diario\/wp-json\/wp\/v2\/types\/post"}],"author":[{"embeddable":true,"href":"https:\/\/www.upo.es\/diario\/wp-json\/wp\/v2\/users\/4"}],"replies":[{"embeddable":true,"href":"https:\/\/www.upo.es\/diario\/wp-json\/wp\/v2\/comments?post=3067918"}],"version-history":[{"count":5,"href":"https:\/\/www.upo.es\/diario\/wp-json\/wp\/v2\/posts\/3067918\/revisions"}],"predecessor-version":[{"id":3067922,"href":"https:\/\/www.upo.es\/diario\/wp-json\/wp\/v2\/posts\/3067918\/revisions\/3067922"}],"wp:attachment":[{"href":"https:\/\/www.upo.es\/diario\/wp-json\/wp\/v2\/media?parent=3067918"}],"wp:term":[{"taxonomy":"category","embeddable":true,"href":"https:\/\/www.upo.es\/diario\/wp-json\/wp\/v2\/categories?post=3067918"},{"taxonomy":"post_tag","embeddable":true,"href":"https:\/\/www.upo.es\/diario\/wp-json\/wp\/v2\/tags?post=3067918"}],"curies":[{"name":"wp","href":"https:\/\/api.w.org\/{rel}","templated":true}]}}