{"id":30689085,"date":"2019-02-26T13:10:49","date_gmt":"2019-02-26T13:10:49","guid":{"rendered":"https:\/\/www.upo.es\/diario\/?p=30689085"},"modified":"2019-02-26T13:10:49","modified_gmt":"2019-02-26T13:10:49","slug":"homenaje-a-los-profesores-que-han-sido-decanos-de-la-facultad-de-ciencias-empresariales-de-la-upo","status":"publish","type":"post","link":"https:\/\/www.upo.es\/diario\/institucional\/2019\/02\/homenaje-a-los-profesores-que-han-sido-decanos-de-la-facultad-de-ciencias-empresariales-de-la-upo\/","title":{"rendered":"Homenaje a los profesores que han sido decanos de la Facultad de Ciencias Empresariales de la UPO"},"content":{"rendered":"<figure id=\"attachment_30689086\" aria-describedby=\"caption-attachment-30689086\" style=\"width: 320px\" class=\"wp-caption alignright\"><a href=\"https:\/\/www.upo.es\/diario\/wp-content\/uploads\/2019\/02\/homenajeFEMP0003.jpg\"><img loading=\"lazy\" decoding=\"async\" class=\"size-medium wp-image-30689086\" alt=\"Juan Cambra, decano de la  Facultad de Ciencias Empresariales, junto a Francisco Carrasco (d) y Jos\u00e9 Mar\u00eda O'kean (i)\" src=\"https:\/\/www.upo.es\/diario\/wp-content\/uploads\/2019\/02\/homenajeFEMP0003-320x213.jpg\" width=\"320\" height=\"213\" srcset=\"https:\/\/www.upo.es\/diario\/wp-content\/uploads\/2019\/02\/homenajeFEMP0003-320x213.jpg 320w, https:\/\/www.upo.es\/diario\/wp-content\/uploads\/2019\/02\/homenajeFEMP0003-600x400.jpg 600w\" sizes=\"auto, (max-width: 320px) 100vw, 320px\" \/><\/a><figcaption id=\"caption-attachment-30689086\" class=\"wp-caption-text\">Juan Cambra, decano de la Facultad de Ciencias Empresariales, junto a Francisco Carrasco (d) y Jos\u00e9 Mar\u00eda O&#8217;kean (i)<\/figcaption><\/figure>\n<p style=\"text-align: justify;\">El decano de la Facultad de Ciencias Empresariales de la Universidad Pablo de Olavide, Jes\u00fas Juan Cambra, ha presidido el acto en el que se ha homenajeado a los profesores <b>Jos\u00e9 Mar\u00eda O\u2019kean Alonso<\/b>, catedr\u00e1tico de Econom\u00eda Aplicada y <b>Francisco Carrasco Fenech,<\/b> catedr\u00e1tico de Econom\u00eda Financiera y Contabilidad, con motivo del reconocimiento a la labor que como decanos desempe\u00f1aron en la Facultad de Ciencias Empresariales de esta universidad. En el acto, que ha tenido lugar hoy martes 26 de febrero, han asistido los miembros del actual equipo decanal, miembros de equipos decanales anteriores y los directores de los departamentos de Econom\u00eda, M\u00e9todos Cuantitativos e Historia Econ\u00f3mica, Econom\u00eda Financiera y Contabilidad, y Organizaci\u00f3n de Empresas y Marketing.<\/p>\n<p style=\"text-align: justify;\"><b>Jos\u00e9 Mar\u00eda O\u2019kean<\/b> ha sido decano de la Facultad de Ciencias Empresariales de la Universidad Pablo de Olavide desde su creaci\u00f3n en 1997 hasta 2003 en que pas\u00f3 a ser vicerrector de Fundaciones de esta Universidad\u00a0hasta junio de 2007. Doctor en Econom\u00eda por la Universidad de Sevilla, Executive Master en e-business por el Instituto de Empresa, es\u00a0catedr\u00e1tico de Econom\u00eda Aplicada\u00a0y\u00a0profesor de Teor\u00eda Econ\u00f3mica, Econ\u00f3mica Pol\u00edtica, Econom\u00eda Digital y Pensamiento Econ\u00f3mico en la Universidad Pablo de Olavide de Sevilla desde 1997.\u00a0Ha colaborado con diversas empresas e instituciones en proyectos de investigaci\u00f3n, seminarios, conferencias y programas in company para directivos y participa como analista econ\u00f3mico en diferentes medios de comunicaci\u00f3n.<\/p>\n<p style=\"text-align: justify;\"><b>Francisco Carrasco Fenech<\/b> ha sido decano de la Facultad de Ciencias Empresariales de 2004 a 2015. Doctor en Ciencias Econ\u00f3micas y Empresariales por la Universidad de Sevilla, es catedr\u00e1tico de Econom\u00eda Financiera y Contabilidad y profesor de Contabilidad Financiera en la Universidad Pablo de Olavide desde 1997. Cuenta con publicaciones en revistas internacionales como Accounting, Auditing and Accountability Journal, Abacus, European Accounting Review, Innovar: Revista de Ciencias Administrativas y Sociales. Ha actuado como perito judicial y ha colaborado en la redacci\u00f3n de m\u00faltiples informes y dict\u00e1menes profesionales especializados.<\/p>\n","protected":false},"excerpt":{"rendered":"<p>El decano de la Facultad de Ciencias Empresariales de la Universidad Pablo de Olavide, Jes\u00fas Juan Cambra, ha presidido el acto en el que se ha homenajeado a los profesores Jos\u00e9 Mar\u00eda O\u2019kean Alonso, catedr\u00e1tico de Econom\u00eda Aplicada y Francisco Carrasco Fenech, catedr\u00e1tico de Econom\u00eda Financiera y Contabilidad, con motivo del reconocimiento a la labor que como decanos desempe\u00f1aron en la Facultad de Ciencias Empresariales de esta universidad.<\/p>\n","protected":false},"author":4,"featured_media":0,"comment_status":"closed","ping_status":"open","sticky":false,"template":"","format":"standard","meta":{"_monsterinsights_skip_tracking":false,"_monsterinsights_sitenote_active":false,"_monsterinsights_sitenote_note":"","_monsterinsights_sitenote_category":0,"footnotes":""},"categories":[6],"tags":[2739,360,5803,308,4777,5804],"class_list":["post-30689085","post","type-post","status-publish","format-standard","hentry","category-institucional","tag-decanos","tag-facultad-de-ciencias-empresariales","tag-francisco-carrasco","tag-homenaje","tag-jose-maria-okean","tag-retratos"],"_links":{"self":[{"href":"https:\/\/www.upo.es\/diario\/wp-json\/wp\/v2\/posts\/30689085","targetHints":{"allow":["GET"]}}],"collection":[{"href":"https:\/\/www.upo.es\/diario\/wp-json\/wp\/v2\/posts"}],"about":[{"href":"https:\/\/www.upo.es\/diario\/wp-json\/wp\/v2\/types\/post"}],"author":[{"embeddable":true,"href":"https:\/\/www.upo.es\/diario\/wp-json\/wp\/v2\/users\/4"}],"replies":[{"embeddable":true,"href":"https:\/\/www.upo.es\/diario\/wp-json\/wp\/v2\/comments?post=30689085"}],"version-history":[{"count":2,"href":"https:\/\/www.upo.es\/diario\/wp-json\/wp\/v2\/posts\/30689085\/revisions"}],"predecessor-version":[{"id":30689088,"href":"https:\/\/www.upo.es\/diario\/wp-json\/wp\/v2\/posts\/30689085\/revisions\/30689088"}],"wp:attachment":[{"href":"https:\/\/www.upo.es\/diario\/wp-json\/wp\/v2\/media?parent=30689085"}],"wp:term":[{"taxonomy":"category","embeddable":true,"href":"https:\/\/www.upo.es\/diario\/wp-json\/wp\/v2\/categories?post=30689085"},{"taxonomy":"post_tag","embeddable":true,"href":"https:\/\/www.upo.es\/diario\/wp-json\/wp\/v2\/tags?post=30689085"}],"curies":[{"name":"wp","href":"https:\/\/api.w.org\/{rel}","templated":true}]}}