{"id":30704337,"date":"2019-02-27T01:19:43","date_gmt":"2019-02-27T01:19:43","guid":{"rendered":"https:\/\/www.upo.es\/diario\/?p=30704337"},"modified":"2019-03-11T22:19:10","modified_gmt":"2019-03-11T22:19:10","slug":"la-upo-acoge-el-proximo-viernes-la-conferencia-internacional-de-la-universidad-francoalemana","status":"publish","type":"post","link":"https:\/\/www.upo.es\/diario\/docencia-formacion\/2019\/02\/la-upo-acoge-el-proximo-viernes-la-conferencia-internacional-de-la-universidad-francoalemana\/","title":{"rendered":"La UPO acoge el pr\u00f3ximo viernes la Conferencia Internacional de la Universidad Francoalemana"},"content":{"rendered":"<p><a href=\"https:\/\/www.upo.es\/diario\/wp-content\/uploads\/2019\/02\/17758_une_0.jpg\"><img loading=\"lazy\" decoding=\"async\" class=\"alignright size-medium wp-image-30704338\" alt=\"17758_une_0\" src=\"https:\/\/www.upo.es\/diario\/wp-content\/uploads\/2019\/02\/17758_une_0-320x117.jpg\" width=\"320\" height=\"117\" srcset=\"https:\/\/www.upo.es\/diario\/wp-content\/uploads\/2019\/02\/17758_une_0-320x117.jpg 320w, https:\/\/www.upo.es\/diario\/wp-content\/uploads\/2019\/02\/17758_une_0-600x220.jpg 600w, https:\/\/www.upo.es\/diario\/wp-content\/uploads\/2019\/02\/17758_une_0.jpg 616w\" sizes=\"auto, (max-width: 320px) 100vw, 320px\" \/><\/a>El pr\u00f3ximo viernes 1 de marzo, a las 9:30 horas en la Sede Olavide en Sevilla-Centro (C\/Lara\u00f1a, 4), dar\u00e1 comienzo la <b>Conferencia Internacional de la Universidad Francoalemana<\/b>, instituci\u00f3n de investigaci\u00f3n que sirve de puente de colaboraci\u00f3n entre doctorandos y profesores universitarios de Francia y Alemania.<\/p>\n<p>Esta conferencia, que se celebra el 1 y el 2 de marzo, <b>se desarrolla en el marco del proyecto \u2018La heterogeneidad ling\u00fc\u00edstica a trav\u00e9s del prisma de las representaciones metodol\u00f3gicas e interculturales\u2019<\/b>, dirigido por el profesor J\u00fcrgen Ehfurt, de la Universidad Goethe, de Frankfurt, y en el que est\u00e1 integrada la Universidad Pablo de Olavide junto a otras dos universidades de fuera del espacio de colaboraci\u00f3n francoalem\u00e1n: la Universidad de Luxemburgo y la Universidad de Malta.<\/p>\n<p>En palabras de <b>Juan Jim\u00e9nez Salcedo<\/b>, profesor del Departamento de Filolog\u00eda y Traducci\u00f3n de la UPO que participa en el proyecto antes mencionado, \u201cdada la gran productividad cient\u00edfica del grupo de trabajo establecido por el profesor Ehfurt \u2013dos monograf\u00edas publicadas en los \u00faltimos dos a\u00f1os en las editoriales Lambert Lucas (Francia) y Peter Lang (Alemania)\u2013 y otras dos en preparaci\u00f3n, la celebraci\u00f3n de este seminario en Sevilla representa una oportunidad para la Universidad Pablo de Olavide de posicionarse cient\u00edficamente en el \u00e1mbito de los estudios sobre socioling\u00fc\u00edstica y pol\u00edticas ling\u00fc\u00edsticas, as\u00ed como dar la oportunidad a doctorandos de diferentes pa\u00edses europeos de presentar sus resultados de investigaci\u00f3n en un foro internacional y establecer redes de trabajo con otros doctorandos y directores de tesis\u201d.<\/p>\n<p>El seminario contar\u00e1 as\u00ed con las presentaciones de resultados de investigaci\u00f3n parciales y finales de doctorandos y posdoctorandos de Alemania, Francia y Espa\u00f1a. Tambi\u00e9n habr\u00e1 una mesa redonda sobre la preparaci\u00f3n de la tesis doctoral en diferentes contextos acad\u00e9micos nacionales, principalmente Espa\u00f1a, Francia, Alemania y Luxemburgo. Igualmente contar\u00e1 con las conferencias de Francisco Lorenzo Bergillos (Universidad Pablo de Olavide) y de Roberto G\u00f3mez Fern\u00e1ndez (Gobierno del Gran Ducado de Luxemburgo).<\/p>\n<p>La jornada del viernes d\u00eda 1 se desarrollar\u00e1 en la Sede Olavide en Sevilla-Centro mientras que la del s\u00e1bado 2 de marzo tendr\u00e1 lugar en Arcadia Coworking (C\/ Cuna, 16, 1\u00aa planta). Las sesiones se desarrollar\u00e1n en franc\u00e9s e ingl\u00e9s.<\/p>\n","protected":false},"excerpt":{"rendered":"<p>El pr\u00f3ximo viernes 1 de marzo, a las 9:30 horas en la Sede Olavide en Sevilla-Centro (C\/Lara\u00f1a, 4), dar\u00e1 comienzo la Conferencia Internacional de la Universidad Francoalemana, instituci\u00f3n de investigaci\u00f3n que sirve de puente de colaboraci\u00f3n entre doctorandos y profesores universitarios de Francia y Alemania.<\/p>\n","protected":false},"author":2,"featured_media":0,"comment_status":"closed","ping_status":"open","sticky":false,"template":"","format":"standard","meta":{"_monsterinsights_skip_tracking":false,"_monsterinsights_sitenote_active":false,"_monsterinsights_sitenote_note":"","_monsterinsights_sitenote_category":0,"footnotes":""},"categories":[2779],"tags":[227,1116,1038,2918,5809],"class_list":["post-30704337","post","type-post","status-publish","format-standard","hentry","category-docencia-formacion","tag-conferencia","tag-departamento-de-filologia-y-traduccion","tag-politicas-linguisticas","tag-sociolinguistica","tag-universidad-francoalemana"],"_links":{"self":[{"href":"https:\/\/www.upo.es\/diario\/wp-json\/wp\/v2\/posts\/30704337","targetHints":{"allow":["GET"]}}],"collection":[{"href":"https:\/\/www.upo.es\/diario\/wp-json\/wp\/v2\/posts"}],"about":[{"href":"https:\/\/www.upo.es\/diario\/wp-json\/wp\/v2\/types\/post"}],"author":[{"embeddable":true,"href":"https:\/\/www.upo.es\/diario\/wp-json\/wp\/v2\/users\/2"}],"replies":[{"embeddable":true,"href":"https:\/\/www.upo.es\/diario\/wp-json\/wp\/v2\/comments?post=30704337"}],"version-history":[{"count":5,"href":"https:\/\/www.upo.es\/diario\/wp-json\/wp\/v2\/posts\/30704337\/revisions"}],"predecessor-version":[{"id":30739609,"href":"https:\/\/www.upo.es\/diario\/wp-json\/wp\/v2\/posts\/30704337\/revisions\/30739609"}],"wp:attachment":[{"href":"https:\/\/www.upo.es\/diario\/wp-json\/wp\/v2\/media?parent=30704337"}],"wp:term":[{"taxonomy":"category","embeddable":true,"href":"https:\/\/www.upo.es\/diario\/wp-json\/wp\/v2\/categories?post=30704337"},{"taxonomy":"post_tag","embeddable":true,"href":"https:\/\/www.upo.es\/diario\/wp-json\/wp\/v2\/tags?post=30704337"}],"curies":[{"name":"wp","href":"https:\/\/api.w.org\/{rel}","templated":true}]}}