{"id":30799821,"date":"2019-03-05T14:32:24","date_gmt":"2019-03-05T14:32:24","guid":{"rendered":"https:\/\/www.upo.es\/diario\/?p=30799821"},"modified":"2019-03-11T22:18:15","modified_gmt":"2019-03-11T22:18:15","slug":"hoy-se-presenta-en-la-upo-el-congreso-internacional-el-pensamiento-y-la-praxis-de-rosa-luxemburg","status":"publish","type":"post","link":"https:\/\/www.upo.es\/diario\/docencia-formacion\/2019\/03\/hoy-se-presenta-en-la-upo-el-congreso-internacional-el-pensamiento-y-la-praxis-de-rosa-luxemburg\/","title":{"rendered":"Presentaci\u00f3n en la UPO del Congreso Internacional \u2018El pensamiento y la praxis de Rosa Luxemburg\u2019"},"content":{"rendered":"<figure id=\"attachment_30802521\" aria-describedby=\"caption-attachment-30802521\" style=\"width: 600px\" class=\"wp-caption aligncenter\"><a href=\"https:\/\/www.upo.es\/diario\/wp-content\/uploads\/2019\/03\/Cong-Rosa-Luxemburgo_20190305.jpg\"><img loading=\"lazy\" decoding=\"async\" class=\"size-large wp-image-30802521\" alt=\"Laura Flores, Rafael Rodr\u00edguez, Paula Garv\u00edn y Joaqu\u00edn Recio durante la presentaci\u00f3n\" src=\"https:\/\/www.upo.es\/diario\/wp-content\/uploads\/2019\/03\/Cong-Rosa-Luxemburgo_20190305-600x400.jpg\" width=\"600\" height=\"400\" srcset=\"https:\/\/www.upo.es\/diario\/wp-content\/uploads\/2019\/03\/Cong-Rosa-Luxemburgo_20190305-600x400.jpg 600w, https:\/\/www.upo.es\/diario\/wp-content\/uploads\/2019\/03\/Cong-Rosa-Luxemburgo_20190305-320x213.jpg 320w\" sizes=\"auto, (max-width: 600px) 100vw, 600px\" \/><\/a><figcaption id=\"caption-attachment-30802521\" class=\"wp-caption-text\">Laura Flores, Rafael Rodr\u00edguez, Paula Garv\u00edn y Joaqu\u00edn Recio durante la presentaci\u00f3n<\/figcaption><\/figure>\n<p>Con motivo de la fecha en la que se conmemora el nacimiento de Rosa Luxemburgo (1871-1919), ha tenido lugar hoy en la Universidad Pablo de Olavide el acto de presentaci\u00f3n del <a href=\"https:\/\/eventos.upo.es\/22597\/detail\/i-congreso-internacional-el-pensamiento-y-la-praxis-de-rosa-luxemburg.-significacion-y-actualidad-d.html\" target=\"_blank\" rel=\"noopener noreferrer\"><strong>Congreso Internacional \u2018El pensamiento y la praxis de Rosa Luxemburg. Significaci\u00f3n y actualidad de su legado pol\u00edtico y econ\u00f3mico\u2019<\/strong><\/a>, que se celebrar\u00e1 en la UPO los d\u00edas 11 y 12 del pr\u00f3ximo mes de abril.<\/p>\n<p>\u201cComo Congreso inserto en la Universidad est\u00e1 concebido como un espacio abierto y participativo para recoger y reflejar el pensamiento de aquellas personas interesadas por la figura de Rosa Luxemburgo\u201d, explica <strong>Rafael Rodr\u00edguez Prieto<\/strong>, director del Congreso y profesor de la Universidad Pablo de Olavide. En la presentaci\u00f3n han intervenido tambi\u00e9n <strong>Joaqu\u00edn Recio Mart\u00ednez<\/strong>, director de la Editorial Atrapasue\u00f1os; <strong>Laura Flores Anarte<\/strong>, profesora de la Universidad Pablo de Olavide; y <strong>Paula Garv\u00edn Salazar<\/strong>, directora de la Fundaci\u00f3n de Investigaciones Marxistas en Andaluc\u00eda (FIM).<\/p>\n<p><img loading=\"lazy\" decoding=\"async\" class=\"alignright size-medium wp-image-30799822\" alt=\"Rosa Luxemburg\" src=\"https:\/\/www.upo.es\/diario\/wp-content\/uploads\/2019\/03\/Rosa-Luxemburg-293x320.png\" width=\"293\" height=\"320\" srcset=\"https:\/\/www.upo.es\/diario\/wp-content\/uploads\/2019\/03\/Rosa-Luxemburg-293x320.png 293w, https:\/\/www.upo.es\/diario\/wp-content\/uploads\/2019\/03\/Rosa-Luxemburg.png 345w\" sizes=\"auto, (max-width: 293px) 100vw, 293px\" \/>El objetivo del Congreso Internacional es reunir, en el a\u00f1o que se conmemora el centenario de su muerte, a acad\u00e9micos y activistas con el fin de discutir la relevancia y la utilidad del legado intelectual de Rosa Luxemburgo. Como aclara Rafael Rodr\u00edguez Prieto, \u201cno se trata de adorar su figura, sino de extraer cr\u00edticamente su pensamiento\u201d. El director del Congreso insiste en que hay elementos de la obra de Rosa Luxemburgo \u201cque son contempor\u00e1neos y \u00fatiles\u201d. Laura Flores Anarte, profesora de la Universidad Pablo de Olavide, comparte esta idea al entender este congreso como una \u201coportunidad de estudiar la figura de Rosa Luxemburgo analizando la perspectiva feminista que subyace a su legado\u201d.<\/p>\n<p>Por su parte, Joaqu\u00edn Recio Mart\u00ednez ha adelantado que desde la editorial Atrapasue\u00f1os se est\u00e1 trabajando en la realizaci\u00f3n de material did\u00e1ctico sobre Rosa Luxemburgo, adem\u00e1s de la edici\u00f3n de sus obras completas \u201cpara que su pensamiento sea conocido y difundido al mayor n\u00famero de personas posible\u201d.<\/p>\n<p>Paralelamente al Congreso tendr\u00e1 lugar una exposici\u00f3n sobre el centenario del asesinato de Rosa Luxemburgo, en la Biblioteca de la UPO, donde se expondr\u00e1n primeras ediciones de sus obras, peri\u00f3dicos originales de la \u00e9poca, panfletos y carteles. El congreso est\u00e1 organizado por el Laboratorio de Ideas y Pr\u00e1cticas Pol\u00edticas y el Departamento de Derecho P\u00fablico de la Universidad, con la colaboraci\u00f3n de la Editorial Atrapasue\u00f1os y la FIM. La inscripci\u00f3n al mismo es gratuita y el plazo para presentar comunicaciones se cierra el 1 de abril.<\/p>\n","protected":false},"excerpt":{"rendered":"<p>Con motivo de la fecha en la que se conmemora el nacimiento de Rosa Luxemburgo (1871-1919), ha tenido lugar hoy en la Universidad Pablo de Olavide el acto de presentaci\u00f3n del Congreso Internacional \u2018El pensamiento y la praxis de Rosa Luxemburg. Significaci\u00f3n y actualidad de su legado pol\u00edtico y econ\u00f3mico\u2019, que se celebrar\u00e1 en la UPO los d\u00edas 11 y 12 del pr\u00f3ximo mes de abril.<\/p>\n","protected":false},"author":6,"featured_media":0,"comment_status":"closed","ping_status":"open","sticky":false,"template":"","format":"standard","meta":{"_monsterinsights_skip_tracking":false,"_monsterinsights_sitenote_active":false,"_monsterinsights_sitenote_note":"","_monsterinsights_sitenote_category":0,"footnotes":""},"categories":[2779],"tags":[354,417,150,76,334,3455,5818],"class_list":["post-30799821","post","type-post","status-publish","format-standard","hentry","category-docencia-formacion","tag-congreso","tag-filosofia-del-derecho","tag-historia","tag-politica","tag-presentacion","tag-rafael-rodriguez-prieto","tag-rosa-luxemburgo"],"_links":{"self":[{"href":"https:\/\/www.upo.es\/diario\/wp-json\/wp\/v2\/posts\/30799821","targetHints":{"allow":["GET"]}}],"collection":[{"href":"https:\/\/www.upo.es\/diario\/wp-json\/wp\/v2\/posts"}],"about":[{"href":"https:\/\/www.upo.es\/diario\/wp-json\/wp\/v2\/types\/post"}],"author":[{"embeddable":true,"href":"https:\/\/www.upo.es\/diario\/wp-json\/wp\/v2\/users\/6"}],"replies":[{"embeddable":true,"href":"https:\/\/www.upo.es\/diario\/wp-json\/wp\/v2\/comments?post=30799821"}],"version-history":[{"count":7,"href":"https:\/\/www.upo.es\/diario\/wp-json\/wp\/v2\/posts\/30799821\/revisions"}],"predecessor-version":[{"id":30855143,"href":"https:\/\/www.upo.es\/diario\/wp-json\/wp\/v2\/posts\/30799821\/revisions\/30855143"}],"wp:attachment":[{"href":"https:\/\/www.upo.es\/diario\/wp-json\/wp\/v2\/media?parent=30799821"}],"wp:term":[{"taxonomy":"category","embeddable":true,"href":"https:\/\/www.upo.es\/diario\/wp-json\/wp\/v2\/categories?post=30799821"},{"taxonomy":"post_tag","embeddable":true,"href":"https:\/\/www.upo.es\/diario\/wp-json\/wp\/v2\/tags?post=30799821"}],"curies":[{"name":"wp","href":"https:\/\/api.w.org\/{rel}","templated":true}]}}