{"id":30817945,"date":"2019-03-07T00:15:57","date_gmt":"2019-03-07T00:15:57","guid":{"rendered":"https:\/\/www.upo.es\/diario\/?p=30817945"},"modified":"2019-03-11T22:17:51","modified_gmt":"2019-03-11T22:17:51","slug":"expertos-abordan-en-un-simposio-las-relaciones-artisticas-entre-espana-y-america-desde-el-siglo-xvi-al-siglo-xx","status":"publish","type":"post","link":"https:\/\/www.upo.es\/diario\/docencia-formacion\/2019\/03\/expertos-abordan-en-un-simposio-las-relaciones-artisticas-entre-espana-y-america-desde-el-siglo-xvi-al-siglo-xx\/","title":{"rendered":"Expertos abordan en un simposio las relaciones art\u00edsticas entre Espa\u00f1a y Am\u00e9rica desde el siglo XVI al siglo XX"},"content":{"rendered":"<figure id=\"attachment_30834047\" aria-describedby=\"caption-attachment-30834047\" style=\"width: 600px\" class=\"wp-caption aligncenter\"><a href=\"https:\/\/www.upo.es\/diario\/wp-content\/uploads\/2019\/03\/Simposio-TornaViaje_20190307.jpg\"><img loading=\"lazy\" decoding=\"async\" class=\"size-large wp-image-30834047\" src=\"https:\/\/www.upo.es\/diario\/wp-content\/uploads\/2019\/03\/Simposio-TornaViaje_20190307-600x337.jpg\" alt=\"Ana Zab\u00eda, Bruno Mart\u00ednez, Fernando Quiles e \" width=\"600\" height=\"337\" srcset=\"https:\/\/www.upo.es\/diario\/wp-content\/uploads\/2019\/03\/Simposio-TornaViaje_20190307-600x337.jpg 600w, https:\/\/www.upo.es\/diario\/wp-content\/uploads\/2019\/03\/Simposio-TornaViaje_20190307-320x180.jpg 320w\" sizes=\"auto, (max-width: 600px) 100vw, 600px\" \/><\/a><figcaption id=\"caption-attachment-30834047\" class=\"wp-caption-text\">Ana Zab\u00eda, Bruno Mart\u00ednez, Fernando Quiles e Ilona Katzew<\/figcaption><\/figure>\n<p>Hoy jueves 7 de marzo, en la Sala de Grados 2 de la Biblioteca de la Universidad Pablo de Olavide, ha dado comienzo el <strong>Simposio Internacional \u2018Tornaviaje<\/strong>.<strong> Espa\u00f1a\/Nueva Espa\u00f1a (Siglos XVI-XX)\u2019<\/strong>, un encuentro organizado por el \u00c1rea de Historia del Arte de la Universidad Pablo de Olavide y Los Angeles County Museum of Art.<\/p>\n<p>El simposio ha sido presentado por\u00a0<strong>Bruno Mart\u00ednez Haya<\/strong>, vicerrector de Investigaci\u00f3n y Transferencia de Tecnolog\u00eda de la UPO; <strong>Ana Zab\u00eda de la Mata<\/strong>, conservadora del Museo de Am\u00e9rica (Madrid); y por los coordinadores del evento <strong>Fernando Quiles Garc\u00eda<\/strong>, profesor del \u00c1rea de Historia del Arte de la UPO, e <strong>Ilona Katzew<\/strong>, responsable de la secci\u00f3n de Arte Latinoamericano de Los Angeles County Museum of Art.<\/p>\n<p>Este encuentro, que continuar\u00e1 ma\u00f1ana viernes d\u00eda 8, trata de volver sobre un periodo hist\u00f3rico en el que las relaciones art\u00edsticas entre Espa\u00f1a y Am\u00e9rica fueron intensas y se manifestaron en numerosas situaciones, bien sea por los objetos art\u00edsticos o por las devociones transferidas de un territorio a otro. En palabras de los organizadores \u201ctodo ello evidencia lo que se ha considerado la primera globalizaci\u00f3n cultural\u201d. As\u00ed, participar\u00e1n con sus ponencias representantes de distintas universidades e instituciones culturales de Espa\u00f1a, M\u00e9xico, EE.UU., Alemania y Rusia.<\/p>\n<p><strong>Exposici\u00f3n \u2018Veracruz y Sevilla. De puerta a puerta\u2019<\/strong><\/p>\n<p><a href=\"https:\/\/www.upo.es\/diario\/wp-content\/uploads\/2019\/03\/cartel_web4.jpg\"><img loading=\"lazy\" decoding=\"async\" class=\"alignright size-medium wp-image-30817949\" src=\"https:\/\/www.upo.es\/diario\/wp-content\/uploads\/2019\/03\/cartel_web4-320x225.jpg\" alt=\"cartel_web4\" width=\"320\" height=\"225\" srcset=\"https:\/\/www.upo.es\/diario\/wp-content\/uploads\/2019\/03\/cartel_web4-320x225.jpg 320w, https:\/\/www.upo.es\/diario\/wp-content\/uploads\/2019\/03\/cartel_web4-600x422.jpg 600w, https:\/\/www.upo.es\/diario\/wp-content\/uploads\/2019\/03\/cartel_web4.jpg 1240w\" sizes=\"auto, (max-width: 320px) 100vw, 320px\" \/><\/a>En paralelo al simposio ha sido dise\u00f1ada la exposici\u00f3n \u2018Veracruz y Sevilla. De puerta a puerta\u2019, una muestra de veinte fotograf\u00edas de ambas ciudades y otras localidades mexicanas que Diego Angulo \u00cd\u00f1iguez, uno de los historiadores m\u00e1s reconocidos del arte espa\u00f1ol, visit\u00f3 en su trabajo de documentaci\u00f3n a principios del siglo XX. La muestra, que acoge el Archivo General de Indias desde ma\u00f1ana d\u00eda 7 hasta el 31 de marzo, es un fiel testigo del v\u00ednculo que une a las dos ciudades desde el siglo XVI. Los fondos del legado Angulo \u00cd\u00f1iguez son conservados por la Biblioteca Tom\u00e1s Navarro Tom\u00e1s del Consejo Superior de Investigaciones Cient\u00edficas.<\/p>\n<p><strong>M\u00e1s informaci\u00f3n:<\/strong> <a href=\"https:\/\/eventos.upo.es\/32426\/detail\/simposio-internacional-tornaviaje.html\">https:\/\/eventos.upo.es\/32426\/detail\/simposio-internacional-tornaviaje.html<\/a><\/p>\n<p>&nbsp;<\/p>\n<p>&nbsp;<\/p>\n<p>&nbsp;<\/p>\n","protected":false},"excerpt":{"rendered":"<p>Hoy jueves 7 de marzo, a las 9:30 horas en la Sala de Grados del CEI Cambio de la Biblioteca de la Universidad Pablo de Olavide, dar\u00e1 comienzo el Simposio Internacional \u2018Tornaviaje. Espa\u00f1a\/Nueva Espa\u00f1a (Siglos XVI-XX)\u2019, un encuentro organizado por el \u00c1rea de Historia del Arte de la Universidad Pablo de Olavide y Los Angeles County Museum of Art.<\/p>\n","protected":false},"author":2,"featured_media":30834047,"comment_status":"closed","ping_status":"open","sticky":false,"template":"","format":"standard","meta":{"_monsterinsights_skip_tracking":false,"_monsterinsights_sitenote_active":false,"_monsterinsights_sitenote_note":"","_monsterinsights_sitenote_category":0,"footnotes":""},"categories":[2779],"tags":[265,74,2752,5823,259,2555,533],"class_list":["post-30817945","post","type-post","status-publish","format-standard","has-post-thumbnail","hentry","category-docencia-formacion","tag-arte","tag-exposiciones","tag-fernando-quiles","tag-globalizacion-cultural","tag-area-de-historia-del-arte","tag-latinoamerica","tag-simposio"],"_links":{"self":[{"href":"https:\/\/www.upo.es\/diario\/wp-json\/wp\/v2\/posts\/30817945","targetHints":{"allow":["GET"]}}],"collection":[{"href":"https:\/\/www.upo.es\/diario\/wp-json\/wp\/v2\/posts"}],"about":[{"href":"https:\/\/www.upo.es\/diario\/wp-json\/wp\/v2\/types\/post"}],"author":[{"embeddable":true,"href":"https:\/\/www.upo.es\/diario\/wp-json\/wp\/v2\/users\/2"}],"replies":[{"embeddable":true,"href":"https:\/\/www.upo.es\/diario\/wp-json\/wp\/v2\/comments?post=30817945"}],"version-history":[{"count":7,"href":"https:\/\/www.upo.es\/diario\/wp-json\/wp\/v2\/posts\/30817945\/revisions"}],"predecessor-version":[{"id":30834049,"href":"https:\/\/www.upo.es\/diario\/wp-json\/wp\/v2\/posts\/30817945\/revisions\/30834049"}],"wp:featuredmedia":[{"embeddable":true,"href":"https:\/\/www.upo.es\/diario\/wp-json\/wp\/v2\/media\/30834047"}],"wp:attachment":[{"href":"https:\/\/www.upo.es\/diario\/wp-json\/wp\/v2\/media?parent=30817945"}],"wp:term":[{"taxonomy":"category","embeddable":true,"href":"https:\/\/www.upo.es\/diario\/wp-json\/wp\/v2\/categories?post=30817945"},{"taxonomy":"post_tag","embeddable":true,"href":"https:\/\/www.upo.es\/diario\/wp-json\/wp\/v2\/tags?post=30817945"}],"curies":[{"name":"wp","href":"https:\/\/api.w.org\/{rel}","templated":true}]}}