{"id":30834730,"date":"2019-03-08T01:33:31","date_gmt":"2019-03-08T01:33:31","guid":{"rendered":"https:\/\/www.upo.es\/diario\/?p=30834730"},"modified":"2019-03-11T22:41:22","modified_gmt":"2019-03-11T22:41:22","slug":"la-pena-universitaria-sentir-flamenco-organiza-manana-en-la-upo-un-encuentro-con-el-cantaor-rubito-hijo","status":"publish","type":"post","link":"https:\/\/www.upo.es\/diario\/cultura\/2019\/03\/la-pena-universitaria-sentir-flamenco-organiza-manana-en-la-upo-un-encuentro-con-el-cantaor-rubito-hijo\/","title":{"rendered":"La Pe\u00f1a Universitaria &#8216;Sentir Flamenco&#8217; organiza en la UPO un encuentro con el cantaor &#8216;Rubito Hijo&#8217;"},"content":{"rendered":"<p><a href=\"https:\/\/www.upo.es\/diario\/wp-content\/uploads\/2019\/03\/rubito_hijo.jpg\"><img loading=\"lazy\" decoding=\"async\" class=\"alignright size-medium wp-image-30834733\" src=\"https:\/\/www.upo.es\/diario\/wp-content\/uploads\/2019\/03\/rubito_hijo-225x320.jpg\" alt=\"rubito_hijo\" width=\"225\" height=\"320\" srcset=\"https:\/\/www.upo.es\/diario\/wp-content\/uploads\/2019\/03\/rubito_hijo-225x320.jpg 225w, https:\/\/www.upo.es\/diario\/wp-content\/uploads\/2019\/03\/rubito_hijo-423x600.jpg 423w, https:\/\/www.upo.es\/diario\/wp-content\/uploads\/2019\/03\/rubito_hijo.jpg 793w\" sizes=\"auto, (max-width: 225px) 100vw, 225px\" \/><\/a>Hoy viernes 8 de marzo, a las 19.00 horas en el sal\u00f3n de actos del Centro Andaluz de Biolog\u00eda del Desarrollo, en el campus de la Universidad Pablo de Olavide, se celebrar\u00e1 un encuentro con el cantaor Manuel Gonz\u00e1lez, de nombre art\u00edstico \u2018Rubito Hijo\u2019, quien estar\u00e1 acompa\u00f1ado a la guitarra por Marcos Serrato.<\/p>\n<p>Esta actividad, cuya entrada es libre y gratuita hasta completar aforo, ha sido organizada por la pe\u00f1a flamenca de la UPO \u201cSentir Flamenco\u201d, que desarrolla su trabajo en el marco del programa &#8216;Artes y Formaci\u00f3n&#8217; del Vicerrectorado de Cultura y Compromiso Social de la UPO.<\/p>\n<p>Integrada por profesorado, alumnado, personal de administraci\u00f3n y personas ajenas a la Universidad, la <a href=\"http:\/\/pfsentirflamenco.blogspot.com\/\">Pe\u00f1a \u2018Sentir Flamenco\u2019 de la UPO<\/a> es una iniciativa que busca el acercamiento de la universidad al flamenco y viceversa. Con el apoyo del Vicerrectorado de Cultura y Compromiso Social, esta pe\u00f1a, considerando las dimensiones antropol\u00f3gicas del flamenco, organiza conferencias, encuentros con artistas, cine, presentaciones de libros, actuaciones y cursos de guitarra y de baile.<\/p>\n","protected":false},"excerpt":{"rendered":"<p>Hoy viernes 8 de marzo, a las 19.00 horas en el sal\u00f3n de actos del Centro Andaluz de Biolog\u00eda del Desarrollo, en el campus de la Universidad Pablo de Olavide, se celebrar\u00e1 un encuentro con el cantaor Manuel Gonz\u00e1lez, de nombre art\u00edstico \u2018Rubito Hijo\u2019, quien estar\u00e1 acompa\u00f1ado a la guitarra por Marcos Serrato. <\/p>\n","protected":false},"author":2,"featured_media":0,"comment_status":"closed","ping_status":"open","sticky":false,"template":"","format":"standard","meta":{"_monsterinsights_skip_tracking":false,"_monsterinsights_sitenote_active":false,"_monsterinsights_sitenote_note":"","_monsterinsights_sitenote_category":0,"footnotes":""},"categories":[7],"tags":[2258,93,1142,4119],"class_list":["post-30834730","post","type-post","status-publish","format-standard","hentry","category-cultura","tag-cante","tag-flamenco","tag-pena-sentir-flamenco","tag-programa-artes-y-formacion"],"_links":{"self":[{"href":"https:\/\/www.upo.es\/diario\/wp-json\/wp\/v2\/posts\/30834730","targetHints":{"allow":["GET"]}}],"collection":[{"href":"https:\/\/www.upo.es\/diario\/wp-json\/wp\/v2\/posts"}],"about":[{"href":"https:\/\/www.upo.es\/diario\/wp-json\/wp\/v2\/types\/post"}],"author":[{"embeddable":true,"href":"https:\/\/www.upo.es\/diario\/wp-json\/wp\/v2\/users\/2"}],"replies":[{"embeddable":true,"href":"https:\/\/www.upo.es\/diario\/wp-json\/wp\/v2\/comments?post=30834730"}],"version-history":[{"count":6,"href":"https:\/\/www.upo.es\/diario\/wp-json\/wp\/v2\/posts\/30834730\/revisions"}],"predecessor-version":[{"id":30855045,"href":"https:\/\/www.upo.es\/diario\/wp-json\/wp\/v2\/posts\/30834730\/revisions\/30855045"}],"wp:attachment":[{"href":"https:\/\/www.upo.es\/diario\/wp-json\/wp\/v2\/media?parent=30834730"}],"wp:term":[{"taxonomy":"category","embeddable":true,"href":"https:\/\/www.upo.es\/diario\/wp-json\/wp\/v2\/categories?post=30834730"},{"taxonomy":"post_tag","embeddable":true,"href":"https:\/\/www.upo.es\/diario\/wp-json\/wp\/v2\/tags?post=30834730"}],"curies":[{"name":"wp","href":"https:\/\/api.w.org\/{rel}","templated":true}]}}