{"id":30835425,"date":"2019-03-07T18:34:42","date_gmt":"2019-03-07T18:34:42","guid":{"rendered":"https:\/\/www.upo.es\/diario\/?p=30835425"},"modified":"2019-04-05T11:43:23","modified_gmt":"2019-04-05T08:43:23","slug":"la-desigualdad-laboral-por-genero-sigue-sin-reducirse-por-la-alta-incidencia-de-la-temporalidad","status":"publish","type":"post","link":"https:\/\/www.upo.es\/diario\/ciencia\/2019\/03\/la-desigualdad-laboral-por-genero-sigue-sin-reducirse-por-la-alta-incidencia-de-la-temporalidad\/","title":{"rendered":"La desigualdad laboral por g\u00e9nero sigue sin reducirse por la alta incidencia de la temporalidad"},"content":{"rendered":"<figure id=\"attachment_30836102\" aria-describedby=\"caption-attachment-30836102\" style=\"width: 320px\" class=\"wp-caption alignright\"><a href=\"https:\/\/www.upo.es\/diario\/wp-content\/uploads\/2019\/03\/igarper_avillar.jpg\"><img loading=\"lazy\" decoding=\"async\" class=\"size-medium wp-image-30836102\" src=\"https:\/\/www.upo.es\/diario\/wp-content\/uploads\/2019\/03\/igarper_avillar-320x157.jpg\" alt=\"Jos\u00e9 Ignacio Garc\u00eda P\u00e9rez y Antonio Villar \" width=\"320\" height=\"157\" srcset=\"https:\/\/www.upo.es\/diario\/wp-content\/uploads\/2019\/03\/igarper_avillar-320x157.jpg 320w, https:\/\/www.upo.es\/diario\/wp-content\/uploads\/2019\/03\/igarper_avillar-600x294.jpg 600w, https:\/\/www.upo.es\/diario\/wp-content\/uploads\/2019\/03\/igarper_avillar.jpg 659w\" sizes=\"auto, (max-width: 320px) 100vw, 320px\" \/><\/a><figcaption id=\"caption-attachment-30836102\" class=\"wp-caption-text\">Antonio Villar y Jos\u00e9 Ignacio Garc\u00eda P\u00e9rez, autores del estudio<\/figcaption><\/figure>\n<p>Los profesores de la Universidad Pablo de Olavide <strong>Jos\u00e9 Ignacio Garc\u00eda P\u00e9rez y Antonio Villar han realizado un estudio sobre nuevos indicadores para medir la situaci\u00f3n del mercado laboral en Espa\u00f1a<\/strong>. Para estos investigadores, los cambios que ha experimentado el mercado de trabajo, motivado entre otras razones por la crisis econ\u00f3mica, la globalizaci\u00f3n o las transformaciones tecnol\u00f3gicas, demandan nuevos indicadores que puedan describir con m\u00e1s precisi\u00f3n la situaci\u00f3n laboral actual y, por ende, tener una visi\u00f3n m\u00e1s completa del mismo y de la econom\u00eda en su conjunto. \u201cEl uso de los contratos de muy corta duraci\u00f3n tiene hoy en d\u00eda mayor peso que en el per\u00edodo antes de la crisis, pero no eran totalmente captados por indicadores tradicionales. Resulta, por tanto, relevante ir m\u00e1s all\u00e1 de los valores medios de la tasa de ocupaci\u00f3n (incidencia del empleo) y tener en cuenta tambi\u00e9n el n\u00famero medio de meses por a\u00f1o trabajados (intensidad), as\u00ed como la distribuci\u00f3n de estas duraciones (desigualdad) en los diversos tipos de trabajadores\u201d, explica Jos\u00e9 Ignacio Garc\u00eda P\u00e9rez.<\/p>\n<p>En el estudio, publicado en la serie de documentos de trabajo del \u00c1rea de An\u00e1lisis Econ\u00f3mico de la UPO, <strong>se ha comparado la situaci\u00f3n de la ocupaci\u00f3n en Espa\u00f1a en 2013 y 2017 para 40 tipos de trabajadores, seg\u00fan g\u00e9nero (dos categor\u00edas), nivel de estudios (4 niveles) y edad (5 grupos)<\/strong>. Para ello, la investigaci\u00f3n toma prestadas algunas ideas de la econom\u00eda del bienestar y elabora un indicador que engloba tres aspectos: la tasa de ocupaci\u00f3n, que mide la incidencia; la duraci\u00f3n media del empleo entre los ocupados, que mide la intensidad; y un factor de penalizaci\u00f3n, que toma en cuenta la desigualdad, medida por el \u00edndice de Gini.<\/p>\n<p>Los datos del estudio provienen de la Muestra Continua de Vidas Laborales (MCVL) y corresponden a registros administrativos proporcionados por la Administraci\u00f3n de Seguridad Social espa\u00f1ola.<\/p>\n<p>Entre los principales resultados del estudio los investigadores destacan el hecho de que el empleo haya crecido m\u00e1s que los meses trabajados y sustancialmente m\u00e1s para los hombres que para las mujeres entre 2013 y 2017. La desigualdad se ha reducido (tambi\u00e9n m\u00e1s para ellos que para ellas) y en conjunto se produce una mejora del bienestar social asociado a la ocupaci\u00f3n de en torno al 7% para los hombres y que no llega al 3% para las mujeres. \u201cLa diferencia entre hombres y mujeres se debe a que \u00e9stas sufrieron mucho menos la incidencia de la crisis. Sin embargo, en la recuperaci\u00f3n los hombres se han visto mucho m\u00e1s beneficiados que las mujeres, por lo que han ganado m\u00e1s en bienestar que ellas\u201d, subraya Jos\u00e9 Ignacio Garc\u00eda P\u00e9rez.<\/p>\n<p>La edad es el determinante fundamental de la situaci\u00f3n laboral y los mayores niveles educativos est\u00e1n asociados a mejores valores medios del indicador del bienestar. \u201cLos j\u00f3venes con estudios universitarios han visto mejorado su nivel de bienestar en la recuperaci\u00f3n por dos causas: primero, porque el tama\u00f1o de este grupo poblacional es cada vez menos numeroso por razones demogr\u00e1ficas y, por tanto, compiten menos por puestos de trabajo a ese nivel de cualificaci\u00f3n y, en segundo lugar, porque siguen accediendo tambi\u00e9n a puestos de trabajo de nivel medio o medio-bajo, con lo que su mercado es m\u00e1s amplio y sus posibilidades de empleo mayores\u201d explica el investigador. \u201cAl comparar la situaci\u00f3n en los a\u00f1os 2013 y 2017, encontramos que la recuperaci\u00f3n ha favorecido claramente a los hombres frente a las mujeres y ha penalizado especialmente a los j\u00f3venes, excepto a aquellos con educaci\u00f3n superior y a las mujeres con menores niveles educativos\u201d, subraya.<\/p>\n<p><b>Andaluc\u00eda, entre las regiones con mayores diferencias negativas entre empleo y bienestar<\/b><\/p>\n<p>Tras el an\u00e1lisis por comunidades aut\u00f3nomas, el estudio concluye que, a excepci\u00f3n de La Rioja y Cantabria, las regiones por debajo de la media nacional en t\u00e9rminos de empleo est\u00e1n todav\u00eda m\u00e1s abajo en niveles de bienestar. Andaluc\u00eda, Castilla La Mancha, Valencia y Murcia son las regiones que presentan mayores diferencias negativas entre empleo y bienestar, mientras que Catalu\u00f1a, Madrid, Navarra y el Pa\u00eds Vasco son las que presentan las mayores diferencias positivas.<\/p>\n<p>Jos\u00e9 Ignacio Garc\u00eda P\u00e9rez se\u00f1ala que en Andaluc\u00eda el nivel de bienestar de la poblaci\u00f3n activa sigue sin mejorar porque el n\u00famero medio de meses que se trabaja al a\u00f1o es bajo debido a la alta incidencia de la precariedad laboral y apunta que \u201ccualquier reforma de la legislaci\u00f3n que fomente la contrataci\u00f3n indefinida ser\u00e1 especialmente beneficiosa para esta tierra\u201d.<\/p>\n<p>&nbsp;<\/p>\n<p>Jos\u00e9 Ignacio Garc\u00eda P\u00e9rez &amp; Antonio Villar, 2019. <a href=\"https:\/\/ideas.repec.org\/p\/pab\/wpaper\/19.04.html\"><b><i>On the three i\u2019s of employment and the Spanish labour market<\/i><\/b><\/a><i>,<\/i>\u00a0<a href=\"https:\/\/ideas.repec.org\/s\/pab\/wpaper.html\">Working Papers<\/a>\u00a019.04, Universidad Pablo de Olavide, Department of Economics:\u00a0<a href=\"https:\/\/ideas.repec.org\/p\/pab\/wpaper\/19.04.html\">https:\/\/ideas.repec.org\/p\/pab\/wpaper\/19.04.html<\/a><\/p>\n<p><a href=\"https:\/\/www.upo.es\/diario\/english\/2019\/03\/gender-inequality-on-the-labour-market-does-not-decrease-due-to-the-high-incidence-of-temporary-contracts\/\">Press Release in English<\/a><\/p>\n","protected":false},"excerpt":{"rendered":"<p>Los profesores de la Universidad Pablo de Olavide Jos\u00e9 Ignacio Garc\u00eda P\u00e9rez y Antonio Villar han realizado un estudio sobre nuevos indicadores para medir la situaci\u00f3n del mercado laboral en Espa\u00f1a. Para estos investigadores, los cambios que ha experimentado el mercado de trabajo, motivado entre otras razones por la crisis econ\u00f3mica, la globalizaci\u00f3n o las transformaciones tecnol\u00f3gicas, demandan nuevos indicadores que puedan describir con m\u00e1s precisi\u00f3n la situaci\u00f3n laboral actual y, por ende, tener una visi\u00f3n m\u00e1s completa del mismo y de la econom\u00eda en su conjunto. <\/p>\n","protected":false},"author":6,"featured_media":30836102,"comment_status":"closed","ping_status":"open","sticky":false,"template":"","format":"standard","meta":{"_monsterinsights_skip_tracking":false,"_monsterinsights_sitenote_active":false,"_monsterinsights_sitenote_note":"","_monsterinsights_sitenote_category":0,"footnotes":""},"categories":[3],"tags":[190,576,2679,63,285,336,56,1712,567],"class_list":["post-30835425","post","type-post","status-publish","format-standard","has-post-thumbnail","hentry","category-ciencia","tag-andalucia","tag-antonio-villar","tag-desigualdad","tag-economia","tag-espana","tag-genero","tag-investigacion","tag-jose-ignacio-garcia","tag-mercado-laboral"],"_links":{"self":[{"href":"https:\/\/www.upo.es\/diario\/wp-json\/wp\/v2\/posts\/30835425","targetHints":{"allow":["GET"]}}],"collection":[{"href":"https:\/\/www.upo.es\/diario\/wp-json\/wp\/v2\/posts"}],"about":[{"href":"https:\/\/www.upo.es\/diario\/wp-json\/wp\/v2\/types\/post"}],"author":[{"embeddable":true,"href":"https:\/\/www.upo.es\/diario\/wp-json\/wp\/v2\/users\/6"}],"replies":[{"embeddable":true,"href":"https:\/\/www.upo.es\/diario\/wp-json\/wp\/v2\/comments?post=30835425"}],"version-history":[{"count":4,"href":"https:\/\/www.upo.es\/diario\/wp-json\/wp\/v2\/posts\/30835425\/revisions"}],"predecessor-version":[{"id":30855923,"href":"https:\/\/www.upo.es\/diario\/wp-json\/wp\/v2\/posts\/30835425\/revisions\/30855923"}],"wp:featuredmedia":[{"embeddable":true,"href":"https:\/\/www.upo.es\/diario\/wp-json\/wp\/v2\/media\/30836102"}],"wp:attachment":[{"href":"https:\/\/www.upo.es\/diario\/wp-json\/wp\/v2\/media?parent=30835425"}],"wp:term":[{"taxonomy":"category","embeddable":true,"href":"https:\/\/www.upo.es\/diario\/wp-json\/wp\/v2\/categories?post=30835425"},{"taxonomy":"post_tag","embeddable":true,"href":"https:\/\/www.upo.es\/diario\/wp-json\/wp\/v2\/tags?post=30835425"}],"curies":[{"name":"wp","href":"https:\/\/api.w.org\/{rel}","templated":true}]}}