{"id":30855203,"date":"2019-03-12T12:51:46","date_gmt":"2019-03-12T12:51:46","guid":{"rendered":"https:\/\/www.upo.es\/diario\/?p=30855203"},"modified":"2019-03-25T10:27:55","modified_gmt":"2019-03-25T08:27:55","slug":"clausuradas-las-jornadas-mujeres-que-hacen-historia-de-la-universidad-pablo-de-olavide","status":"publish","type":"post","link":"https:\/\/www.upo.es\/diario\/docencia-formacion\/2019\/03\/clausuradas-las-jornadas-mujeres-que-hacen-historia-de-la-universidad-pablo-de-olavide\/","title":{"rendered":"Clausuradas las Jornadas &#8216;Mujeres que hacen historia&#8217; de la Universidad Pablo de Olavide"},"content":{"rendered":"<figure id=\"attachment_30855204\" aria-describedby=\"caption-attachment-30855204\" style=\"width: 392px\" class=\"wp-caption alignright\"><a href=\"https:\/\/www.upo.es\/diario\/wp-content\/uploads\/2019\/03\/Mujeres-Historia-Clausura_1.jpg\"><img loading=\"lazy\" decoding=\"async\" class=\" wp-image-30855204\" src=\"https:\/\/www.upo.es\/diario\/wp-content\/uploads\/2019\/03\/Mujeres-Historia-Clausura_1-600x338.jpg\" alt=\"\" width=\"392\" height=\"221\" srcset=\"https:\/\/www.upo.es\/diario\/wp-content\/uploads\/2019\/03\/Mujeres-Historia-Clausura_1-600x338.jpg 600w, https:\/\/www.upo.es\/diario\/wp-content\/uploads\/2019\/03\/Mujeres-Historia-Clausura_1-320x180.jpg 320w, https:\/\/www.upo.es\/diario\/wp-content\/uploads\/2019\/03\/Mujeres-Historia-Clausura_1-768x432.jpg 768w\" sizes=\"auto, (max-width: 392px) 100vw, 392px\" \/><\/a><figcaption id=\"caption-attachment-30855204\" class=\"wp-caption-text\">Elodia Hern\u00e1ndez, vicerrectora de Cultura y Compromiso Social (i); Bruno Mart\u00ednez, vicerrector de Investigaci\u00f3n y Transferencia de Tecnolog\u00eda y Rosario Moreno, decana de la Facultad de Humanidades (d).<\/figcaption><\/figure>\n<p>Hoy martes, 12 de marzo, se han clausurado en el Rectorado de la Universidad Pablo de Olavide las <strong>Jornadas<em> Mujeres que hacen historia<\/em><\/strong> correspondientes al curso 2018\/2019, en un acto que ha estado presidido por Bruno Mart\u00ednez Haya, vicerrector de Investigaci\u00f3n y Transferencia de Tecnolog\u00eda, y Elodia Hern\u00e1ndez Le\u00f3n, vicerrectora de Cultura y Compromiso Social de la Universidad, y que ha contado tambi\u00e9n con la presencia de Rosario Moreno Soldevila, decana de la Facultad de Humanidades, organizadora de las Jornadas con la colaboraci\u00f3n de la Fundaci\u00f3n Espa\u00f1ola para la Ciencia y la Tecnolog\u00eda-Ministerio de Ciencia, Innovaci\u00f3n y Universidades; la empresa La Odisea de la Historia; la Oficina para la Igualdad y el Vicerrectorado de Investigaci\u00f3n y Transferencia de Tecnolog\u00eda de la UPO.<\/p>\n<p>En total durante el presente curso se han celebrado cinco Jornadas entre octubre de 2018 y febrero de 2019, en las que han participado aproximadamente 1100 personas de <strong>23 centros de secundaria<\/strong>, principalmente estudiantes de Bachillerato de <strong>Sevilla <\/strong>y su provincia acompa\u00f1ados por sus profesores y profesoras, pero tambi\u00e9n de las provincias de <strong>C\u00f3rdoba<\/strong> y <strong>Huelva<\/strong> y de Formaci\u00f3n Profesional.<\/p>\n<p>El objetivo de estas Jornadas ha sido que el alumnado de Bachillerato se acerque de una manera interactiva y atractiva a la <strong>investigaci\u00f3n hist\u00f3rica<\/strong> y reflexione sobre el papel de las mujeres en la historia y la necesidad de su estudio para conseguir una sociedad m\u00e1s equitativa. Las Jornadas se han estructurado en tres partes, la primera y la \u00faltima a cargo de la empresa La Odisea de la Historia, fundada por antiguos alumnos de la Facultad de Humanidades, que ha propuesto un acercamiento a la materia de manera l\u00fadica, mediante concursos, juegos, etc\u00e9tera. Por otro lado, la parte central de cada Jornada se ha desarrollado en diferentes talleres pr\u00e1cticos con investigadoras de la Facultad de Humanidades. A lo largo de las cinco Jornadas <strong>se han celebrado un total de 35 talleres a cargo de 11 investigadoras de la Universidad Pablo de Olavide<\/strong>. Han colaborado, adem\u00e1s, en la organizaci\u00f3n voluntarias, estudiantes o egresadas de la Facultad de Humanidades.<\/p>\n<p>Finalmente, a lo largo de estos d\u00edas, y en el marco de las actividades del D\u00eda Internacional de la Mujer, se han grabado v\u00eddeos divulgativos de los talleres celebrados: adem\u00e1s de presentar el objetivo y la metodolog\u00eda de cada taller, las investigadoras han esbozado su trayectoria cient\u00edfica y han compartido sus reflexiones sobre por qu\u00e9 es imprescindible la investigaci\u00f3n hist\u00f3rica sobre las mujeres.<\/p>\n<p>Listado de centros, curso 2018\/2019: CES Academia Lope de Vega (C\u00f3rdoba); IES San Jer\u00f3nimo (Sevilla); IES El Molinillo (Guillena); IES Azahar (Sevilla); IES Luca de Tena (Sevilla); IES Triana (Sevilla); IES Mar\u00eda Galiana (Montequinto); San Alberto Magno (Dos Hermanas); IES Antonio Dom\u00ednguez Ortiz (Sevilla); I.B.M.V. Bami (Sevilla); IES La Palma (La Palma del Condado, Huelva); IES \u00cdtaca (Tomares); IES Rodrigo Caro (Coria del R\u00edo); IES Vel\u00e1zquez (Sevilla); IES Los Alcores (Mairena del Alcor); IES Federico Mayor Zaragoza (Sevilla); SAFA (Sevilla); IES Cavaleri (Mairena del Aljarafe); IES Crist\u00f3bal de Monroy (Alcal\u00e1 de Guadaira); IES Antonio Machado (Sevilla); IES Lucus Solis (Sanl\u00facar la Mayor), Ergos FO (Dos Hermanas) y IES Juan de Mairena (Mairena del Aljarafe).<\/p>\n<p><strong><u>\u2018MUJERES QUE HACEN HISTORIA\u2019 \u2013 TALLERES IMPARTIDOS<\/u><\/strong><strong>:<\/strong><\/p>\n<p>TALLER 1: <strong>\u2018\u00bfQu\u00e9 hac\u00edan las mujeres cuando no hac\u00edan nada? El trabajo invisible de nuestras bisabuelas\u2019<\/strong>.<\/p>\n<p>Investigadora: Inmaculada Villa Gil-Bermejo.<\/p>\n<p>TALLER 2: <strong>\u2018Mujeres y pol\u00edtica: \u00bfhab\u00eda consejos de ministras en la antigua Roma?\u2019<\/strong>.<\/p>\n<p>Investigadora: Cristina Rosillo L\u00f3pez.<\/p>\n<p>TALLER 3: <strong>\u2018Mujeres religiosas: emparedadas, beatas y terceras\u2019<\/strong>.<\/p>\n<p>Investigadora: Silvia Mar\u00eda P\u00e9rez Gonz\u00e1lez.<\/p>\n<p>TALLER 4: <strong>\u2018Mujeres entre dos orillas: poder, sociedad y religi\u00f3n en la Am\u00e9rica colonial\u2019<\/strong>.<\/p>\n<p>Investigadoras: Roc\u00edo Moreno Cabanillas y Mar\u00eda Isabel Cabanillas Barroso.<\/p>\n<p>TALLER 5: <strong>\u2018Pensando a contracorriente\u2019<\/strong>.<\/p>\n<p>Investigadora: Marian P\u00e9rez Bernal.<\/p>\n<p>TALLER 6: <strong>\u2018Mujeres en la conquista y colonizaci\u00f3n de Am\u00e9rica\u2019<\/strong>.<\/p>\n<p>Investigadoras: Amelia Almorza Hidalgo y Bethany Aram.<\/p>\n<p>TALLER 7: <strong>\u2018El lugar de las mujeres en la Historia del Arte\u2019<\/strong>.<\/p>\n<p>Investigadora: Ana Aranda Bernal.<\/p>\n<p>TALLER 8: \u2018<strong>Ese oscuro objeto del deseo: estereotipos sobre la mujer en la Historia Antigua\u2019<\/strong>.<\/p>\n<p>Investigadora: Elena Mu\u00f1iz Grijalvo.<\/p>\n<p>TALLER 9: <strong>\u2018Honra femenina y redes solidarias de mujeres en el Barroco\u2019<\/strong>.<\/p>\n<p>Investigadora: Eva Mazano P\u00e9rez<\/p>\n<p>&nbsp;<\/p>\n","protected":false},"excerpt":{"rendered":"<p>El objetivo de estas Jornadas ha sido que el alumnado de Bachillerato se acerque de una manera interactiva y atractiva a la investigaci\u00f3n hist\u00f3rica y reflexione sobre el papel de las mujeres en la historia y la necesidad de su estudio para conseguir una sociedad m\u00e1s equitativa. <\/p>\n","protected":false},"author":4,"featured_media":30855205,"comment_status":"closed","ping_status":"open","sticky":false,"template":"","format":"standard","meta":{"_monsterinsights_skip_tracking":false,"_monsterinsights_sitenote_active":false,"_monsterinsights_sitenote_note":"","_monsterinsights_sitenote_category":0,"footnotes":""},"categories":[2779],"tags":[644,96,2672,84,5846],"class_list":["post-30855203","post","type-post","status-publish","format-standard","has-post-thumbnail","hentry","category-docencia-formacion","tag-bachillerato","tag-facultad-de-humanidades","tag-investigacion-historica","tag-jornadas","tag-mujeres-que-hacen-historia"],"_links":{"self":[{"href":"https:\/\/www.upo.es\/diario\/wp-json\/wp\/v2\/posts\/30855203","targetHints":{"allow":["GET"]}}],"collection":[{"href":"https:\/\/www.upo.es\/diario\/wp-json\/wp\/v2\/posts"}],"about":[{"href":"https:\/\/www.upo.es\/diario\/wp-json\/wp\/v2\/types\/post"}],"author":[{"embeddable":true,"href":"https:\/\/www.upo.es\/diario\/wp-json\/wp\/v2\/users\/4"}],"replies":[{"embeddable":true,"href":"https:\/\/www.upo.es\/diario\/wp-json\/wp\/v2\/comments?post=30855203"}],"version-history":[{"count":1,"href":"https:\/\/www.upo.es\/diario\/wp-json\/wp\/v2\/posts\/30855203\/revisions"}],"predecessor-version":[{"id":30855206,"href":"https:\/\/www.upo.es\/diario\/wp-json\/wp\/v2\/posts\/30855203\/revisions\/30855206"}],"wp:featuredmedia":[{"embeddable":true,"href":"https:\/\/www.upo.es\/diario\/wp-json\/wp\/v2\/media\/30855205"}],"wp:attachment":[{"href":"https:\/\/www.upo.es\/diario\/wp-json\/wp\/v2\/media?parent=30855203"}],"wp:term":[{"taxonomy":"category","embeddable":true,"href":"https:\/\/www.upo.es\/diario\/wp-json\/wp\/v2\/categories?post=30855203"},{"taxonomy":"post_tag","embeddable":true,"href":"https:\/\/www.upo.es\/diario\/wp-json\/wp\/v2\/tags?post=30855203"}],"curies":[{"name":"wp","href":"https:\/\/api.w.org\/{rel}","templated":true}]}}