{"id":30855360,"date":"2019-03-14T11:29:34","date_gmt":"2019-03-14T11:29:34","guid":{"rendered":"https:\/\/www.upo.es\/diario\/?p=30855360"},"modified":"2019-03-14T15:51:38","modified_gmt":"2019-03-14T15:51:38","slug":"aprobada-la-formacion-para-2019-del-personal-docente-e-investigador-de-la-upo","status":"publish","type":"post","link":"https:\/\/www.upo.es\/diario\/comunidad\/2019\/03\/aprobada-la-formacion-para-2019-del-personal-docente-e-investigador-de-la-upo\/","title":{"rendered":"Aprobada la formaci\u00f3n para 2019 del personal docente e investigador de la UPO"},"content":{"rendered":"<p>La <strong>Comisi\u00f3n de Formaci\u00f3n del Personal Docente e Investigador de la Universidad Pablo de Olavide<\/strong> ha aprobado el programa de las actividades para 2019 dentro del Plan de Formaci\u00f3n del PDI 2017-2019. Para el desarrollo de estos programas de formaci\u00f3n, se ha realizado un detallado an\u00e1lisis de las necesidades de formaci\u00f3n detectadas en el PDI, partiendo de las aportaciones, demandas y ofertas del profesorado, que ha participado directamente en el desarrollo de las propuestas.<\/p>\n<p>El <a href=\"https:\/\/www.upo.es\/cms1\/export\/sites\/upo\/desarrollo\/documentos\/pdi\/planes\/PlanFormacionPDI_2017_2019_Aprobado_comision.pdf\">Plan de Formaci\u00f3n 2017-2019<\/a>, coordinado por el Vicerrectorado de Profesorado y la Direcci\u00f3n General de Formaci\u00f3n e Innovaci\u00f3n Docente de la Universidad, se estructura en torno a los siguientes programas de formaci\u00f3n individual: formaci\u00f3n docente; formaci\u00f3n para la investigaci\u00f3n; formaci\u00f3n en calidad y gesti\u00f3n; formaci\u00f3n en TICs; y formaci\u00f3n transversal en prevenci\u00f3n, idiomas, desarrollo personal, etc. Este Plan va destinado al Personal Docente e Investigador de la UPO y entre sus objetivos se encuentra el de servir de apoyo al <a href=\"https:\/\/www.upo.es\/formacion-innovacion-docente\/plan-innovacion-desarrollo-docente\/\">Plan de Innovaci\u00f3n y Desarrollo Docente<\/a>, dise\u00f1ado para la renovaci\u00f3n metodol\u00f3gica de la docencia en la Universidad.<\/p>\n<figure style=\"width: 200px\" class=\"wp-caption alignright\"><img loading=\"lazy\" decoding=\"async\" class=\"size-medium\" src=\"https:\/\/www.upo.es\/cms1\/export\/sites\/upo\/formacion-innovacion-docente\/imagenes\/mariano-reyes.png_1864823633.png\" alt=\"Mariano Reyes\" width=\"200\" height=\"132\" \/><figcaption class=\"wp-caption-text\">Mariano Reyes Tejedor<\/figcaption><\/figure>\n<p><strong>Mariano Reyes Tejedor<\/strong>, director general de Formaci\u00f3n e Innovaci\u00f3n Docente de la UPO, ha destacado del programa aprobado para 2019 por la Comisi\u00f3n\u00a0 el inter\u00e9s de las nuevas propuestas que enfatizan la formaci\u00f3n en idiomas, como el italiano y especialmente el ingl\u00e9s, la formaci\u00f3n centrada en la diversidad funcional y educaci\u00f3n emocional con fines docentes, cursos para la igualdad, prevenci\u00f3n contra la violencia de g\u00e9nero y formaci\u00f3n de agentes para su detecci\u00f3n y actuaci\u00f3n, \u00a0as\u00ed como la activaci\u00f3n de las salas de aprendizaje activo donde se podr\u00e1n usar dispositivos de Nuevas Tecnolog\u00edas tales como las pizarras digitales interactivas, dispositivos de realidad virtual e impresora 3D con fines docentes, adem\u00e1s de \u00a0dispositivos para videconferencias \u2013tambi\u00e9n en red entre distintas salas interconectadas\u2013, y la posibilidad de realizar grabaciones de las clases por parte del docente.<\/p>\n<p>La programaci\u00f3n del a\u00f1o se ir\u00e1 publicando en el siguiente enlace, donde ya pueden solicitarse las primeras acciones formativas para el PDI: <a href=\"http:\/\/www.upo.es\/desarrollo\/pdi\/acciones-formativas-2019\/\">www.upo.es\/desarrollo\/pdi\/acciones-formativas-2019\/<\/a><\/p>\n","protected":false},"excerpt":{"rendered":"<p>La Comisi\u00f3n de Formaci\u00f3n del Personal Docente e Investigador de la Universidad Pablo de Olavide ha aprobado el programa de las actividades para 2019 dentro del Plan de Formaci\u00f3n del PDI 2017-2019. Para el desarrollo de estos programas de formaci\u00f3n, se ha realizado un detallado an\u00e1lisis de las necesidades de formaci\u00f3n detectadas en el PDI, partiendo de las aportaciones, demandas y ofertas del profesorado, que ha participado directamente en el desarrollo de las propuestas.<\/p>\n","protected":false},"author":6,"featured_media":12785794,"comment_status":"closed","ping_status":"open","sticky":false,"template":"","format":"standard","meta":{"_monsterinsights_skip_tracking":false,"_monsterinsights_sitenote_active":false,"_monsterinsights_sitenote_note":"","_monsterinsights_sitenote_category":0,"footnotes":""},"categories":[5842],"tags":[3724,1973,554,2029,1218,199,4500],"class_list":["post-30855360","post","type-post","status-publish","format-standard","has-post-thumbnail","hentry","category-comunidad","tag-curso-de-formacion","tag-docencia","tag-innovacion","tag-mariano-reyes","tag-pdi","tag-profesorado","tag-programa-de-formacion"],"_links":{"self":[{"href":"https:\/\/www.upo.es\/diario\/wp-json\/wp\/v2\/posts\/30855360","targetHints":{"allow":["GET"]}}],"collection":[{"href":"https:\/\/www.upo.es\/diario\/wp-json\/wp\/v2\/posts"}],"about":[{"href":"https:\/\/www.upo.es\/diario\/wp-json\/wp\/v2\/types\/post"}],"author":[{"embeddable":true,"href":"https:\/\/www.upo.es\/diario\/wp-json\/wp\/v2\/users\/6"}],"replies":[{"embeddable":true,"href":"https:\/\/www.upo.es\/diario\/wp-json\/wp\/v2\/comments?post=30855360"}],"version-history":[{"count":2,"href":"https:\/\/www.upo.es\/diario\/wp-json\/wp\/v2\/posts\/30855360\/revisions"}],"predecessor-version":[{"id":30855362,"href":"https:\/\/www.upo.es\/diario\/wp-json\/wp\/v2\/posts\/30855360\/revisions\/30855362"}],"wp:featuredmedia":[{"embeddable":true,"href":"https:\/\/www.upo.es\/diario\/wp-json\/wp\/v2\/media\/12785794"}],"wp:attachment":[{"href":"https:\/\/www.upo.es\/diario\/wp-json\/wp\/v2\/media?parent=30855360"}],"wp:term":[{"taxonomy":"category","embeddable":true,"href":"https:\/\/www.upo.es\/diario\/wp-json\/wp\/v2\/categories?post=30855360"},{"taxonomy":"post_tag","embeddable":true,"href":"https:\/\/www.upo.es\/diario\/wp-json\/wp\/v2\/tags?post=30855360"}],"curies":[{"name":"wp","href":"https:\/\/api.w.org\/{rel}","templated":true}]}}