{"id":30855394,"date":"2019-03-13T18:54:52","date_gmt":"2019-03-13T18:54:52","guid":{"rendered":"https:\/\/www.upo.es\/diario\/?p=30855394"},"modified":"2019-03-25T10:27:26","modified_gmt":"2019-03-25T08:27:26","slug":"rocio-jimenez-diplomada-con-discapacidad-intelectual-imparte-la-conferencia-prevencion-contra-la-violencia-de-genero","status":"publish","type":"post","link":"https:\/\/www.upo.es\/diario\/cultura-social\/2019\/03\/rocio-jimenez-diplomada-con-discapacidad-intelectual-imparte-la-conferencia-prevencion-contra-la-violencia-de-genero\/","title":{"rendered":"Roc\u00edo Jim\u00e9nez, diplomada con discapacidad intelectual, imparte la conferencia &#8216;Prevenci\u00f3n contra la violencia de g\u00e9nero&#8217;"},"content":{"rendered":"<p><strong> Roc\u00edo Jim\u00e9nez Castilla<\/strong>, una <strong>sevillana con discapacidad intelectual<\/strong> diplomada en la I edici\u00f3n del t\u00edtulo propio \u2018Formaci\u00f3n para el empleo y la vida aut\u00f3noma de personas con discapacidad intelectual\u2019 (FEVIDA) de la Universidad Pablo de Olavide<strong>, ha impartido la conferencia \u2018Prevenci\u00f3n de la violencia de g\u00e9nero\u2019<\/strong>, una charla que ha tenido como principal objetivo reflexionar sobre este tipo de violencia ejercida contra la mujer a trav\u00e9s del machismo que impregnan las comunicaciones y acciones cotidianas. La presentaci\u00f3n del acto ha corrido a cargo de <strong>Rosa Mar\u00eda D\u00edaz<\/strong>, <strong>decana de la Facultad de Ciencias Sociales<\/strong> y directora acad\u00e9mica de FEVIDA.<\/p>\n<p>\u201cQuiero que la mujer no se sienta sola ante un caso de violencia\u201d, explica Jim\u00e9nez Castilla, que se ha formado y preparado para sensibilizar y formar sobre las violencias y, concretamente, sobre las que sufre el colectivo femenino. \u201cSi te pegan, si te controlan, si te gritan no es amor\u201d, ha subrayado durante la conferencia, en la que ha analizado\u00a0 el machismo presente en la m\u00fasica o en la publicidad, entre otros \u00e1mbitos. Asimismo, la ponente ha advertido sobre el fen\u00f3meno del \u2018sexting\u2019, el env\u00edo de contenido sexual\u00a0 (im\u00e1genes o v\u00eddeos del propio emisor) a trav\u00e9s del m\u00f3vil, cada vez m\u00e1s frecuente entre los j\u00f3venes.<\/p>\n<p>Roc\u00edo Jim\u00e9nez fue una de las alumnas de la\u00a0 I edici\u00f3n del programa FEVIDA, un t\u00edtulo propio de la Universidad Pablo de Olavide que cuenta con financiaci\u00f3n de la Fundaci\u00f3n Once y del Fondo Social Europeo, adem\u00e1s de con la colaboraci\u00f3n de la Asociaci\u00f3n Paz y Bien y Down Sevilla. Este programa se desarrolla tambi\u00e9n en una veintena de universidades espa\u00f1olas y permite a las personas con diversidad funcional cognitiva, adem\u00e1s de obtener un t\u00edtulo, formar parte de la comunidad universitaria y disfrutar de una experiencia de vida.<\/p>\n","protected":false},"excerpt":{"rendered":"<p>Roc\u00edo Jim\u00e9nez Castilla, una sevillana con discapacidad intelectual diplomada en la I edici\u00f3n del t\u00edtulo propio \u2018Formaci\u00f3n para el empleo y la vida aut\u00f3noma de personas con discapacidad intelectual\u2019 FEVIDA de la Universidad Pablo de Olavide, ha impartido la conferencia \u2018Prevenci\u00f3n de la violencia de g\u00e9nero\u2019, una charla que ha tenido como principal objetivo reflexionar sobre este tipo de violencia ejercida contra la mujer a trav\u00e9s del machismo que impregnan las comunicaciones y acciones cotidianas. La presentaci\u00f3n del acto ha corrido a cargo de Rosa Mar\u00eda D\u00edaz, decana de la Facultad de Ciencias Sociales y directora acad\u00e9mica del curso.<\/p>\n","protected":false},"author":15,"featured_media":30855396,"comment_status":"closed","ping_status":"open","sticky":false,"template":"","format":"standard","meta":{"_monsterinsights_skip_tracking":false,"_monsterinsights_sitenote_active":false,"_monsterinsights_sitenote_note":"","_monsterinsights_sitenote_category":0,"footnotes":""},"categories":[5843],"tags":[227,487,5056,3627,5853,5854,2441],"class_list":["post-30855394","post","type-post","status-publish","format-standard","has-post-thumbnail","hentry","category-cultura-social","tag-conferencia","tag-facultad-ciencias-sociales","tag-fevida","tag-machismo","tag-rocio-jimenez","tag-rosa-diaz","tag-violencia-de-genero"],"_links":{"self":[{"href":"https:\/\/www.upo.es\/diario\/wp-json\/wp\/v2\/posts\/30855394","targetHints":{"allow":["GET"]}}],"collection":[{"href":"https:\/\/www.upo.es\/diario\/wp-json\/wp\/v2\/posts"}],"about":[{"href":"https:\/\/www.upo.es\/diario\/wp-json\/wp\/v2\/types\/post"}],"author":[{"embeddable":true,"href":"https:\/\/www.upo.es\/diario\/wp-json\/wp\/v2\/users\/15"}],"replies":[{"embeddable":true,"href":"https:\/\/www.upo.es\/diario\/wp-json\/wp\/v2\/comments?post=30855394"}],"version-history":[{"count":2,"href":"https:\/\/www.upo.es\/diario\/wp-json\/wp\/v2\/posts\/30855394\/revisions"}],"predecessor-version":[{"id":30855400,"href":"https:\/\/www.upo.es\/diario\/wp-json\/wp\/v2\/posts\/30855394\/revisions\/30855400"}],"wp:featuredmedia":[{"embeddable":true,"href":"https:\/\/www.upo.es\/diario\/wp-json\/wp\/v2\/media\/30855396"}],"wp:attachment":[{"href":"https:\/\/www.upo.es\/diario\/wp-json\/wp\/v2\/media?parent=30855394"}],"wp:term":[{"taxonomy":"category","embeddable":true,"href":"https:\/\/www.upo.es\/diario\/wp-json\/wp\/v2\/categories?post=30855394"},{"taxonomy":"post_tag","embeddable":true,"href":"https:\/\/www.upo.es\/diario\/wp-json\/wp\/v2\/tags?post=30855394"}],"curies":[{"name":"wp","href":"https:\/\/api.w.org\/{rel}","templated":true}]}}