{"id":30855433,"date":"2019-03-15T14:46:15","date_gmt":"2019-03-15T14:46:15","guid":{"rendered":"https:\/\/www.upo.es\/diario\/?p=30855433"},"modified":"2019-03-21T13:35:08","modified_gmt":"2019-03-21T11:35:08","slug":"la-upo-celebra-unas-jornadas-sobre-cohousing","status":"publish","type":"post","link":"https:\/\/www.upo.es\/diario\/cultura-social\/2019\/03\/la-upo-celebra-unas-jornadas-sobre-cohousing\/","title":{"rendered":"La UPO celebra unas jornadas sobre cohousing"},"content":{"rendered":"<p>La <strong>C\u00e1tedra de Econom\u00eda Social, \u00c9tica y Ciudadan\u00eda El Roble (UPO),<\/strong> con la colaboraci\u00f3n de la asociaci\u00f3n Iniciativa Sevilla Abierta (ISA) y el Colegio de Arquitectos de Sevilla (COAS) celebra en la sala de grados del edificio 7 de la Universidad Pablo de Olavide \u00a0las <strong>Jornadas \u00a0\u2018Sembrando la ciudad de iniciativas contra la soledad: las viviendas colaborativas para mayores\u2019<\/strong>, un punto de encuentro entre diferentes colectivos e instituciones para abordar las posibilidades que ofrecen\u00a0 las viviendas colaborativas para mayores senior <em>cohousing<\/em>, un modelo que busca prevenir la soledad y promover un envejecimiento aut\u00f3nomo y activo.<\/p>\n<p>Las Jornadas han comenzado a las 9:30, con la presentaci\u00f3n a cargo de Antonio Mu\u00f1oz Mart\u00ednez, delegado de H\u00e1bitat Urbano, Cultura y Turismo del Ayuntamiento de Sevilla, y continuar\u00e1n hasta las 19:00, contando con la participaci\u00f3n de un nutrido grupo de expertos que enriquecer\u00e1n el debate desde diferentes perspectivas, ya que esta soluci\u00f3n habitacional para combatir la soledad de los mayores requiere la mirada de distintos grupos de usuarios y colectivos de inter\u00e9s, as\u00ed como de empresas, administraciones p\u00fablicas, operadores privados, entidades financieras y profesionales de los \u00e1mbitos del derecho, la intervenci\u00f3n social o la arquitectura.<\/p>\n<p>El catedr\u00e1tico de Psicolog\u00eda B\u00e1sica de la UPO y director de la C\u00e1tedra de Econom\u00eda Social, \u00c9tica y Ciudadan\u00eda El Roble, <strong>Jos\u00e9 Antonio S\u00e1nchez Medina<\/strong>, y la profesora de Derecho Civil de la UPO y subdirectora de la misma c\u00e1tedra, <strong>Laura L\u00f3pez de la Cruz<\/strong>, han intervenido con las ponencias \u2018El cambio demogr\u00e1fico y sus retos. La soledad sobrevenida\u2019 y \u2018Yo decido c\u00f3mo y con qui\u00e9n quiero vivir: alternativas de autogesti\u00f3n para personas de edad avanzada\u2019, respectivamente. Asimismo, se han tratado tambi\u00e9n, entre otros puntos, el modelo de financiaci\u00f3n, los proyectos de Estocolmo, C\u00f3rdoba y Sevilla o el papel que juegan las Administraciones p\u00fablicas en estos modelos habitacionales.<\/p>\n<p>\u201cHay un enorme inter\u00e9s social en este tipo de iniciativas, los mayores est\u00e1n reclamando una mayor presencia en todos los \u00e1mbitos y tienen claro que no quieren envejecer en soledad\u201d, explica Laura L\u00f3pez de la Cruz. La subdirectora de la C\u00e1tedra \u2018El Roble\u2019 afirma que la Administraci\u00f3n p\u00fablica est\u00e1 siendo consciente de que tiene que actuar ante esta necesidad y est\u00e1 dando pasos hacia adelante: \u201cTodav\u00eda queda por cambiar la legislaci\u00f3n para facilitar este tipo de iniciativas pero con el marco actual se puede avanzar y se est\u00e1 avanzando como demuestran los casos de las administraciones locales de Sevilla y C\u00f3rdoba\u201d.<\/p>\n","protected":false},"excerpt":{"rendered":"<p>La C\u00e1tedra de Econom\u00eda Social, \u00c9tica y Ciudadan\u00eda El Roble (UPO), con la colaboraci\u00f3n de la asociaci\u00f3n Iniciativa Sevilla Abierta (ISA) y el Colegio de Arquitectos de Sevilla (COAS) celebra en la sala de grados del edificio 7 de la Universidad Pablo de Olavide \u00a0las Jornadas \u00a0\u2018Sembrando la ciudad de iniciativas contra la soledad: las viviendas colaborativas para mayores\u2019, un punto de encuentro entre diferentes colectivos e instituciones para abordar las posibilidades que ofrecen\u00a0 las viviendas colaborativas para mayores senior cohousing, un modelo que busca prevenir la soledad y promover un envejecimiento aut\u00f3nomo y activo.<\/p>\n","protected":false},"author":15,"featured_media":30855434,"comment_status":"closed","ping_status":"open","sticky":false,"template":"","format":"standard","meta":{"_monsterinsights_skip_tracking":false,"_monsterinsights_sitenote_active":false,"_monsterinsights_sitenote_note":"","_monsterinsights_sitenote_category":0,"footnotes":""},"categories":[5843],"tags":[3932,5857,84,5858,1648,5859],"class_list":["post-30855433","post","type-post","status-publish","format-standard","has-post-thumbnail","hentry","category-cultura-social","tag-catedra-el-roble","tag-cohousing","tag-jornadas","tag-jose-antonio-sanchez-medina","tag-laura-lopez-de-la-cruz","tag-viviendas-colaborativas"],"_links":{"self":[{"href":"https:\/\/www.upo.es\/diario\/wp-json\/wp\/v2\/posts\/30855433","targetHints":{"allow":["GET"]}}],"collection":[{"href":"https:\/\/www.upo.es\/diario\/wp-json\/wp\/v2\/posts"}],"about":[{"href":"https:\/\/www.upo.es\/diario\/wp-json\/wp\/v2\/types\/post"}],"author":[{"embeddable":true,"href":"https:\/\/www.upo.es\/diario\/wp-json\/wp\/v2\/users\/15"}],"replies":[{"embeddable":true,"href":"https:\/\/www.upo.es\/diario\/wp-json\/wp\/v2\/comments?post=30855433"}],"version-history":[{"count":5,"href":"https:\/\/www.upo.es\/diario\/wp-json\/wp\/v2\/posts\/30855433\/revisions"}],"predecessor-version":[{"id":30855596,"href":"https:\/\/www.upo.es\/diario\/wp-json\/wp\/v2\/posts\/30855433\/revisions\/30855596"}],"wp:featuredmedia":[{"embeddable":true,"href":"https:\/\/www.upo.es\/diario\/wp-json\/wp\/v2\/media\/30855434"}],"wp:attachment":[{"href":"https:\/\/www.upo.es\/diario\/wp-json\/wp\/v2\/media?parent=30855433"}],"wp:term":[{"taxonomy":"category","embeddable":true,"href":"https:\/\/www.upo.es\/diario\/wp-json\/wp\/v2\/categories?post=30855433"},{"taxonomy":"post_tag","embeddable":true,"href":"https:\/\/www.upo.es\/diario\/wp-json\/wp\/v2\/tags?post=30855433"}],"curies":[{"name":"wp","href":"https:\/\/api.w.org\/{rel}","templated":true}]}}