{"id":30855466,"date":"2019-03-20T00:46:04","date_gmt":"2019-03-19T22:46:04","guid":{"rendered":"https:\/\/www.upo.es\/diario\/?p=30855466"},"modified":"2019-03-20T14:48:10","modified_gmt":"2019-03-20T12:48:10","slug":"la-upo-celebra-manana-una-jornada-en-homenaje-al-profesor-manuel-j-terol-becerra","status":"publish","type":"post","link":"https:\/\/www.upo.es\/diario\/docencia-formacion\/2019\/03\/la-upo-celebra-manana-una-jornada-en-homenaje-al-profesor-manuel-j-terol-becerra\/","title":{"rendered":"La UPO celebra hoy una jornada en homenaje al profesor Manuel J. Terol Becerra"},"content":{"rendered":"<p>El \u00c1rea de Derecho Constitucional de la Universidad Pablo de Olavide ha organizado, en colaboraci\u00f3n con el Programa de Doctorado en Ciencias Jur\u00eddicas y Pol\u00edticas de esta universidad, la <strong>jornada \u2018Descentralizaci\u00f3n, Poder y Derechos Sociales\u2019<\/strong>, que se celebrar\u00e1 hoy mi\u00e9rcoles 20 de marzo en homenaje al catedr\u00e1tico de Derecho Constitucional de la UPO <strong>Manuel J. Terol Becerra<\/strong>.<\/p>\n<p>El rector de la Universidad Pablo de Olavide, Vicente Guzm\u00e1n Fluja, inaugurar\u00e1 esta jornada que comenzar\u00e1 <u>a las 9:30 horas en la sala de grados del edificio 7 de la UPO<\/u>. El rector estar\u00e1 acompa\u00f1ado por Esther Carrizosa Prieto, coordinadora del Programa de Doctorado en Ciencias Jur\u00eddicas y Pol\u00edticas; Jes\u00fas Ramos Prieto, director del Departamento de Derecho P\u00fablico; y Mar\u00eda Holgado Gonz\u00e1lez, responsable del \u00c1rea de Derecho Constitucional.<\/p>\n<p>La jornada se ha estructurado en tres mesas en las intervendr\u00e1n destacados expertos en la materia. As\u00ed, en la primera mesa sobre \u2018Organizaci\u00f3n territorial. El Estado de las Autonom\u00edas y los retos de la descentralizaci\u00f3n pol\u00edtica\u2019, participar\u00e1n Antonio J. Porras Nadales, catedr\u00e1tico de Derecho Constitucional de la Universidad de Sevilla, quien hablar\u00e1 sobre \u2018Sistema auton\u00f3mico y sistema de gobernanza\u2019; Amina El Messaoudi, catedr\u00e1tica de Derecho Constitucional de la Universidad de Rabat, que abordar\u00e1 \u2018La regionalizaci\u00f3n avanzada en la Constituci\u00f3n marroqu\u00ed de 2011\u2019; y Josep Mar\u00eda Castell\u00e1, profesor titular de Derecho Constitucional de la Universidad de Barcelona, que hablar\u00e1 sobre \u2018La reforma del Estado auton\u00f3mico. \u00bfAhora?\u2019. Esta mesa ser\u00e1 moderada por Adbelhamid Adnane Rkioua, profesor ayudante doctor de Derecho Constitucional de la Universidad Pablo de Olavide.<\/p>\n<p>La segunda mesa, que ser\u00e1 moderada por M\u00aa Reyes P\u00e9rez Alberdi, profesora contratada doctora de Derecho Constitucional de la UPO, tratar\u00e1 sobre \u2018Poderes del Estado\u2019 y en ella participar\u00e1n Pablo Lucas Murillo de la Cueva, catedr\u00e1tico de Derecho Constitucional de la Universidad de C\u00f3rdoba, Magistrado del Tribunal Supremo, quien hablar\u00e1 sobre \u2018Jueces, derechos y gobernantes en la Espa\u00f1a constitucional\u2019; Rosario Garc\u00eda Mahamut, catedr\u00e1tica de Derecho Constitucional de la Universidad Jaume I de Castell\u00f3n, que abordar\u00e1 \u2018Las reformas de los sistemas electorales auton\u00f3micos: retos ante la profunda fragmentaci\u00f3n pol\u00edtica\u2019; y Antonio Torres del Moral, catedr\u00e1tico honorario de Derecho Constitucional de la UNED, que hablar\u00e1 sobre \u2018Monarqu\u00eda, legitimidad y opini\u00f3n p\u00fablica\u2019.<\/p>\n<p>\u2018Los Derechos sociales\u2019 es el t\u00edtulo de la tercera mesa, que ser\u00e1 moderada por Alicia Rivas Va\u00f1\u00f3, profesora asociada de Derecho Constitucional de la UPO, y en la que intervendr\u00e1n Carmen Salcedo Beltr\u00e1n, profesora titular de Derecho del Trabajo y de la Seguridad Social de la Universidad de Valencia, que abordar\u00e1 la \u2018Efectividad de la Carta Social Europea (Constituci\u00f3n Social de Europa) y de la jurisprudencia del Comit\u00e9 Europeo de Derechos Sociales en sede judicial nacional y comparada\u2019; Encarnaci\u00f3n Carmona Cuenca, profesora titular de Derecho Constitucional de la Universidad de Alcal\u00e1 de Henares, que abordar\u00e1 \u2018Los derechos sociales de prestaci\u00f3n en la jurisprudencia del Tribunal Europeo de Derechos Humanos\u2019; y Luis Jimena Quesada, catedr\u00e1tico de Derecho Constitucional de la Universidad de Valencia, cuya intervenci\u00f3n se titula \u2018El Profesor Terol y la militancia a favor de los derechos sociales\u2019.<\/p>\n<p>Finalmente, a las 18:30 horas, la decana de la Facultad de Derecho de la Universidad Pablo de Olavide, Mar\u00eda Serrano Fern\u00e1ndez, clausurar\u00e1 esta jornada.<\/p>\n<p><strong>\u00a0<\/strong><\/p>\n<p><strong>M\u00e1s informaci\u00f3n:<\/strong><\/p>\n<p><a href=\"https:\/\/eventos.upo.es\/33204\/detail\/jornada-descentralizacion-poder-y-derechos-sociales.html\">Programa de la jornada \u2018Descentralizaci\u00f3n, Poder y Derechos Sociales\u2019<\/a><\/p>\n","protected":false},"excerpt":{"rendered":"<p>El \u00c1rea de Derecho Constitucional de la Universidad Pablo de Olavide ha organizado, en colaboraci\u00f3n con el Programa de Doctorado en Ciencias Jur\u00eddicas y Pol\u00edticas de esta universidad, la jornada \u2018Descentralizaci\u00f3n, Poder y Derechos Sociales\u2019, que se celebrar\u00e1 hoy mi\u00e9rcoles 20 de marzo en homenaje al catedr\u00e1tico de Derecho Constitucional de la UPO Manuel J. Terol Becerra. <\/p>\n","protected":false},"author":2,"featured_media":30855471,"comment_status":"closed","ping_status":"open","sticky":false,"template":"","format":"standard","meta":{"_monsterinsights_skip_tracking":false,"_monsterinsights_sitenote_active":false,"_monsterinsights_sitenote_note":"","_monsterinsights_sitenote_category":0,"footnotes":""},"categories":[2779],"tags":[5863,308,514,5862],"class_list":["post-30855466","post","type-post","status-publish","format-standard","has-post-thumbnail","hentry","category-docencia-formacion","tag-area-de-derecho-constitucional","tag-homenaje","tag-jornada","tag-programa-de-doctorado-en-ciencias-juridicas-y-politicas"],"_links":{"self":[{"href":"https:\/\/www.upo.es\/diario\/wp-json\/wp\/v2\/posts\/30855466","targetHints":{"allow":["GET"]}}],"collection":[{"href":"https:\/\/www.upo.es\/diario\/wp-json\/wp\/v2\/posts"}],"about":[{"href":"https:\/\/www.upo.es\/diario\/wp-json\/wp\/v2\/types\/post"}],"author":[{"embeddable":true,"href":"https:\/\/www.upo.es\/diario\/wp-json\/wp\/v2\/users\/2"}],"replies":[{"embeddable":true,"href":"https:\/\/www.upo.es\/diario\/wp-json\/wp\/v2\/comments?post=30855466"}],"version-history":[{"count":4,"href":"https:\/\/www.upo.es\/diario\/wp-json\/wp\/v2\/posts\/30855466\/revisions"}],"predecessor-version":[{"id":30855489,"href":"https:\/\/www.upo.es\/diario\/wp-json\/wp\/v2\/posts\/30855466\/revisions\/30855489"}],"wp:featuredmedia":[{"embeddable":true,"href":"https:\/\/www.upo.es\/diario\/wp-json\/wp\/v2\/media\/30855471"}],"wp:attachment":[{"href":"https:\/\/www.upo.es\/diario\/wp-json\/wp\/v2\/media?parent=30855466"}],"wp:term":[{"taxonomy":"category","embeddable":true,"href":"https:\/\/www.upo.es\/diario\/wp-json\/wp\/v2\/categories?post=30855466"},{"taxonomy":"post_tag","embeddable":true,"href":"https:\/\/www.upo.es\/diario\/wp-json\/wp\/v2\/tags?post=30855466"}],"curies":[{"name":"wp","href":"https:\/\/api.w.org\/{rel}","templated":true}]}}