{"id":30855467,"date":"2019-03-19T13:40:15","date_gmt":"2019-03-19T12:40:15","guid":{"rendered":"https:\/\/www.upo.es\/diario\/?p=30855467"},"modified":"2019-03-21T12:02:47","modified_gmt":"2019-03-21T10:02:47","slug":"la-upo-celebra-el-dia-mundial-del-trabajo-social","status":"publish","type":"post","link":"https:\/\/www.upo.es\/diario\/docencia-formacion\/2019\/03\/la-upo-celebra-el-dia-mundial-del-trabajo-social\/","title":{"rendered":"La UPO celebra el D\u00eda Mundial del Trabajo Social"},"content":{"rendered":"<p><a href=\"https:\/\/www.upo.es\/diario\/wp-content\/uploads\/2019\/03\/D\u00cdA-MUNDIAL_TS_2019_CARTEL-3.png\"><img loading=\"lazy\" decoding=\"async\" class=\"alignright size-medium wp-image-30855456\" src=\"https:\/\/www.upo.es\/diario\/wp-content\/uploads\/2019\/03\/D\u00cdA-MUNDIAL_TS_2019_CARTEL-3-226x320.png\" alt=\"\" width=\"226\" height=\"320\" srcset=\"https:\/\/www.upo.es\/diario\/wp-content\/uploads\/2019\/03\/D\u00cdA-MUNDIAL_TS_2019_CARTEL-3-226x320.png 226w, https:\/\/www.upo.es\/diario\/wp-content\/uploads\/2019\/03\/D\u00cdA-MUNDIAL_TS_2019_CARTEL-3.png 300w\" sizes=\"auto, (max-width: 226px) 100vw, 226px\" \/><\/a>Esta ma\u00f1ana se ha celebrado en la Universidad Pablo de Olavide una conferencia de prensa para conmemorar el<strong> D\u00eda Mundial del Trabajo Social. Elodia Hern\u00e1ndez<\/strong>, vicerrectora de Cultura y Compromiso Social de la Universidad Pablo de Olavide; <strong>Francisco Jos\u00e9 Mart\u00ednez<\/strong>, viceconsejero de Igualdad, Pol\u00edticas Sociales y Conciliaci\u00f3n de la Junta de Andaluc\u00eda; <strong>Rosa Mar\u00eda D\u00edaz<\/strong>, decana de la Facultad de Ciencias Sociales; <strong>Rosa Mar\u00eda Herrera<\/strong>, directora del Departamento de Trabajo Social y Servicios Sociales; y <strong>Jos\u00e9 Luis Sarasola<\/strong>, presidente del Colegio Profesional de Trabajo Social de Sevilla, han participado en un encuentro orientado a difundir los valores del Trabajo Social para la construcci\u00f3n de sociedades m\u00e1s justas. En el acto han abordado la repercusi\u00f3n de este campo en los planes de estudios, en las actividades docentes e investigadoras, en el \u00e1mbito profesional y en la confecci\u00f3n de pol\u00edticas a nivel regional. El lema que este a\u00f1o acompa\u00f1a el D\u00eda del Trabajo Social, \u2018Promoviendo la importancia de las relaciones humanas\u2019, se centra en las relaciones sociales entre personas, su entorno y su futuro.<\/p>\n<p>En palabras de la decana de la Facultad de Ciencias Sociales de la UPO, las relaciones humanas \u201cson ese gran intangible que tenemos que valorar y valorizar\u201d. \u201cLos v\u00ednculos junto con los derechos son los pilares del trabajo social\u201d, ha a\u00f1adido la directora del Departamento de Trabajo Social y Servicios Sociales de la Universidad, que ha puesto en valor la productividad y el reconocimiento tanto dentro como fuera de Espa\u00f1a del profesorado y del personal investigador en Trabajo Social. Asimismo, tanto Rosa Mar\u00eda D\u00edaz como Rosa Mar\u00eda Herrera han resaltado la necesidad de potenciar los estudios de postgrado en este campo.<\/p>\n<p>La Universidad Pablo de Olavide cuenta desde sus inicios en 1997 con estudios en el \u00e1rea de Trabajo Social; durante los primeros a\u00f1os, a trav\u00e9s de la Diplomatura, y desde 2010, a trav\u00e9s del Grado en Trabajo Social. Son estudios que preparan a profesionales para la intervenci\u00f3n en niveles individual-familiar, grupal y comunitario y que est\u00e1n liderados por los docentes del Departamento de Trabajo Social y Servicios Sociales, as\u00ed como por la Facultad de Ciencias Sociales.<\/p>\n<p>La vicerrectora de Cultura y Compromiso Social de la UPO ha reconocido la importancia del Trabajo Social en la Universidad Pablo de Olavide: \u201cEsta Universidad tiene un peso muy espec\u00edfico en Trabajo Social, tanto cuantitativa como cualitativamente\u201d. Elodia Hern\u00e1ndez ha agradecido el trabajo de todos los docentes e investigadores que contribuyen a convertir a la UPO en un referente en esta materia.<\/p>\n<p>En la misma l\u00ednea, el viceconsejero de Igualdad, Pol\u00edticas Sociales y Conciliaci\u00f3n ha destacado el papel de la Universidad Pablo de Olavide con una Facultad de Ciencias Sociales \u201cmuy activa\u201d y un Departamento de Trabajo Social y Servicios Sociales \u201cde excelencia\u201d. Por otra parte, Francisco Jos\u00e9 Mart\u00ednez ha subrayado que el campo del Trabajo Social ser\u00e1 una de las \u00e1reas de mayor empleabilidad en el futuro y ha resaltado la apuesta que est\u00e1 realizando la Consejer\u00eda por la innovaci\u00f3n social. En este sentido, se ha referido al proyecto \u2018La vida social \u00fanica\u2019, un sistema de informaci\u00f3n \u00fanico que permitir\u00e1 agilizar el d\u00eda a d\u00eda del trabajador social, \u201cque realiza un enorme trabajo administrativo por la burocratizaci\u00f3n en exceso del sistema\u201d.<\/p>\n<p>Sobre la profesi\u00f3n, se ha manifestado tambi\u00e9n Jos\u00e9 Luis Sarasola que ha denunciado la precarizaci\u00f3n laboral del trabajador social, \u201cque en muchos casos no llega a cobrar mil euros al mes\u201d. El presidente del Colegio Profesional de Trabajo Social de Sevilla ha pedido a la Consejer\u00eda una mayor participaci\u00f3n de trabajadores sociales en \u00e1reas como la educaci\u00f3n, la sanidad, la justicia o la vivienda, \u201ccampos en los que se puede aportar mucho desde la intervenci\u00f3n social\u201d.<\/p>\n<p>Asimismo, durante la conferencia de prensa se ha presentado el programa de actividades confeccionado para celebrar D\u00eda Mundial del Trabajo Social, organizado por la UPO, a trav\u00e9s de su Facultad de Ciencias Sociales y su Departamento de Trabajo Social y Servicios Sociales, y el Colegio Profesional de Trabajo Social de Sevilla, que comenz\u00f3 ayer d\u00eda 18 de marzo y que se extender\u00e1 hasta el d\u00eda 28 de este mes.<\/p>\n<p>Tras la conferencia de prensa ha comenzado la celebraci\u00f3n de la <strong>mesa redonda \u2018Empleabilidad y Emprendimiento desde el Trabajo Social\u2019<\/strong>, que cuenta con las intervenciones de Ana Hern\u00e1ndez, trabajadora social y directora de Firma Quattro-Trabajo Social; Inmaculada Montero, socia administradora de TARACEAS; \u00c1lvaro Trujillo, socio de EXEO Consultor\u00eda; y Fernando Relinque, socio fundador de EIS METHODS.<\/p>\n<p>Por otro lado, el acto central de la celebraci\u00f3n del D\u00eda del Trabajo Social tendr\u00e1 lugar <u>a las 18:30 horas en la Residencia Domus Vi-Santa Justa (Calle Baltasar Graci\u00e1n n\u00ba 2, Sevilla)<\/u> y estar\u00e1 presidido por <strong>Jos\u00e9 Luis Sarasola<\/strong>, presidente del Colegio Oficial de Trabajo Social. Participar\u00e1n en este acto <strong>Daniel Salvatierra<\/strong>, de la Direcci\u00f3n General de Personas Mayores y Pensiones no Contributivas de la Junta de Andaluc\u00eda; <strong>Juan Manuel Flores<\/strong>, teniente de alcalde del Ayuntamiento de Sevilla, delegado del \u00c1rea de Bienestar Social y Empleo; <strong>Mar\u00eda Rosa Herrera<\/strong>, directora del Departamento de Trabajo Social y Servicios Sociales de la UPO; y <strong>Mercedes P\u00e9rez<\/strong>, directora de la Residencia Domus Vi-Santa Justa. En el acto se dar\u00e1 un reconocimiento a los colegiados jubilados y colegiadas jubiladas y a los nuevos colegiados y nuevas colegiadas.<\/p>\n<p><strong>M\u00e1s informaci\u00f3n: <\/strong><\/p>\n<ul>\n<li><a href=\"https:\/\/eventos.upo.es\/33084\/detail\/mesa-redonda_-empleabilidad-y-emprendimiento-desde-el-trabajo-social.html\">Mesa redonda: Empleabilidad y Emprendimiento desde el Trabajo Social<\/a><\/li>\n<li><a href=\"https:\/\/eventos.upo.es\/33085\/detail\/acto-central-de-la-celebracion-del-dia-del-trabajo-social.html\">Acto Central de la Celebraci\u00f3n del D\u00eda del Trabajo Social<\/a><\/li>\n<li><a href=\"https:\/\/www.ifsw.org\/es\/\">D\u00eda Mundial del Trabajo Social<\/a><\/li>\n<\/ul>\n","protected":false},"excerpt":{"rendered":"<p>La Universidad Pablo de Olavide y el Colegio Profesional de Trabajo Social de Sevilla han organizado una conferencia de prensa en la que se ha puesto en valor el papel de los trabajadores y trabajadoras sociales para la construcci\u00f3n de un mundo m\u00e1s justo.<\/p>\n","protected":false},"author":6,"featured_media":30855468,"comment_status":"closed","ping_status":"open","sticky":false,"template":"","format":"standard","meta":{"_monsterinsights_skip_tracking":false,"_monsterinsights_sitenote_active":false,"_monsterinsights_sitenote_note":"","_monsterinsights_sitenote_category":0,"footnotes":""},"categories":[2779],"tags":[4331,3405,5860,747,487,3935,203,103],"class_list":["post-30855467","post","type-post","status-publish","format-standard","has-post-thumbnail","hentry","category-docencia-formacion","tag-consejeria-de-igualdad-y-politicas-sociales","tag-departamento-de-trabajo-social-y-servicios-sociales","tag-dia-mundial-del-trabajo-social","tag-elodia-hernandez","tag-facultad-ciencias-sociales","tag-jose-luis-sarasola","tag-junta-de-andalucia","tag-trabajo-social"],"_links":{"self":[{"href":"https:\/\/www.upo.es\/diario\/wp-json\/wp\/v2\/posts\/30855467","targetHints":{"allow":["GET"]}}],"collection":[{"href":"https:\/\/www.upo.es\/diario\/wp-json\/wp\/v2\/posts"}],"about":[{"href":"https:\/\/www.upo.es\/diario\/wp-json\/wp\/v2\/types\/post"}],"author":[{"embeddable":true,"href":"https:\/\/www.upo.es\/diario\/wp-json\/wp\/v2\/users\/6"}],"replies":[{"embeddable":true,"href":"https:\/\/www.upo.es\/diario\/wp-json\/wp\/v2\/comments?post=30855467"}],"version-history":[{"count":2,"href":"https:\/\/www.upo.es\/diario\/wp-json\/wp\/v2\/posts\/30855467\/revisions"}],"predecessor-version":[{"id":30855473,"href":"https:\/\/www.upo.es\/diario\/wp-json\/wp\/v2\/posts\/30855467\/revisions\/30855473"}],"wp:featuredmedia":[{"embeddable":true,"href":"https:\/\/www.upo.es\/diario\/wp-json\/wp\/v2\/media\/30855468"}],"wp:attachment":[{"href":"https:\/\/www.upo.es\/diario\/wp-json\/wp\/v2\/media?parent=30855467"}],"wp:term":[{"taxonomy":"category","embeddable":true,"href":"https:\/\/www.upo.es\/diario\/wp-json\/wp\/v2\/categories?post=30855467"},{"taxonomy":"post_tag","embeddable":true,"href":"https:\/\/www.upo.es\/diario\/wp-json\/wp\/v2\/tags?post=30855467"}],"curies":[{"name":"wp","href":"https:\/\/api.w.org\/{rel}","templated":true}]}}