{"id":30855475,"date":"2019-03-20T07:13:43","date_gmt":"2019-03-20T05:13:43","guid":{"rendered":"https:\/\/www.upo.es\/diario\/?p=30855475"},"modified":"2019-03-21T09:49:32","modified_gmt":"2019-03-21T07:49:32","slug":"expertos-abordan-en-una-jornada-los-retos-y-propuestas-para-enfrentar-la-trata-de-personas","status":"publish","type":"post","link":"https:\/\/www.upo.es\/diario\/docencia-formacion\/2019\/03\/expertos-abordan-en-una-jornada-los-retos-y-propuestas-para-enfrentar-la-trata-de-personas\/","title":{"rendered":"Expertos abordan en una jornada los retos y propuestas para enfrentar la trata de personas"},"content":{"rendered":"<p><u>Hoy mi\u00e9rcoles 20 de marzo, a las 9:00 horas en el sal\u00f3n de grados de la Facultad de Derecho de la Universidad de Sevilla<\/u>, se celebrar\u00e1 la jornada <strong>\u2018Trata de personas: retos y propuestas para la defensa y garant\u00eda de derechos humanos\u2019<\/strong>.<\/p>\n<p>La Universidad Pablo de Olavide organiza este evento que cuenta con el apoyo del Departamento de Filosof\u00eda del Derecho de la Universidad de Sevilla, y que se celebra en el marco del <strong>proyecto \u2018Trata de personas, g\u00e9nero y migraciones en Costa Rica, Marruecos y Andaluc\u00eda: por una defensa multi-garantista y multi-espacial de derechos humanos\u2019<\/strong> (C\u00f3digo: 2016SEC012), financiado por\u00a0 la Agencia Andaluza de Cooperaci\u00f3n Internacional para el Desarrollo (AACID) y dirigido por la Nuria Cordero Ramos, docente del Departamento de Trabajo Social y Servicios Sociales de la UPO. Tambi\u00e9n colabora el Instituto de Estudios Sociales en Poblaci\u00f3n (IDESPO) de la Universidad Nacional de Costa Rica.<\/p>\n<p>La inauguraci\u00f3n, que ser\u00e1 a las 9:00 horas, correr\u00e1 a cargo de <strong>Fernando Llano<\/strong>, vicedecano de Posgrado y Doctorado de la Facultad de Derecho de la Universidad de Sevilla, la profesora de la UPO <strong>Nuria Cordero Ramos<\/strong>; <strong>y David S\u00e1nchez Rubio<\/strong>, director del Departamento de Filosof\u00eda de la Universidad de Sevilla e investigador colaborador del proyecto en el que se enmarca esta jornada.<\/p>\n<p>El objetivo de este encuentro es fomentar espacios de conocimiento e intercambio entre la Universidad y las entidades gubernamentales y no gubernamentales involucradas en enfrentar la trata de personas. As\u00ed, intervendr\u00e1n con sus ponencias expertos como <strong>Natividad Plasencia Dom\u00ednguez<\/strong>, fiscal delegada de Extranjer\u00eda en Sevilla, quien presentar\u00e1 la conferencia \u2018Mecanismos de tutela legal de las v\u00edctimas de trata\u2019; los subinspectores de la Polic\u00eda Nacional <strong>Antonio Herrera<\/strong> y <strong>Miguel \u00c1ngel Parrillas<\/strong>, de la Unidad Contra Redes de Inmigraci\u00f3n y Falsedades documentales UCRIF, que participar\u00e1n con la conferencia \u2018La UCRIF: acciones y retos para enfrentar la trata de personas en Sevilla\u2019; <strong>Vanessa Casado<\/strong>, jurista y experta externa en materia de violencia de g\u00e9nero del <em>European Institute for Gener Equality<\/em> (EIGE), que hablar\u00e1 sobre \u2018Retos en las pr\u00e1cticas de acompa\u00f1amiento y prevenci\u00f3n que ofrecen las entidades especializadas en atenci\u00f3n a las personas v\u00edctimas de la trata\u2019; y la profesora de la UPO y directora del proyecto \u2018Trata de personas\u2019 <strong>Nuria Cordero Ramos<\/strong>, quien ofrecer\u00e1 la conferencia \u2018Trata de Personas y Derechos Humanos con\u00a0 enfoque cr\u00edtico: una aproximaci\u00f3n a los contextos de Andaluc\u00eda, Marruecos y Costa Rica\u2019.<\/p>\n<p><strong>M\u00e1s informaci\u00f3n:<\/strong><\/p>\n<p><a href=\"https:\/\/eventos.upo.es\/32911\/detail\/trata-de-personas_-retos-y-propuestas-para-la-defensa-y-la-garantia-de-los-derechos-humanos.html\">Jornada \u2018Trata de personas: retos y propuestas para la defensa y garant\u00eda de derechos humanos\u2019<\/a><\/p>\n","protected":false},"excerpt":{"rendered":"<p>Hoy mi\u00e9rcoles 20 de marzo, a las 9:00 horas en el sal\u00f3n de grados de la Facultad de Derecho de la Universidad de Sevilla, se celebrar\u00e1 la jornada \u2018Trata de personas: retos y propuestas para la defensa y garant\u00eda de derechos humanos\u2019.<\/p>\n","protected":false},"author":2,"featured_media":30855476,"comment_status":"closed","ping_status":"open","sticky":false,"template":"","format":"standard","meta":{"_monsterinsights_skip_tracking":false,"_monsterinsights_sitenote_active":false,"_monsterinsights_sitenote_note":"","_monsterinsights_sitenote_category":0,"footnotes":""},"categories":[2779],"tags":[92,81,514,5864],"class_list":["post-30855475","post","type-post","status-publish","format-standard","has-post-thumbnail","hentry","category-docencia-formacion","tag-derechos-humanos","tag-facultad-de-derecho","tag-jornada","tag-trata-de-personas"],"_links":{"self":[{"href":"https:\/\/www.upo.es\/diario\/wp-json\/wp\/v2\/posts\/30855475","targetHints":{"allow":["GET"]}}],"collection":[{"href":"https:\/\/www.upo.es\/diario\/wp-json\/wp\/v2\/posts"}],"about":[{"href":"https:\/\/www.upo.es\/diario\/wp-json\/wp\/v2\/types\/post"}],"author":[{"embeddable":true,"href":"https:\/\/www.upo.es\/diario\/wp-json\/wp\/v2\/users\/2"}],"replies":[{"embeddable":true,"href":"https:\/\/www.upo.es\/diario\/wp-json\/wp\/v2\/comments?post=30855475"}],"version-history":[{"count":2,"href":"https:\/\/www.upo.es\/diario\/wp-json\/wp\/v2\/posts\/30855475\/revisions"}],"predecessor-version":[{"id":30855490,"href":"https:\/\/www.upo.es\/diario\/wp-json\/wp\/v2\/posts\/30855475\/revisions\/30855490"}],"wp:featuredmedia":[{"embeddable":true,"href":"https:\/\/www.upo.es\/diario\/wp-json\/wp\/v2\/media\/30855476"}],"wp:attachment":[{"href":"https:\/\/www.upo.es\/diario\/wp-json\/wp\/v2\/media?parent=30855475"}],"wp:term":[{"taxonomy":"category","embeddable":true,"href":"https:\/\/www.upo.es\/diario\/wp-json\/wp\/v2\/categories?post=30855475"},{"taxonomy":"post_tag","embeddable":true,"href":"https:\/\/www.upo.es\/diario\/wp-json\/wp\/v2\/tags?post=30855475"}],"curies":[{"name":"wp","href":"https:\/\/api.w.org\/{rel}","templated":true}]}}