{"id":30855541,"date":"2019-03-20T13:47:14","date_gmt":"2019-03-20T11:47:14","guid":{"rendered":"https:\/\/www.upo.es\/diario\/?p=30855541"},"modified":"2019-04-05T11:25:55","modified_gmt":"2019-04-05T08:25:55","slug":"la-upo-recuerda-el-legado-academico-y-personal-de-manuel-j-terol-becerra","status":"publish","type":"post","link":"https:\/\/www.upo.es\/diario\/comunidad\/2019\/03\/la-upo-recuerda-el-legado-academico-y-personal-de-manuel-j-terol-becerra\/","title":{"rendered":"La UPO recuerda el legado acad\u00e9mico y personal de Manuel J. Terol Becerra"},"content":{"rendered":"<p>El \u00c1rea de Derecho Constitucional de la Universidad Pablo de Olavide ha organizado, en colaboraci\u00f3n con el Programa de Doctorado en Ciencias Jur\u00eddicas y Pol\u00edticas de esta universidad, la <strong>jornada &#8216;Descentralizaci\u00f3n, Poder y Derechos Sociales&#8217;<\/strong>, en homenaje al catedr\u00e1tico de Derecho Constitucional de la UPO <strong>Manuel J. Terol Becerra<\/strong>. Familiares, disc\u00edpulos y compa\u00f1eros de diferentes universidades se han dado cita en la sala de grados del edificio 7 de la UPO para recordar y rendir homenaje a la figura de este profesor.<\/p>\n<p>El rector de la Universidad Pablo de Olavide, Vicente Guzm\u00e1n Fluja, ha inaugurado la jornada, acompa\u00f1ado por Esther Carrizosa Prieto, coordinadora del Programa de Doctorado en Ciencias Jur\u00eddicas y Pol\u00edticas; Jes\u00fas Ramos Prieto, director del Departamento de Derecho P\u00fablico; y Mar\u00eda Holgado Gonz\u00e1lez, responsable del \u00c1rea de Derecho Constitucional.<\/p>\n<p>Vicente Guzm\u00e1n ha dedicado unas palabras en agradecimiento a quien fue catedr\u00e1tico de Derecho Constitucional de la Universidad durante 13 a\u00f1os. \u00abLa UPO le debe este homenaje a Manolo por dos razones: por todo lo que \u00e9l le dio a la Universidad y por el entusiasmo con que lo hizo\u00bb. Vicente Guzm\u00e1n ha destacado su esp\u00edritu de lucha, \u00abque supo llevar tanto al \u00e1mbito acad\u00e9mico como al personal\u00bb y la proyecci\u00f3n internacional de su disciplina, con especial mirada al norte de \u00c1frica y, concretamente, a Marruecos.<\/p>\n<p><a href=\"https:\/\/www.upo.es\/diario\/wp-content\/uploads\/2019\/03\/HomenajeManuelTerol0002.jpg\"><img loading=\"lazy\" decoding=\"async\" class=\"alignright size-medium wp-image-30855543\" src=\"https:\/\/www.upo.es\/diario\/wp-content\/uploads\/2019\/03\/HomenajeManuelTerol0002-320x213.jpg\" alt=\"\" width=\"320\" height=\"213\" srcset=\"https:\/\/www.upo.es\/diario\/wp-content\/uploads\/2019\/03\/HomenajeManuelTerol0002-320x213.jpg 320w, https:\/\/www.upo.es\/diario\/wp-content\/uploads\/2019\/03\/HomenajeManuelTerol0002-768x512.jpg 768w, https:\/\/www.upo.es\/diario\/wp-content\/uploads\/2019\/03\/HomenajeManuelTerol0002-600x400.jpg 600w, https:\/\/www.upo.es\/diario\/wp-content\/uploads\/2019\/03\/HomenajeManuelTerol0002-165x109.jpg 165w\" sizes=\"auto, (max-width: 320px) 100vw, 320px\" \/><\/a>Asimismo, el rector ha destacado de Terol que era un \u00abprovocador con conocimiento de causa que sab\u00eda poner el dedo en la llaga oportunamente\u00bb pero que, sobre todo, era \u00abuna buena persona\u00bb. \u00abCon las buenas personas como \u00e9l siempre te vas a entender, siempre\u00bb, ha subrayado Vicente Guzm\u00e1n.<\/p>\n<p>Sobre sus capacidades e intereses en el debate y la reflexi\u00f3n cr\u00edtica ha incidido tambi\u00e9n Jes\u00fas Ramos, director del Departamento de Derecho P\u00fablico, quien lo ha descrito como \u00abun discutidor acad\u00e9mico nato, que sacaba ideas de la chistera que dejaban descolocado\u00bb.<\/p>\n<p>Esther Carrizosa, en la misma l\u00ednea, ha destacado que era una persona \u00abafable y muy cercana que ten\u00eda la costumbre de llevar los debates al aire libre\u00bb. La coordinadora del Programa de Doctorado en Ciencias Jur\u00eddicas y Pol\u00edticas ha hecho hincapi\u00e9 en su \u00abprol\u00edfica faceta como director de tesis\u00bb y su gran legado en el \u00e1mbito de los derechos de la ciudadan\u00eda.<\/p>\n<p>\u00abUn trabajador incansable, siempre embarcado en proyectos y actividades\u00bb, ha subrayado Mar\u00eda Holgado. \u00abTerol era una persona que no dejaba indiferente. Con sus frases lapidarias y su tono provocador se manejaba muy bien ante p\u00fablicos amplios y reducidos. Disfrutaba especialmente con los grupos peque\u00f1os\u00bb, ha recordado la responsable del \u00c1rea de Derecho Internacional.<\/p>\n<p>La jornada se ha estructurado en tres mesas en las que intervienen destacados expertos en la materia. As\u00ed, en la primera mesa sobre &#8216;Organizaci\u00f3n territorial. El Estado de las Autonom\u00edas y los retos de la descentralizaci\u00f3n pol\u00edtica&#8217;, participa Antonio J. Porras Nadales, catedr\u00e1tico de Derecho Constitucional de la Universidad de Sevilla, con su ponencia &#8216;Sistema auton\u00f3mico y sistema de gobernanza&#8217;; Amina El Messaoudi, catedr\u00e1tica de Derecho Constitucional de la Universidad de Rabat, que aborda &#8216;La regionalizaci\u00f3n avanzada en la Constituci\u00f3n marroqu\u00ed de 2011&#8217;; y Josep Mar\u00eda Castell\u00e1, profesor titular de Derecho Constitucional de la Universidad de Barcelona, que reflexiona sobre &#8216;La reforma del Estado auton\u00f3mico. \u00bfAhora?&#8217;. La moderaci\u00f3n de la mesa corre a cargo de Adbelhamid Adnane Rkioua, profesor ayudante doctor de Derecho Constitucional de la Universidad Pablo de Olavide.<\/p>\n<p>La segunda mesa,\u00a0 moderada por M\u00aa Reyes P\u00e9rez Alberdi, profesora contratada doctora de Derecho Constitucional de la UPO, trata sobre &#8216;Poderes del Estado&#8217; y en ella participan Pablo Lucas Murillo de la Cueva, catedr\u00e1tico de Derecho Constitucional de la Universidad de C\u00f3rdoba, Magistrado del Tribunal Supremo, quien habla sobre &#8216;Jueces, derechos y gobernantes en la Espa\u00f1a constitucional&#8217;; Rosario Garc\u00eda Mahamut, catedr\u00e1tica de Derecho Constitucional de la Universidad Jaume I de Castell\u00f3n, que aborda &#8216;Las reformas de los sistemas electorales auton\u00f3micos: retos ante la profunda fragmentaci\u00f3n pol\u00edtica&#8217;; y Antonio Torres del Moral, catedr\u00e1tico honorario de Derecho Constitucional de la UNED, que se centra en &#8216;Monarqu\u00eda, legitimidad y opini\u00f3n p\u00fablica&#8217;.<\/p>\n<p>&#8216;Los Derechos sociales&#8217; es el t\u00edtulo de la tercera mesa, moderada por Alicia Rivas Va\u00f1\u00f3, profesora asociada de Derecho Constitucional de la UPO, y en la que intervienen Carmen Salcedo Beltr\u00e1n, profesora titular de Derecho del Trabajo y de la Seguridad Social de la Universidad de Valencia, que aborda la &#8216;Efectividad de la Carta Social Europea (Constituci\u00f3n Social de Europa) y de la jurisprudencia del Comit\u00e9 Europeo de Derechos Sociales en sede judicial nacional y comparada&#8217;; Encarnaci\u00f3n Carmona Cuenca, profesora titular de Derecho Constitucional de la Universidad de Alcal\u00e1 de Henares, que reflexiona sobre &#8216;Los derechos sociales de prestaci\u00f3n en la jurisprudencia del Tribunal Europeo de Derechos Humanos&#8217;; y Luis Jimena Quesada, catedr\u00e1tico de Derecho Constitucional de la Universidad de Valencia, cuya intervenci\u00f3n se titula &#8216;El Profesor Terol y la militancia a favor de los derechos sociales&#8217;.<\/p>\n<p>Finalmente, a las 18:30 horas,\u00a0 tiene lugar la clausura de la jornada de la mano de la decana de la Facultad de Derecho de la Universidad Pablo de Olavide, Mar\u00eda Serrano Fern\u00e1ndez.<\/p>\n<p>&nbsp;<\/p>\n<p><strong>M\u00e1s informaci\u00f3n:<\/strong><\/p>\n<p><a href=\"https:\/\/eventos.upo.es\/33204\/detail\/jornada-descentralizacion-poder-y-derechos-sociales.html\">Programa de la jornada \u2018Descentralizaci\u00f3n, Poder y Derechos Sociales\u2019<\/a><\/p>\n<p>&nbsp;<\/p>\n","protected":false},"excerpt":{"rendered":"<p>El \u00c1rea de Derecho Constitucional de la Universidad Pablo de Olavide ha organizado, en colaboraci\u00f3n con el Programa de Doctorado en Ciencias Jur\u00eddicas y Pol\u00edticas de esta universidad, la jornada &#8216;Descentralizaci\u00f3n, Poder y Derechos Sociales&#8217;, en homenaje al catedr\u00e1tico de Derecho Constitucional de la UPO Manuel J. Terol Becerra. Familiares, disc\u00edpulos y compa\u00f1eros de diferentes universidades se han dado cita en la sala de grados del edificio 7 de la UPO para recordar y rendir homenaje a la figura de este profesor.<\/p>\n","protected":false},"author":15,"featured_media":30855542,"comment_status":"closed","ping_status":"open","sticky":false,"template":"","format":"standard","meta":{"_monsterinsights_skip_tracking":false,"_monsterinsights_sitenote_active":false,"_monsterinsights_sitenote_note":"","_monsterinsights_sitenote_category":0,"footnotes":""},"categories":[5842],"tags":[5867,5868,5871,308,5870,5865,5872,5869,5862,1340],"class_list":["post-30855541","post","type-post","status-publish","format-standard","has-post-thumbnail","hentry","category-comunidad","tag-area-derecho-constitucional","tag-descentralizacion","tag-esther-carrizosa","tag-homenaje","tag-jesus-ramos","tag-manuel-j-terol","tag-maria-holgado","tag-poder-y-derechos-sociales","tag-programa-de-doctorado-en-ciencias-juridicas-y-politicas","tag-vicente-guzman"],"_links":{"self":[{"href":"https:\/\/www.upo.es\/diario\/wp-json\/wp\/v2\/posts\/30855541","targetHints":{"allow":["GET"]}}],"collection":[{"href":"https:\/\/www.upo.es\/diario\/wp-json\/wp\/v2\/posts"}],"about":[{"href":"https:\/\/www.upo.es\/diario\/wp-json\/wp\/v2\/types\/post"}],"author":[{"embeddable":true,"href":"https:\/\/www.upo.es\/diario\/wp-json\/wp\/v2\/users\/15"}],"replies":[{"embeddable":true,"href":"https:\/\/www.upo.es\/diario\/wp-json\/wp\/v2\/comments?post=30855541"}],"version-history":[{"count":3,"href":"https:\/\/www.upo.es\/diario\/wp-json\/wp\/v2\/posts\/30855541\/revisions"}],"predecessor-version":[{"id":30855918,"href":"https:\/\/www.upo.es\/diario\/wp-json\/wp\/v2\/posts\/30855541\/revisions\/30855918"}],"wp:featuredmedia":[{"embeddable":true,"href":"https:\/\/www.upo.es\/diario\/wp-json\/wp\/v2\/media\/30855542"}],"wp:attachment":[{"href":"https:\/\/www.upo.es\/diario\/wp-json\/wp\/v2\/media?parent=30855541"}],"wp:term":[{"taxonomy":"category","embeddable":true,"href":"https:\/\/www.upo.es\/diario\/wp-json\/wp\/v2\/categories?post=30855541"},{"taxonomy":"post_tag","embeddable":true,"href":"https:\/\/www.upo.es\/diario\/wp-json\/wp\/v2\/tags?post=30855541"}],"curies":[{"name":"wp","href":"https:\/\/api.w.org\/{rel}","templated":true}]}}