{"id":30855547,"date":"2019-03-21T07:31:56","date_gmt":"2019-03-21T05:31:56","guid":{"rendered":"https:\/\/www.upo.es\/diario\/?p=30855547"},"modified":"2019-03-22T09:58:20","modified_gmt":"2019-03-22T07:58:20","slug":"una-jornada-aborda-la-importancia-estrategica-de-la-gestion-de-la-sostenibilidad-y-la-responsabilidad-social","status":"publish","type":"post","link":"https:\/\/www.upo.es\/diario\/docencia-formacion\/2019\/03\/una-jornada-aborda-la-importancia-estrategica-de-la-gestion-de-la-sostenibilidad-y-la-responsabilidad-social\/","title":{"rendered":"Una jornada aborda la importancia estrat\u00e9gica de la gesti\u00f3n de la sostenibilidad y la responsabilidad social"},"content":{"rendered":"<p><u>Hoy se celebra en la Sede Olavide en Sevilla-Centro -n\u00famero 4 de la calle Lara\u00f1a-<\/u>, la <strong>\u2018I Jornada de Sostenibilidad y Responsabilidad Social: implicaciones de la Ley 11\/2018 en materia de divulgaci\u00f3n, gesti\u00f3n y verificaci\u00f3n de la informaci\u00f3n no financiera\u2019<\/strong>. El encuentro ha sido inaugurado esta ma\u00f1ana por <strong>Jos\u00e9 Manuel Feria<\/strong>, vicerrector de Estrategia, Empleabilidad y Emprendimiento de la Universidad Pablo de Olavide; <strong>Jes\u00fas Cambra Fierro<\/strong>, decano de la Facultad de Ciencias Empresariales de la UPO; <strong>Francisco Carrasco Fenech<\/strong>, director del Centro de Investigaci\u00f3n en Contabilidad Social y Medioambiental de esta universidad (CICSMA); <strong>Carmen Correa Ruiz<\/strong>, coordinadora del CICSMA; y <strong>Francisco Mart\u00edn Santamar\u00eda<\/strong>, director regional Sur de Bureau Veritas de Andaluc\u00eda y Canarias.<\/p>\n<p>Las jornadas, organizadas por la Facultad de Ciencias Empresariales y el Centro de Investigaci\u00f3n en Contabilidad Social y Medioambiental (CICSMA) de la Universidad Pablo de Olavide, en colaboraci\u00f3n con Bureau Veritas, pretenden<strong> servir de punto de encuentro entre la universidad y la empresa para reflexionar sobre la importancia estrat\u00e9gica de la gesti\u00f3n de la sostenibilidad y la responsabilidad social<\/strong>, presentando las experiencias empresariales de Endesa, Grupo Iturri y Grupo EBV, y discutiendo las implicaciones de la Ley\/2018 en materia de divulgaci\u00f3n, gesti\u00f3n y verificaci\u00f3n de la informaci\u00f3n no financiera.<\/p>\n<p>La jornada consta de una <strong>mesa redonda<\/strong> que contar\u00e1 con las intervenciones de <strong>Francisco Mart\u00edn Santamar\u00eda<\/strong>, que hablar\u00e1 sobre \u2018La validaci\u00f3n y certificaci\u00f3n en RSC como elemento tractor y diferenciador para las organizaciones. Validaci\u00f3n independiente conforme a la Ley 11\/2018\u2019; <strong>Sonia Arias Garc\u00eda<\/strong>, directora del Grupo EBV, quien abordar\u00e1 \u2018La RSE como estrategia transversal de negocio: modelo conceptual y herramientas aplicables\u2019; <strong>Nerea de la Corte<\/strong>, responsable de Desarrollo Gesti\u00f3n Iniciativas en ENDESA-ENEL, cuya intervenci\u00f3n se titula \u2018Caso pr\u00e1ctico del despliegue estrat\u00e9gico y operativo de la RSC\u2019; y <strong>Emilia Trujillo<\/strong>, responsable de Sostenibilidad en Grupo ITURRI, que hablar\u00e1 sobre \u2018Experiencia en RSC de ITURRI\u2019.<\/p>\n<p>Seg\u00fan los organizadores, tanto la vinculaci\u00f3n universidad-empresa que promueven las jornadas, como el debate en relaci\u00f3n con la sostenibilidad y la verificaci\u00f3n independiente de la informaci\u00f3n no financiera, justifican el inter\u00e9s estrat\u00e9gico de las jornadas en un contexto en el que, a nivel internacional e institucional, se reclama considerar los Objetivos de Desarrollo Sostenible y se insta a las organizaciones a que adopten modelos de gesti\u00f3n m\u00e1s sostenibles y sean m\u00e1s transparentes divulgando informaci\u00f3n no financiera verificada por un proveedor de servicios de verificaci\u00f3n independiente.<\/p>\n<p><strong>M\u00e1s informaci\u00f3n:<br \/>\n<\/strong><a href=\"https:\/\/eventos.upo.es\/33253\/detail\/jornada-de-sostenibilidad-y-responsabilidad-social.html\">\u2018I Jornada de Sostenibilidad y Responsabilidad Social\u2019<\/a><\/p>\n","protected":false},"excerpt":{"rendered":"<p>Representantes de la universidad y la empresa participan en la \u2018I Jornada de Sostenibilidad y Responsabilidad Social: implicaciones de la Ley 11\/2018 en materia de divulgaci\u00f3n, gesti\u00f3n y verificaci\u00f3n de la informaci\u00f3n no financiera\u2019.<\/p>\n","protected":false},"author":2,"featured_media":30855588,"comment_status":"closed","ping_status":"open","sticky":false,"template":"","format":"standard","meta":{"_monsterinsights_skip_tracking":false,"_monsterinsights_sitenote_active":false,"_monsterinsights_sitenote_note":"","_monsterinsights_sitenote_category":0,"footnotes":""},"categories":[2779],"tags":[66,514,2022,462,5355,832],"class_list":["post-30855547","post","type-post","status-publish","format-standard","has-post-thumbnail","hentry","category-docencia-formacion","tag-empresa","tag-jornada","tag-jose-manuel-feria","tag-responsabilidad-social","tag-sede-olavide-en-sevilla-centro","tag-sostenibilidad"],"_links":{"self":[{"href":"https:\/\/www.upo.es\/diario\/wp-json\/wp\/v2\/posts\/30855547","targetHints":{"allow":["GET"]}}],"collection":[{"href":"https:\/\/www.upo.es\/diario\/wp-json\/wp\/v2\/posts"}],"about":[{"href":"https:\/\/www.upo.es\/diario\/wp-json\/wp\/v2\/types\/post"}],"author":[{"embeddable":true,"href":"https:\/\/www.upo.es\/diario\/wp-json\/wp\/v2\/users\/2"}],"replies":[{"embeddable":true,"href":"https:\/\/www.upo.es\/diario\/wp-json\/wp\/v2\/comments?post=30855547"}],"version-history":[{"count":6,"href":"https:\/\/www.upo.es\/diario\/wp-json\/wp\/v2\/posts\/30855547\/revisions"}],"predecessor-version":[{"id":30855591,"href":"https:\/\/www.upo.es\/diario\/wp-json\/wp\/v2\/posts\/30855547\/revisions\/30855591"}],"wp:featuredmedia":[{"embeddable":true,"href":"https:\/\/www.upo.es\/diario\/wp-json\/wp\/v2\/media\/30855588"}],"wp:attachment":[{"href":"https:\/\/www.upo.es\/diario\/wp-json\/wp\/v2\/media?parent=30855547"}],"wp:term":[{"taxonomy":"category","embeddable":true,"href":"https:\/\/www.upo.es\/diario\/wp-json\/wp\/v2\/categories?post=30855547"},{"taxonomy":"post_tag","embeddable":true,"href":"https:\/\/www.upo.es\/diario\/wp-json\/wp\/v2\/tags?post=30855547"}],"curies":[{"name":"wp","href":"https:\/\/api.w.org\/{rel}","templated":true}]}}