{"id":30855550,"date":"2019-03-21T07:38:17","date_gmt":"2019-03-21T05:38:17","guid":{"rendered":"https:\/\/www.upo.es\/diario\/?p=30855550"},"modified":"2019-03-22T09:58:22","modified_gmt":"2019-03-22T07:58:22","slug":"manana-en-la-upo-charla-presentacion-trucos-para-la-realizacion-de-un-tfg-tfm","status":"publish","type":"post","link":"https:\/\/www.upo.es\/diario\/docencia-formacion\/2019\/03\/manana-en-la-upo-charla-presentacion-trucos-para-la-realizacion-de-un-tfg-tfm\/","title":{"rendered":"Hoy en la UPO, charla presentaci\u00f3n \u2018Trucos para la realizaci\u00f3n de un TFG \/ TFM\u2019"},"content":{"rendered":"<p>El alumnado de la Facultad de Ciencias Sociales tiene una cita <u>hoy jueves 21 de marzo, a las 11:00 horas, en la sala de grados del edificio 6 de la Universidad Pablo de Olavide,<\/u> para asistir a la charla presentaci\u00f3n <strong>\u2018Trucos para la realizaci\u00f3n de un TFG \/ TFM\u2019<\/strong>.<\/p>\n<p><a href=\"https:\/\/www.upo.es\/diario\/wp-content\/uploads\/2019\/03\/Portada-Libro-e-i\u0301ndice-Estrategias-de-Investigaci\u00f3n-1_P\u00e1gina_01.jpg\"><img loading=\"lazy\" decoding=\"async\" class=\"alignright size-medium wp-image-30855551\" src=\"https:\/\/www.upo.es\/diario\/wp-content\/uploads\/2019\/03\/Portada-Libro-e-i\u0301ndice-Estrategias-de-Investigaci\u00f3n-1_P\u00e1gina_01-223x320.jpg\" alt=\"\" width=\"223\" height=\"320\" srcset=\"https:\/\/www.upo.es\/diario\/wp-content\/uploads\/2019\/03\/Portada-Libro-e-i\u0301ndice-Estrategias-de-Investigaci\u00f3n-1_P\u00e1gina_01-223x320.jpg 223w, https:\/\/www.upo.es\/diario\/wp-content\/uploads\/2019\/03\/Portada-Libro-e-i\u0301ndice-Estrategias-de-Investigaci\u00f3n-1_P\u00e1gina_01-768x1101.jpg 768w, https:\/\/www.upo.es\/diario\/wp-content\/uploads\/2019\/03\/Portada-Libro-e-i\u0301ndice-Estrategias-de-Investigaci\u00f3n-1_P\u00e1gina_01-419x600.jpg 419w, https:\/\/www.upo.es\/diario\/wp-content\/uploads\/2019\/03\/Portada-Libro-e-i\u0301ndice-Estrategias-de-Investigaci\u00f3n-1_P\u00e1gina_01-600x860.jpg 600w, https:\/\/www.upo.es\/diario\/wp-content\/uploads\/2019\/03\/Portada-Libro-e-i\u0301ndice-Estrategias-de-Investigaci\u00f3n-1_P\u00e1gina_01.jpg 1766w\" sizes=\"auto, (max-width: 223px) 100vw, 223px\" \/><\/a>Esta charla correr\u00e1 a cargo de los profesores de la Universidad de M\u00e1laga<strong> F\u00e9lix Requena<\/strong> y <strong>Luis Ayuso<\/strong>, coordinadores del <strong>libro \u2018Estrategias de investigaci\u00f3n en Ciencias Sociales. Fundamentos para la realizaci\u00f3n de un TFG\/TFM\u2019<\/strong>. Tambi\u00e9n se presentar\u00e1 el <strong>I Premio al Mejor TFM de Andaluc\u00eda<\/strong>, que se est\u00e1 promoviendo desde la Universidad de M\u00e1laga. La decana de la Facultad de Ciencias Sociales, <strong>Rosa Mar\u00eda D\u00edaz<\/strong>, y el profesor del Departamento de Sociolog\u00eda, <strong>Luis Navarro<\/strong>, han presentado a los ponentes.<\/p>\n<p><strong>F\u00e9lix Requena<\/strong> es catedr\u00e1tico de Sociolog\u00eda en la Universidad de M\u00e1laga (1996). Ha sido el 20\u00ba presidente del Centro de Investigaciones Sociol\u00f3gicas (2012\u20102016) y coordinador nacional de Ciencias Sociales en la ANEP (2007\u20102010). Fue representante de Espa\u00f1a en el Comit\u00e9 de Indicadores Protecci\u00f3n Social en la Comisi\u00f3n Europea (Bruselas, 2001\u20102002) y en la Comisi\u00f3n para la Medida del Capital Social en la OCDE (Londres, 2002). Actualmente es director del Departamento Derecho del Estado y Sociolog\u00eda de la Universidad de M\u00e1laga.<\/p>\n<p><strong>Luis Ayuso<\/strong> es doctor en Sociolog\u00eda (con menci\u00f3n europea) por la Universidad de Granada (2005). Ha sido becario de Formaci\u00f3n del Profesorado Universitario (FPU) del Ministerio de Educaci\u00f3n y Ciencia (2001\u20102005). Ha ampliado estudios predoctorales en la Universidad de la Sorbona (Par\u00eds V) y en el <em>Centre de Recherche Sur les Liens Sociaux<\/em> (CERLIS) (Francia); y postdoctorales en la <em>Office of Population Research<\/em> (Universidad de Princeton) (2010). Actualmente es profesor titular en la Universidad de M\u00e1laga.<\/p>\n","protected":false},"excerpt":{"rendered":"<p>El alumnado de la Facultad de Ciencias Sociales tiene una cita hoy jueves 21 de marzo, a las 11:00 horas, en la sala de grados del edificio 6 de la Universidad Pablo de Olavide, para asistir a la charla presentaci\u00f3n \u2018Trucos para la realizaci\u00f3n de un TFG \/ TFM\u2019.<\/p>\n","protected":false},"author":2,"featured_media":30855593,"comment_status":"closed","ping_status":"open","sticky":false,"template":"","format":"standard","meta":{"_monsterinsights_skip_tracking":false,"_monsterinsights_sitenote_active":false,"_monsterinsights_sitenote_note":"","_monsterinsights_sitenote_category":0,"footnotes":""},"categories":[2779],"tags":[901,1450,21,487,3650,5873],"class_list":["post-30855550","post","type-post","status-publish","format-standard","has-post-thumbnail","hentry","category-docencia-formacion","tag-charla","tag-departamento-de-sociologia","tag-estudiantes","tag-facultad-ciencias-sociales","tag-tfg","tag-tfm"],"_links":{"self":[{"href":"https:\/\/www.upo.es\/diario\/wp-json\/wp\/v2\/posts\/30855550","targetHints":{"allow":["GET"]}}],"collection":[{"href":"https:\/\/www.upo.es\/diario\/wp-json\/wp\/v2\/posts"}],"about":[{"href":"https:\/\/www.upo.es\/diario\/wp-json\/wp\/v2\/types\/post"}],"author":[{"embeddable":true,"href":"https:\/\/www.upo.es\/diario\/wp-json\/wp\/v2\/users\/2"}],"replies":[{"embeddable":true,"href":"https:\/\/www.upo.es\/diario\/wp-json\/wp\/v2\/comments?post=30855550"}],"version-history":[{"count":5,"href":"https:\/\/www.upo.es\/diario\/wp-json\/wp\/v2\/posts\/30855550\/revisions"}],"predecessor-version":[{"id":30855594,"href":"https:\/\/www.upo.es\/diario\/wp-json\/wp\/v2\/posts\/30855550\/revisions\/30855594"}],"wp:featuredmedia":[{"embeddable":true,"href":"https:\/\/www.upo.es\/diario\/wp-json\/wp\/v2\/media\/30855593"}],"wp:attachment":[{"href":"https:\/\/www.upo.es\/diario\/wp-json\/wp\/v2\/media?parent=30855550"}],"wp:term":[{"taxonomy":"category","embeddable":true,"href":"https:\/\/www.upo.es\/diario\/wp-json\/wp\/v2\/categories?post=30855550"},{"taxonomy":"post_tag","embeddable":true,"href":"https:\/\/www.upo.es\/diario\/wp-json\/wp\/v2\/tags?post=30855550"}],"curies":[{"name":"wp","href":"https:\/\/api.w.org\/{rel}","templated":true}]}}