{"id":30855599,"date":"2019-03-22T07:55:22","date_gmt":"2019-03-22T05:55:22","guid":{"rendered":"https:\/\/www.upo.es\/diario\/?p=30855599"},"modified":"2019-03-25T10:02:03","modified_gmt":"2019-03-25T08:02:03","slug":"la-historiadora-carmen-pulpon-hablara-manana-sobre-flamencas-en-el-tiempo-mujeres-en-escena","status":"publish","type":"post","link":"https:\/\/www.upo.es\/diario\/docencia-formacion\/2019\/03\/la-historiadora-carmen-pulpon-hablara-manana-sobre-flamencas-en-el-tiempo-mujeres-en-escena\/","title":{"rendered":"La historiadora Carmen Pulp\u00f3n hablar\u00e1 sobre &#8216;Flamencas en el tiempo, mujeres en escena&#8217;"},"content":{"rendered":"<p>El Ciclo Cultural \u201cLas mujeres como transmisoras del flamenco\u201d de la Universidad Pablo de Olavide contin\u00faa <u>hoy viernes 22 de marzo<\/u> con la participaci\u00f3n de Carmen Pen\u00e9lope Pulp\u00f3n Jim\u00e9nez, historiadora y doctora en Antropolog\u00eda Social por la Universidad de Sevilla, quien hablar\u00e1 sobre \u2018Flamencas en el tiempo, mujeres en escena\u2019. La cita es esta tarde <u>a las 19:00 horas en el Espacio Cultural de la UPO \u2018El Entramado\u2019<\/u>. La entrada es gratuita hasta completar aforo.<\/p>\n<p>El ciclo ampl\u00eda de esta manera la mirada a campos distintos del art\u00edstico trayendo como invitadas a \u2018Investigadoras del Flamenco\u2019. La tesis doctoral de Carmen Pen\u00e9lope Pulp\u00f3n Jim\u00e9nez, titulada \u2018Bailaoras de Sevilla: aprendizaje, profesi\u00f3n y g\u00e9nero en el flamenco del franquismo y la transici\u00f3n. Estudio hist\u00f3rico etnogr\u00e1fico de casos (1950-1980)\u2019, analiza y contextualiza, desde una perspectiva de g\u00e9nero, las vidas profesionales de un grupo de diecisiete bailaoras flamencas de Sevilla que desarrollaron sus carreras durante el franquismo y la transici\u00f3n.<\/p>\n<p>Tras la charla se celebrar\u00e1 un coloquio y tambi\u00e9n habr\u00e1 sitio para el arte, con tres artistas j\u00f3venes que est\u00e1n destacando en el panorama flamenco: la bailaora Paula Salazar, la cantaora Marta la Ni\u00f1a, y el guitarrista Ni\u00f1o Mart\u00edn. Los tres han sido ganadores del Concurso Talento Flamenco, respectivamente de baile (2018), de cante por malague\u00f1as (2017) y de guitarra de acompa\u00f1amiento (2018).<\/p>\n<p>Organizado por la Pe\u00f1a Universitaria \u2018Sentir Flamenco\u2019 de la UPO, con la colaboraci\u00f3n del Instituto Andaluz del Flamenco, el Servicio de Extensi\u00f3n Cultural del Vicerrectorado de Cultura y Compromiso Social y el Centro Andaluz de Biolog\u00eda del Desarrollo, este ciclo que celebra ahora su cuarta edici\u00f3n trae consigo a grandes artistas del flamenco, mujeres como transmisoras de este arte, que arrojan calidad cultural y cuentan la evoluci\u00f3n de la mujer dentro de las dimensiones antropol\u00f3gicas del flamenco.<\/p>\n<p>Integrada por profesorado, alumnado, personal de administraci\u00f3n y personas ajenas a la Universidad, la <a href=\"http:\/\/pfsentirflamenco.blogspot.com\/\">Pe\u00f1a \u2018Sentir Flamenco\u2019 de la UPO<\/a> es una iniciativa que busca el acercamiento de la universidad al flamenco y viceversa. As\u00ed, considerando las dimensiones antropol\u00f3gicas del flamenco, esta pe\u00f1a, que desarrolla su trabajo en el marco del programa \u201cArtes y Formaci\u00f3n\u201d del Vicerrectorado de Cultura y Compromiso Social de la UPO, organiza conferencias, encuentros con artistas, cine, presentaciones de libros, actuaciones y cursos de guitarra y de baile.<\/p>\n","protected":false},"excerpt":{"rendered":"<p>El Ciclo Cultural \u201cLas mujeres como transmisoras del flamenco\u201d de la Universidad Pablo de Olavide contin\u00faa con la participaci\u00f3n de Carmen Pen\u00e9lope Pulp\u00f3n Jim\u00e9nez, historiadora y doctora en Antropolog\u00eda Social por la Universidad de Sevilla, quien hablar\u00e1 sobre \u2018Flamencas en el tiempo, mujeres en escena\u2019.<\/p>\n","protected":false},"author":2,"featured_media":30855600,"comment_status":"closed","ping_status":"open","sticky":false,"template":"","format":"standard","meta":{"_monsterinsights_skip_tracking":false,"_monsterinsights_sitenote_active":false,"_monsterinsights_sitenote_note":"","_monsterinsights_sitenote_category":0,"footnotes":""},"categories":[2779],"tags":[75,93,1053,1142],"class_list":["post-30855599","post","type-post","status-publish","format-standard","has-post-thumbnail","hentry","category-docencia-formacion","tag-extension-cultural","tag-flamenco","tag-mujeres","tag-pena-sentir-flamenco"],"_links":{"self":[{"href":"https:\/\/www.upo.es\/diario\/wp-json\/wp\/v2\/posts\/30855599","targetHints":{"allow":["GET"]}}],"collection":[{"href":"https:\/\/www.upo.es\/diario\/wp-json\/wp\/v2\/posts"}],"about":[{"href":"https:\/\/www.upo.es\/diario\/wp-json\/wp\/v2\/types\/post"}],"author":[{"embeddable":true,"href":"https:\/\/www.upo.es\/diario\/wp-json\/wp\/v2\/users\/2"}],"replies":[{"embeddable":true,"href":"https:\/\/www.upo.es\/diario\/wp-json\/wp\/v2\/comments?post=30855599"}],"version-history":[{"count":3,"href":"https:\/\/www.upo.es\/diario\/wp-json\/wp\/v2\/posts\/30855599\/revisions"}],"predecessor-version":[{"id":30855641,"href":"https:\/\/www.upo.es\/diario\/wp-json\/wp\/v2\/posts\/30855599\/revisions\/30855641"}],"wp:featuredmedia":[{"embeddable":true,"href":"https:\/\/www.upo.es\/diario\/wp-json\/wp\/v2\/media\/30855600"}],"wp:attachment":[{"href":"https:\/\/www.upo.es\/diario\/wp-json\/wp\/v2\/media?parent=30855599"}],"wp:term":[{"taxonomy":"category","embeddable":true,"href":"https:\/\/www.upo.es\/diario\/wp-json\/wp\/v2\/categories?post=30855599"},{"taxonomy":"post_tag","embeddable":true,"href":"https:\/\/www.upo.es\/diario\/wp-json\/wp\/v2\/tags?post=30855599"}],"curies":[{"name":"wp","href":"https:\/\/api.w.org\/{rel}","templated":true}]}}