{"id":30855602,"date":"2019-03-22T07:59:27","date_gmt":"2019-03-22T05:59:27","guid":{"rendered":"https:\/\/www.upo.es\/diario\/?p=30855602"},"modified":"2019-04-01T10:53:43","modified_gmt":"2019-04-01T07:53:43","slug":"expertos-y-deportistas-se-reunen-manana-en-el-xii-seminario-internacional-upo-de-psicologia-del-deporte","status":"publish","type":"post","link":"https:\/\/www.upo.es\/diario\/docencia-formacion\/2019\/03\/expertos-y-deportistas-se-reunen-manana-en-el-xii-seminario-internacional-upo-de-psicologia-del-deporte\/","title":{"rendered":"Expertos y deportistas se re\u00fanen en el XII Seminario Internacional UPO de Psicolog\u00eda del Deporte"},"content":{"rendered":"<p>Hoy se celebra en el campus de la UPO\u00a0el <strong>XII Seminario Internacional UPO de Psicolog\u00eda del Deporte \u2018Jos\u00e9 Mar\u00eda Cagigal\u2019<\/strong>, que en esta edici\u00f3n lleva por t\u00edtulo \u2018Acercando la Psicolog\u00eda del Deporte al campo aplicado\u2019, y que ha sido presentado por<strong> Leocricia Jim\u00e9nez<\/strong>, directora del Centro Andaluz de Medicina Deportiva; el director del seminario y profesor de la Facultad de Ciencias del Deporte de la UPO <strong>Jos\u00e9 Carlos Jaenes,<\/strong> y el tambi\u00e9n profesor y director del Centro de Investigaci\u00f3n en Rendimiento F\u00edsico y Deportivo de la UPO <strong>Eduardo S\u00e1ez. <\/strong>Este seminario, en el que participar\u00e1n expertos de M\u00e9xico y de diferentes universidades espa\u00f1olas, se compone de dos conferencias magistrales, exposici\u00f3n de trabajos de investigaci\u00f3n, seis talleres pr\u00e1cticos y una mesa redonda.<\/p>\n<p>Tras el acto de presentaci\u00f3n, el seminario se traslada a el edificio 4, donde <strong>Jeanette Magnolia L\u00f3pez Walle<\/strong>, psic\u00f3loga de la Universidad de Nuevo Le\u00f3n (M\u00e9xico), pronunciar\u00e1 la conferencia inaugural que lleva por t\u00edtulo \u2018Bienestar psicol\u00f3gico del atleta como consecuencia de procesos psicol\u00f3gicos de calidad\u2019.<\/p>\n<p><u>A las 10:30 horas, en la sala de grados del edificio 7<\/u>, los asistentes podr\u00e1n visitar los distintos posters presentados para este evento que ser\u00e1n explicados por sus autores. Tras la exposici\u00f3n de estos trabajos de investigaci\u00f3n, <u>a las 11:15 horas<\/u>, se celebrar\u00e1n los primeros talleres pr\u00e1cticos ofrecidos por <strong>Jeanette Magnolia L\u00f3pez Walle<\/strong>, que hablar\u00e1 sobre \u2018El educador f\u00edsico\/entrenador como promotor de climas motivacionales de calidad\u2019; <strong>Patricia I.\u00a0 Jaenes Amarillo<\/strong>, psic\u00f3loga sanitaria, que abordar\u00e1 \u2018Trastornos de Conducta Alimentaria y Deporte para entrenadores y profesorado de Educaci\u00f3n F\u00edsica\u2019; y por <strong>Isabel Beasley Boh\u00f3rquez<\/strong>, asistente honoraria del Departamento de Psicolog\u00eda Social de la Universidad de Sevilla, cuyo taller se titula \u2018\u00bfErrores? Estrategias para convertir el error deportivo en \u00e9xito\u2019.<\/p>\n<p>La sesi\u00f3n de tarde comenzar\u00e1 <u>a las 15:30, en el aula 4 del edificio 4<\/u>, con la conferencia \u2018La recuperaci\u00f3n psicol\u00f3gica del deportista lesionado\u2019, ofrecida por <strong>V\u00edctor Rubio Franco<\/strong>, doctor en psicolog\u00eda y profesor de la Universidad Aut\u00f3noma de Madrid.<\/p>\n<p><u>A las 16:50 horas<\/u> se celebrar\u00e1n las segundas sesiones de talleres que ser\u00e1n impartidos por <strong>V\u00edctor Rubio<\/strong> y <strong>Macarena Moral Pamos<\/strong>, fisioterapeuta del Centro Andaluz de Medicina del Deporte, quienes abordar\u00e1n \u2018La recuperaci\u00f3n Psicol\u00f3gica del deportista lesionado\u2019; <strong>Roc\u00edo Boh\u00f3rquez G\u00f3mez Mill\u00e1n<\/strong>, psic\u00f3loga y profesora de la Facultad de Psicolog\u00eda de la Universidad de Sevilla, que tratar\u00e1 \u2018El manejo del trabajo en equipo: Claves Psicol\u00f3gicas para trabajar\u2019; y <strong>Arturo Casado Alda<\/strong>, doctor en Educaci\u00f3n F\u00edsica, profesor de la Universidad Isabel I y campe\u00f3n de Europa de 1500 metros, que hablar\u00e1 sobre \u2018La pr\u00e1ctica deliberada: Distribuci\u00f3n de intensidades de entrenamiento en fondistas de \u00e9lite kenianos y espa\u00f1oles\u2019.<\/p>\n<p>Finalmente, el campe\u00f3n de Europa de 1500 metros <strong>Arturo Casado Alda<\/strong> tambi\u00e9n participar\u00e1 en una mesa redonda con las deportistas de alto rendimiento <strong>Miriam Costa Agudo<\/strong>, atleta de medio fondo internacional, y <strong>Estefan\u00eda Fern\u00e1ndez Gonz\u00e1lez<\/strong>, pirag\u00fcista internacional, y con el canoista internacional<strong> Noel Dom\u00ednguez Mart\u00edn<\/strong>, quienes tratar\u00e1n \u2018El factor psicol\u00f3gico desde el deportista\u2019. Esta mesa redonda se celebrar\u00e1 a las 19:00 horas en la sala de grados del edificio 7.<\/p>\n<p>El XII Seminario Internacional UPO de Psicolog\u00eda del Deporte \u2018Jos\u00e9 Mar\u00eda Cagigal\u2019est\u00e1 organizado por la Universidad Pablo de Olavide con la colaboraci\u00f3n de la Consejer\u00eda de Educaci\u00f3n y Deporte y el Centro Andaluz de Medicina del Deporte.<\/p>\n<p><a href=\"https:\/\/www.upo.es\/diario\/wp-content\/uploads\/2019\/03\/spsicologiadeporte.jpg\"><img loading=\"lazy\" decoding=\"async\" class=\"aligncenter size-large wp-image-30855603\" src=\"https:\/\/www.upo.es\/diario\/wp-content\/uploads\/2019\/03\/spsicologiadeporte-600x261.jpg\" alt=\"\" width=\"600\" height=\"261\" srcset=\"https:\/\/www.upo.es\/diario\/wp-content\/uploads\/2019\/03\/spsicologiadeporte-600x261.jpg 600w, https:\/\/www.upo.es\/diario\/wp-content\/uploads\/2019\/03\/spsicologiadeporte-320x139.jpg 320w, https:\/\/www.upo.es\/diario\/wp-content\/uploads\/2019\/03\/spsicologiadeporte-768x334.jpg 768w, https:\/\/www.upo.es\/diario\/wp-content\/uploads\/2019\/03\/spsicologiadeporte.jpg 1138w\" sizes=\"auto, (max-width: 600px) 100vw, 600px\" \/><\/a><\/p>\n<p><strong>M\u00e1s informaci\u00f3n:<br \/>\n<\/strong><a href=\"https:\/\/eventos.upo.es\/31180\/detail\/xii-seminario-internacional-upo-de-psicologia-del-deporte-jose-maria-cagigal.html\">XII Seminario Internacional UPO de Psicolog\u00eda del Deporte \u2018Jos\u00e9 Mar\u00eda Cagigal\u2019<\/a><\/p>\n<p>&nbsp;<\/p>\n","protected":false},"excerpt":{"rendered":"<p>Este seminario, en el que participan expertos de M\u00e9xico y de diferentes universidades espa\u00f1olas, se compone de dos conferencias magistrales, exposici\u00f3n de trabajos de investigaci\u00f3n, seis talleres pr\u00e1cticos y una mesa redonda.<\/p>\n","protected":false},"author":2,"featured_media":30855620,"comment_status":"closed","ping_status":"open","sticky":false,"template":"","format":"standard","meta":{"_monsterinsights_skip_tracking":false,"_monsterinsights_sitenote_active":false,"_monsterinsights_sitenote_note":"","_monsterinsights_sitenote_category":0,"footnotes":""},"categories":[2779],"tags":[541,4932,2688,3342,884,78],"class_list":["post-30855602","post","type-post","status-publish","format-standard","has-post-thumbnail","hentry","category-docencia-formacion","tag-deporte","tag-deportistas","tag-expertos","tag-facultad-de-ciencias-del-deporte","tag-psicologia-del-deporte","tag-seminario"],"_links":{"self":[{"href":"https:\/\/www.upo.es\/diario\/wp-json\/wp\/v2\/posts\/30855602","targetHints":{"allow":["GET"]}}],"collection":[{"href":"https:\/\/www.upo.es\/diario\/wp-json\/wp\/v2\/posts"}],"about":[{"href":"https:\/\/www.upo.es\/diario\/wp-json\/wp\/v2\/types\/post"}],"author":[{"embeddable":true,"href":"https:\/\/www.upo.es\/diario\/wp-json\/wp\/v2\/users\/2"}],"replies":[{"embeddable":true,"href":"https:\/\/www.upo.es\/diario\/wp-json\/wp\/v2\/comments?post=30855602"}],"version-history":[{"count":8,"href":"https:\/\/www.upo.es\/diario\/wp-json\/wp\/v2\/posts\/30855602\/revisions"}],"predecessor-version":[{"id":30855640,"href":"https:\/\/www.upo.es\/diario\/wp-json\/wp\/v2\/posts\/30855602\/revisions\/30855640"}],"wp:featuredmedia":[{"embeddable":true,"href":"https:\/\/www.upo.es\/diario\/wp-json\/wp\/v2\/media\/30855620"}],"wp:attachment":[{"href":"https:\/\/www.upo.es\/diario\/wp-json\/wp\/v2\/media?parent=30855602"}],"wp:term":[{"taxonomy":"category","embeddable":true,"href":"https:\/\/www.upo.es\/diario\/wp-json\/wp\/v2\/categories?post=30855602"},{"taxonomy":"post_tag","embeddable":true,"href":"https:\/\/www.upo.es\/diario\/wp-json\/wp\/v2\/tags?post=30855602"}],"curies":[{"name":"wp","href":"https:\/\/api.w.org\/{rel}","templated":true}]}}