{"id":30855676,"date":"2019-03-27T01:53:12","date_gmt":"2019-03-26T23:53:12","guid":{"rendered":"https:\/\/www.upo.es\/diario\/?p=30855676"},"modified":"2019-03-28T16:33:31","modified_gmt":"2019-03-28T14:33:31","slug":"el-gestor-cultural-claudio-pansera-imparte-en-la-upo-el-seminario-artes-y-desarrollo-social","status":"publish","type":"post","link":"https:\/\/www.upo.es\/diario\/cultura\/2019\/03\/el-gestor-cultural-claudio-pansera-imparte-en-la-upo-el-seminario-artes-y-desarrollo-social\/","title":{"rendered":"El gestor cultural Claudio Pansera imparte en la UPO el seminario &#8216;Artes y Desarrollo Social&#8217;"},"content":{"rendered":"<p>El gestor cultural <strong>Claudio Pansera<\/strong> imparte del 27 al 29 de marzo en la Universidad Pablo de Olavide el <strong>seminario \u2018Artes y Desarrollo Social\u2019<\/strong>, un espacio para conocer una propuesta de an\u00e1lisis y clasificaci\u00f3n de proyectos existentes actualmente en Argentina y en otros pa\u00edses iberoamericanos donde las herramientas culturales muestran exitosas aplicaciones para transformar realidades sociales problem\u00e1ticas.<\/p>\n<p>Esta acci\u00f3n formativa, dise\u00f1ada por este productor, docente, periodista e investigador argentino, se desarrollar\u00e1 <u>desde hoy mi\u00e9rcoles hasta el viernes 29, en horario de 10:00 a 14:00 horas, en el espacio cultural \u2018El Entramado\u2019 (edificio 42) de la UPO<\/u>.<\/p>\n<p>El seminario expondr\u00e1 una propuesta de an\u00e1lisis y clasificaci\u00f3n de proyectos culturales dentro del movimiento art\u00edstico-social que tiene una extendida actividad en todo el mundo, y en especial en situaciones de las crecientes y reiteradas crisis. Son iniciativas que tienen a la cultura como herramienta para producir transformaciones de las realidades donde se llevan a cabo, tanto en lo individual como en lo grupal, en lo comunitario y en las instituciones p\u00fablicas. El programa se desarrollar\u00e1 en tres ejes: \u2018Marco socio hist\u00f3rico del arte social\u2019, \u2018Dise\u00f1o y planificaci\u00f3n de proyectos\u2019 y \u2018Acci\u00f3n de la promoci\u00f3n sociocultural por objetivos\u2019.<\/p>\n<p>Esta jornada de aprendizaje se enmarca en el <strong>Proyecto Atalaya \u2018Arte y Compromiso. Experiencias para el Cambio Social\u2019<\/strong>. Desde el curso 2013\/2014, el Vicerrectorado de Cultura y Compromiso Social de la UPO, a trav\u00e9s del Servicio de Extensi\u00f3n Cultural, coordina esta actividad profundamente coherente con la filosof\u00eda de esta universidad, ligada directamente al compromiso con su entorno, entendido en todas sus dimensiones.<\/p>\n<p>La Direcci\u00f3n General de Universidades de la Consejer\u00eda de Econom\u00eda, Conocimiento, Empresas y Universidad de la Junta de Andaluc\u00eda impulsa y apoya el Proyecto Atalaya, el cual pone su atenci\u00f3n en el trabajo com\u00fan que, desde el \u00e1mbito universitario, se desarrolla en aras de fortalecer una cultura nacida, programada y gestionada desde las universidades, favoreciendo con ello el trabajo en red de las diez universidades p\u00fablicas andaluzas.<\/p>\n<p><strong>\u00a0<\/strong><\/p>\n<p><strong>M\u00e1s informaci\u00f3n:<\/strong><\/p>\n<p><a href=\"https:\/\/eventos.upo.es\/33473\/detail\/seminario-artes-y-desarrollo-social.html\">Seminario \u2018Artes y Desarrollo Social\u2019<\/a><\/p>\n<p>&nbsp;<\/p>\n","protected":false},"excerpt":{"rendered":"<p>El gestor cultural Claudio Pansera impartir\u00e1 del 27 al 29 de marzo en la Universidad Pablo de Olavide el seminario \u2018Artes y Desarrollo Social\u2019, un espacio para conocer una propuesta de an\u00e1lisis y clasificaci\u00f3n de proyectos existentes actualmente en Argentina y en otros pa\u00edses iberoamericanos. <\/p>\n","protected":false},"author":2,"featured_media":30855677,"comment_status":"closed","ping_status":"open","sticky":false,"template":"","format":"standard","meta":{"_monsterinsights_skip_tracking":false,"_monsterinsights_sitenote_active":false,"_monsterinsights_sitenote_note":"","_monsterinsights_sitenote_category":0,"footnotes":""},"categories":[7],"tags":[265,5834,2644,94,4361,2667],"class_list":["post-30855676","post","type-post","status-publish","format-standard","has-post-thumbnail","hentry","category-cultura","tag-arte","tag-cultura","tag-desarrollo-social","tag-proyecto-atalaya","tag-proyecto-cultural","tag-vicerrectorado-de-cultura-y-compromiso-social"],"_links":{"self":[{"href":"https:\/\/www.upo.es\/diario\/wp-json\/wp\/v2\/posts\/30855676","targetHints":{"allow":["GET"]}}],"collection":[{"href":"https:\/\/www.upo.es\/diario\/wp-json\/wp\/v2\/posts"}],"about":[{"href":"https:\/\/www.upo.es\/diario\/wp-json\/wp\/v2\/types\/post"}],"author":[{"embeddable":true,"href":"https:\/\/www.upo.es\/diario\/wp-json\/wp\/v2\/users\/2"}],"replies":[{"embeddable":true,"href":"https:\/\/www.upo.es\/diario\/wp-json\/wp\/v2\/comments?post=30855676"}],"version-history":[{"count":4,"href":"https:\/\/www.upo.es\/diario\/wp-json\/wp\/v2\/posts\/30855676\/revisions"}],"predecessor-version":[{"id":30855712,"href":"https:\/\/www.upo.es\/diario\/wp-json\/wp\/v2\/posts\/30855676\/revisions\/30855712"}],"wp:featuredmedia":[{"embeddable":true,"href":"https:\/\/www.upo.es\/diario\/wp-json\/wp\/v2\/media\/30855677"}],"wp:attachment":[{"href":"https:\/\/www.upo.es\/diario\/wp-json\/wp\/v2\/media?parent=30855676"}],"wp:term":[{"taxonomy":"category","embeddable":true,"href":"https:\/\/www.upo.es\/diario\/wp-json\/wp\/v2\/categories?post=30855676"},{"taxonomy":"post_tag","embeddable":true,"href":"https:\/\/www.upo.es\/diario\/wp-json\/wp\/v2\/tags?post=30855676"}],"curies":[{"name":"wp","href":"https:\/\/api.w.org\/{rel}","templated":true}]}}