{"id":30855700,"date":"2019-03-27T10:14:17","date_gmt":"2019-03-27T08:14:17","guid":{"rendered":"https:\/\/www.upo.es\/diario\/?p=30855700"},"modified":"2019-04-01T10:52:48","modified_gmt":"2019-04-01T07:52:48","slug":"europa-press-presenta-su-primer-anuario-grafico-en-el-centro-universitario-san-isidoro","status":"publish","type":"post","link":"https:\/\/www.upo.es\/diario\/institucional\/2019\/03\/europa-press-presenta-su-primer-anuario-grafico-en-el-centro-universitario-san-isidoro\/","title":{"rendered":"Europa Press presenta su primer anuario gr\u00e1fico en el Centro Universitario San Isidoro"},"content":{"rendered":"<p>La agencia de noticias Europa Press en Andaluc\u00eda ha presentado en Sevilla su primer anuario gr\u00e1fico, editado en colaboraci\u00f3n con el Centro Universitario San Isidoro (adscrito a la Universidad Pablo de Olavide y promovido por Ceade), en un acto que ha clausurado el presidente de la Junta de Andaluc\u00eda, <strong>Juanma Moreno<\/strong>, quien ha definido el anuario como \u00abun hito en la forma de contar la historia de nuestra tierra\u00bb.<\/p>\n<p>La presentaci\u00f3n del anuario se ha celebrado en el citado Centro Universitario San Isidoro y ha contado tambi\u00e9n con la participaci\u00f3n de la presidenta del Parlamento andaluz, <strong>Marta Bosquet<\/strong>; el presidente de Europa Press, <strong>As\u00eds Mart\u00edn de Cabiedes<\/strong>; el rector de la Universidad Pablo de Olavide, <strong>Vicente Guzm\u00e1n<\/strong>; y el presidente del centro universitario que ha ejercido de anfitri\u00f3n,<strong> Diego G\u00e1lvez.<\/strong><\/p>\n<p>El acto ha contado tambi\u00e9n con la asistencia, entre otros, de la consejera andaluza de Fomento, Infraestructuras y Ordenaci\u00f3n del Territorio, Marifr\u00e1n Carazo; el presidente del grupo parlamentario Vox en Andaluc\u00eda, Francisco Serrano; la secretaria general de CCOO-A, Nuria L\u00f3pez; el presidente de ATA, Lorenzo Amor; el candidato del PP a la Alcald\u00eda de Sevilla, Beltr\u00e1n P\u00e9rez; la presidenta del PP de Sevilla, Virginia P\u00e9rez; o el cabeza de lista de Ciudadanos (Cs) al Congreso por Sevilla, Pau Cambronero.<\/p>\n<p>En su intervenci\u00f3n, el presidente de la Junta ha felicitado a los organizadores del acto, que ha definido como \u00abun \u00e9xito\u00bb, y ha valorado el papel \u00abclave\u00bb de la agencia de noticias Europa Press \u00abpara Andaluc\u00eda\u00bb, donde lleva \u00abm\u00e1s de un cuarto de siglo, 28 a\u00f1os, informando a los andaluces de noticias locales, provinciales, regionales y nacionales\u00bb.<\/p>\n<p>Moreno ha se\u00f1alado que Europa Press \u00abha sabido adaptarse a las nuevas tecnolog\u00edas y ha afrontado con un notable \u00e9xito el proceso de digitalizaci\u00f3n que est\u00e1n llevando a cabo muchos medios de comunicaci\u00f3n\u00bb.<\/p>\n<p>El presidente ha felicitado a los fot\u00f3grafos de la agencia y el \u00abbrillante trabajo\u00bb de los periodistas de Europa Press, y sobre el anuario ha apuntado que \u00abnos invita a reflexionar sobre los acontecimientos m\u00e1s destacados\u00bb de 2018.<\/p>\n<p>Ha querido destacar cinco hitos en concreto, plasmados en esta recopilaci\u00f3n; en concreto, los cr\u00edmenes sufridos por el ni\u00f1o Gabriel Cruz en Almer\u00eda y la joven Laura Luelmo en Huelva; el \u00abdrama de la inmigraci\u00f3n\u00bb, acerca del que ha apelado a \u00abla responsabilidad y visi\u00f3n de estado\u00bb; los temporales que causaron \u00abgraves destrozos\u00bb en la costa andaluza y se cobraron cuatro vidas el pasado a\u00f1o en Andaluc\u00eda, y el \u00abejemplo de superaci\u00f3n\u00bb de la campeona mundial de b\u00e1dminton, la onubense Carolina Mar\u00edn.<\/p>\n<p>De manera especial, adem\u00e1s, Moreno ha destacado la imagen de los acuerdos pol\u00edticos alcanzados tras las elecciones del pasado 2 de diciembre, que han permitido a PP-A y Ciudadanos formar el primer gobierno no socialista en las casi cuatro d\u00e9cadas de historia de la autonom\u00eda andaluza.<\/p>\n<p>Al respecto, Moreno ha se\u00f1alado que se ha abierto en Andaluc\u00eda \u00abun nuevo tiempo que debe estar impregnado de di\u00e1logo y consenso\u00bb, y ha apelado a la b\u00fasqueda de \u00abpuntos de encuentro\u00bb para \u00abel bien com\u00fan de los andaluces\u00bb.<\/p>\n<h2 class=\"ladillo\">\u00abApuesta\u00bb por Andaluc\u00eda de Europa Press<\/h2>\n<p>Por su parte, la presidenta del Parlamento, Marta Bosquet, ha valorado el \u00abenorme trabajo\u00bb de Europa Press y la \u00abapuesta por esta tierra que ha demostrado sobradamente durante estos a\u00f1os\u00bb, ya que \u00abcubre casi todo lo que ocurre con inter\u00e9s informativo\u00bb.<\/p>\n<p>En esa l\u00ednea, ha reivindicado el \u00abperiodismo de calidad\u00bb en un momento en el que \u00abestamos en un entorno expuesto a una gran cantidad de informaci\u00f3n\u00bb, y ha agradecido la \u00abvocaci\u00f3n andaluza\u00bb de Europa Press. Bosquet ha concluido apelando a Andaluc\u00eda como \u00abtierra que genera noticias\u00bb y a Europa Press como \u00abagencia que sabe contarlas\u00bb.<\/p>\n<p>El presidente de este medio de comunicaci\u00f3n, As\u00eds Mart\u00edn de Cabiedes, por su parte, ha subrayado que la publicaci\u00f3n de este anuario es \u00abuna culminaci\u00f3n de m\u00e1s de un cuarto de siglo de compromiso informativo de Europa Press con Andaluc\u00eda\u00bb, y ha reivindicado el \u00abnecesario\u00bb trabajo de los \u00abm\u00e1s de 70 profesionales\u00bb con los que cuenta la agencia en la comunidad aut\u00f3noma para \u00abconcluir con \u00e9xito esta dif\u00edcil tarea\u00bb.<\/p>\n<p>Mart\u00edn de Cabiedes, que ha repasado los temas plasmados en el anuario, ha avanzado que a \u00e9ste \u00abvan a seguir otros muchos\u00bb, porque \u00abnuestro compromiso con la informaci\u00f3n no tiene l\u00edmite temporal\u00bb.<\/p>\n<p>El presidente del Centro Universitario San Isidoro, Diego G\u00e1lvez, ha explicado que la colaboraci\u00f3n de dicha entidad con este anuario es \u00abun reflejo de nuestro compromiso por la formaci\u00f3n universitaria del periodismo y nuestra colaboraci\u00f3n con los medios de comunicaci\u00f3n\u00bb. As\u00ed, ha recordado que este centro imparte los estudios de Periodismo desde el a\u00f1o 1994, y desde 2014 como centro adscrito a la UPO.<\/p>\n<p>Finalmente, el rector de la UPO, Vicente Guzm\u00e1n, ha reivindicado las \u00abdos grandes fuerzas que tienen que ser preservadas a toda costa en el momento actual\u00bb, como son \u00abla fuerza del periodismo y la fuerza de la universidad\u00bb. Ha defendido adem\u00e1s a la universidad p\u00fablica, pero tambi\u00e9n que \u00abla educaci\u00f3n superior p\u00fablica est\u00e9 compartida con operadores privados que se someten a los criterios de calidad\u00bb.<\/p>\n<h2 class=\"ladillo\">Anuario<\/h2>\n<p>El anuario presentado este martes busca ofrecer un pormenorizado repaso de las principales im\u00e1genes que resumen la actualidad informativa del pasado a\u00f1o 2018 en la comunidad aut\u00f3noma.<\/p>\n<p>As\u00ed, las 95 p\u00e1ginas del anuario, titulado &#8216;2018, un a\u00f1o en Andaluc\u00eda en im\u00e1genes&#8217;, recogen un total de 86 fotograf\u00edas que plasman los mayores hitos del pasado ejercicio desde el punto visto pol\u00edtico, econ\u00f3mico y social, sin olvidar aspectos como la cr\u00f3nica judicial y de sucesos, los principales eventos culturales y la actualidad deportiva.<\/p>\n<p>Fuente: Europa Press<\/p>\n","protected":false},"excerpt":{"rendered":"<p>La agencia de noticias Europa Press en Andaluc\u00eda ha presentado en Sevilla su primer anuario gr\u00e1fico, editado en colaboraci\u00f3n con el Centro Universitario San Isidoro (adscrito a la Universidad Pablo de Olavide y promovido por Ceade), en un acto que ha clausurado el presidente de la Junta de Andaluc\u00eda, Juanma Moreno, quien ha definido el anuario como \u00abun hito en la forma de contar la historia de nuestra tierra\u00bb.<\/p>\n","protected":false},"author":15,"featured_media":30855701,"comment_status":"closed","ping_status":"open","sticky":false,"template":"","format":"standard","meta":{"_monsterinsights_skip_tracking":false,"_monsterinsights_sitenote_active":false,"_monsterinsights_sitenote_note":"","_monsterinsights_sitenote_category":0,"footnotes":""},"categories":[6],"tags":[5886,5891,772,1202,5890,5885,5888,5889,334],"class_list":["post-30855700","post","type-post","status-publish","format-standard","has-post-thumbnail","hentry","category-institucional","tag-anuario-grafico","tag-asis-martin-de-cabiedes","tag-ceade","tag-centro-adscrito-san-isidoro","tag-diego-galvez","tag-europa-press","tag-juanma-moreno","tag-marta-bosquet","tag-presentacion"],"_links":{"self":[{"href":"https:\/\/www.upo.es\/diario\/wp-json\/wp\/v2\/posts\/30855700","targetHints":{"allow":["GET"]}}],"collection":[{"href":"https:\/\/www.upo.es\/diario\/wp-json\/wp\/v2\/posts"}],"about":[{"href":"https:\/\/www.upo.es\/diario\/wp-json\/wp\/v2\/types\/post"}],"author":[{"embeddable":true,"href":"https:\/\/www.upo.es\/diario\/wp-json\/wp\/v2\/users\/15"}],"replies":[{"embeddable":true,"href":"https:\/\/www.upo.es\/diario\/wp-json\/wp\/v2\/comments?post=30855700"}],"version-history":[{"count":4,"href":"https:\/\/www.upo.es\/diario\/wp-json\/wp\/v2\/posts\/30855700\/revisions"}],"predecessor-version":[{"id":30855708,"href":"https:\/\/www.upo.es\/diario\/wp-json\/wp\/v2\/posts\/30855700\/revisions\/30855708"}],"wp:featuredmedia":[{"embeddable":true,"href":"https:\/\/www.upo.es\/diario\/wp-json\/wp\/v2\/media\/30855701"}],"wp:attachment":[{"href":"https:\/\/www.upo.es\/diario\/wp-json\/wp\/v2\/media?parent=30855700"}],"wp:term":[{"taxonomy":"category","embeddable":true,"href":"https:\/\/www.upo.es\/diario\/wp-json\/wp\/v2\/categories?post=30855700"},{"taxonomy":"post_tag","embeddable":true,"href":"https:\/\/www.upo.es\/diario\/wp-json\/wp\/v2\/tags?post=30855700"}],"curies":[{"name":"wp","href":"https:\/\/api.w.org\/{rel}","templated":true}]}}