{"id":30855768,"date":"2019-03-29T16:37:10","date_gmt":"2019-03-29T14:37:10","guid":{"rendered":"https:\/\/www.upo.es\/diario\/?p=30855768"},"modified":"2019-04-01T10:01:07","modified_gmt":"2019-04-01T07:01:07","slug":"mas-de-1-000-corredores-participan-este-sabado-en-la-v-carrera-popular-de-la-universidad-pablo-de-olavide","status":"publish","type":"post","link":"https:\/\/www.upo.es\/diario\/comunidad\/2019\/03\/mas-de-1-000-corredores-participan-este-sabado-en-la-v-carrera-popular-de-la-universidad-pablo-de-olavide\/","title":{"rendered":"M\u00e1s de 1.000 corredores participan en la V Carrera Popular de la Universidad Pablo de Olavide"},"content":{"rendered":"<p>Este s\u00e1bado, 30 de marzo, a las 11,00 horas, se celebra la V Carrera Popular de la Universidad Pablo de Olavide, organizada a trav\u00e9s del Servicio de Deportes y la Fundaci\u00f3n UPO. Un evento que cuenta con m\u00e1s de 1.000 corredores inscritos que dispondr\u00e1n de servicio de guardarropa y avituallamiento gratuitos durante el recorrido y en la zona de meta.<\/p>\n<p>La salida y meta de esta carrera, con un recorrido de ocho kil\u00f3metros, estar\u00e1 situada en la Plaza de Am\u00e9rica, junto al Rectorado de la Universidad, donde adem\u00e1s, se situar\u00e1 un punto de informaci\u00f3n para atender las dudas de los corredores, un stand con masajes pre y post carrera para los participantes, y una zona de juegos infantiles. El acceso en coche a la Universidad Pablo de Olavide se cortar\u00e1 a las 10,30 horas y estar\u00e1 cerrado hasta las 13,00 horas.<\/p>\n<p>Posteriormente, tanto los corredores como sus acompa\u00f1antes podr\u00e1n disfrutar de la fiesta \u2018after running\u2019, un lugar de ocio en el que se entregar\u00e1n los trofeos a los primeros clasificados, se impartir\u00e1 una master class por parte de FEDA, se sortear\u00e1n regalos entre todos los participantes y se podr\u00e1n degustar diferentes productos por gentileza de empresas colaboradoras, todo ello con la animaci\u00f3n del speaker Juan Acevedo. Esta fiesta tendr\u00e1 lugar en la Plaza de Am\u00e9rica, cerca de zona de salida y meta, para poder disfrutar del evento.<\/p>\n<p>Las categor\u00edas en las que se competir\u00e1n, tanto masculinas y femeninas, ser\u00e1n las siguientes: juvenil (para nacidos en 2001 y 2002); senior A (para nacidos entre 1989 y 2000); senior B (para nacidos entre 1983 y 1988); veterano A (para nacidos entre 1971 y 1982); veterano B (para nacidos en 1970 y anteriores); categor\u00eda alumnos UPO y categor\u00eda personal UPO (para el personal docente e investigador, personal de administraci\u00f3n y servicios de la UPO y de la Fundaci\u00f3n, as\u00ed como el personal de empresas externas que trabaja en la universidad) y categor\u00eda clubes\/entidades, para los clubes o entidades que m\u00e1s participantes inscriban en la carrera (exentas las entidades de la comunidad universitaria de la UPO).<\/p>\n<p>Habr\u00e1 trofeo para el primer clasificado de cada categor\u00eda y medalla para el segundo y tercer clasificado, as\u00ed como cheques regalo de distintas entidades colaboradoras. Adem\u00e1s, se premiar\u00e1 al club que inscriba m\u00e1s participantes y a la persona de mayor edad que participe en la carrera. Adem\u00e1s, se har\u00e1 entrega a Andex del cheque con la recaudaci\u00f3n de inscripciones, donaciones y dorsal cero.<\/p>\n<p>La recogida de los dorsales se realizar\u00e1 durante el d\u00eda de hoy, hasta las 18,30 horas, en las oficinas del Servicio de Deportes de la Universidad Pablo de Olavide (Edificio 18, Celestino Mutis) y junto con el dorsal, se entregar\u00e1 una bolsa del corredor con manguitos de corredor, camiseta t\u00e9cnica de la carrera, vale por un montadito gratis y productos de empresas colaboradoras.<\/p>\n<p>M\u00e1s informaci\u00f3n: <a href=\"https:\/\/www.upo.es\/sdupo\/servicios\/carrera-popular-pablo-de-olavide\/#tabs-11\">V Carrera Popular Universidad Pablo de Olavide<\/a><\/p>\n","protected":false},"excerpt":{"rendered":"<p>Este s\u00e1bado, 30 de marzo, a las 11,00 horas, se celebra la V Carrera Popular de la Universidad Pablo de Olavide, organizada a trav\u00e9s del Servicio de Deportes y la Fundaci\u00f3n UPO. Un evento que cuenta con m\u00e1s de 1.000 corredores inscritos que dispondr\u00e1n de servicio de guardarropa y avituallamiento gratuitos durante el recorrido y en la zona de meta. <\/p>\n","protected":false},"author":6,"featured_media":30855769,"comment_status":"closed","ping_status":"open","sticky":false,"template":"","format":"standard","meta":{"_monsterinsights_skip_tracking":false,"_monsterinsights_sitenote_active":false,"_monsterinsights_sitenote_note":"","_monsterinsights_sitenote_category":0,"footnotes":""},"categories":[5842],"tags":[107,2238,231,2474,492,1024],"class_list":["post-30855768","post","type-post","status-publish","format-standard","has-post-thumbnail","hentry","category-comunidad","tag-campus","tag-carrera-popular","tag-deportes-2","tag-fundacion-universidad-pablo-de-olavide","tag-servicio-de-deportes","tag-solidaridad"],"_links":{"self":[{"href":"https:\/\/www.upo.es\/diario\/wp-json\/wp\/v2\/posts\/30855768","targetHints":{"allow":["GET"]}}],"collection":[{"href":"https:\/\/www.upo.es\/diario\/wp-json\/wp\/v2\/posts"}],"about":[{"href":"https:\/\/www.upo.es\/diario\/wp-json\/wp\/v2\/types\/post"}],"author":[{"embeddable":true,"href":"https:\/\/www.upo.es\/diario\/wp-json\/wp\/v2\/users\/6"}],"replies":[{"embeddable":true,"href":"https:\/\/www.upo.es\/diario\/wp-json\/wp\/v2\/comments?post=30855768"}],"version-history":[{"count":2,"href":"https:\/\/www.upo.es\/diario\/wp-json\/wp\/v2\/posts\/30855768\/revisions"}],"predecessor-version":[{"id":30855809,"href":"https:\/\/www.upo.es\/diario\/wp-json\/wp\/v2\/posts\/30855768\/revisions\/30855809"}],"wp:featuredmedia":[{"embeddable":true,"href":"https:\/\/www.upo.es\/diario\/wp-json\/wp\/v2\/media\/30855769"}],"wp:attachment":[{"href":"https:\/\/www.upo.es\/diario\/wp-json\/wp\/v2\/media?parent=30855768"}],"wp:term":[{"taxonomy":"category","embeddable":true,"href":"https:\/\/www.upo.es\/diario\/wp-json\/wp\/v2\/categories?post=30855768"},{"taxonomy":"post_tag","embeddable":true,"href":"https:\/\/www.upo.es\/diario\/wp-json\/wp\/v2\/tags?post=30855768"}],"curies":[{"name":"wp","href":"https:\/\/api.w.org\/{rel}","templated":true}]}}