{"id":30855855,"date":"2019-04-02T01:13:39","date_gmt":"2019-04-01T22:13:39","guid":{"rendered":"https:\/\/www.upo.es\/diario\/?p=30855855"},"modified":"2019-04-05T11:27:03","modified_gmt":"2019-04-05T08:27:03","slug":"el-jurista-angel-lopez-y-lopez-ofrece-una-conferencia-en-homenaje-a-rosario-valpuesta","status":"publish","type":"post","link":"https:\/\/www.upo.es\/diario\/comunidad\/2019\/04\/el-jurista-angel-lopez-y-lopez-ofrece-una-conferencia-en-homenaje-a-rosario-valpuesta\/","title":{"rendered":"El jurista \u00c1ngel L\u00f3pez y L\u00f3pez ofrece una conferencia en homenaje a Rosario Valpuesta"},"content":{"rendered":"<p><img loading=\"lazy\" decoding=\"async\" class=\"alignright size-medium wp-image-30855783\" src=\"https:\/\/www.upo.es\/diario\/wp-content\/uploads\/2019\/03\/Cartel-Conf-Mujer_juridica-300-226x320.png\" alt=\"\" width=\"226\" height=\"320\" srcset=\"https:\/\/www.upo.es\/diario\/wp-content\/uploads\/2019\/03\/Cartel-Conf-Mujer_juridica-300-226x320.png 226w, https:\/\/www.upo.es\/diario\/wp-content\/uploads\/2019\/03\/Cartel-Conf-Mujer_juridica-300.png 300w\" sizes=\"auto, (max-width: 226px) 100vw, 226px\" \/><strong>\u00c1ngel L\u00f3pez y L\u00f3pez,<\/strong> jurista y Doctor Honoris Causa por la Universidad Pablo de Olavide, ha ofrecido hoy en la sala de grados de la Biblioteca una conferencia en homenaje a Rosario Valpuesta, que ha llevado por t\u00edtulo <strong>\u2018Status y principio de igualdad en la condici\u00f3n jur\u00eddica de la mujer\u2019<\/strong>.<\/p>\n<p>El catedr\u00e1tico y profesor em\u00e9rito de Derecho civil \u00c1ngel L\u00f3pez L\u00f3pez fue maestro de la que fuera rectora de la Universidad Pablo de Olavide Rosario Valpuesta.\u00a0Se trata de una iniciativa organizada por la Asociaci\u00f3n Rosario Valpuesta junto con el Programa de Doctorado en Ciencias Jur\u00eddicas y Pol\u00edticas de la Universidad Pablo de Olavide.<\/p>\n","protected":false},"excerpt":{"rendered":"<p>\u00c1ngel L\u00f3pez y L\u00f3pez, jurista y Doctor Honoris Causa por la Universidad Pablo de Olavide, ha ofrecido hoy en la sala de grados de la Biblioteca una conferencia en homenaje a Rosario Valpuesta, que ha llevado por t\u00edtulo \u2018Status y principio de igualdad en la condici\u00f3n jur\u00eddica de la mujer\u2019.<\/p>\n","protected":false},"author":6,"featured_media":30855856,"comment_status":"closed","ping_status":"open","sticky":false,"template":"","format":"standard","meta":{"_monsterinsights_skip_tracking":false,"_monsterinsights_sitenote_active":false,"_monsterinsights_sitenote_note":"","_monsterinsights_sitenote_category":0,"footnotes":""},"categories":[5842],"tags":[1398,227,87,764,308,536],"class_list":["post-30855855","post","type-post","status-publish","format-standard","has-post-thumbnail","hentry","category-comunidad","tag-asociacion-rosario-valpuesta","tag-conferencia","tag-derecho","tag-derecho-civil","tag-homenaje","tag-rosario-valpuesta"],"_links":{"self":[{"href":"https:\/\/www.upo.es\/diario\/wp-json\/wp\/v2\/posts\/30855855","targetHints":{"allow":["GET"]}}],"collection":[{"href":"https:\/\/www.upo.es\/diario\/wp-json\/wp\/v2\/posts"}],"about":[{"href":"https:\/\/www.upo.es\/diario\/wp-json\/wp\/v2\/types\/post"}],"author":[{"embeddable":true,"href":"https:\/\/www.upo.es\/diario\/wp-json\/wp\/v2\/users\/6"}],"replies":[{"embeddable":true,"href":"https:\/\/www.upo.es\/diario\/wp-json\/wp\/v2\/comments?post=30855855"}],"version-history":[{"count":2,"href":"https:\/\/www.upo.es\/diario\/wp-json\/wp\/v2\/posts\/30855855\/revisions"}],"predecessor-version":[{"id":30855858,"href":"https:\/\/www.upo.es\/diario\/wp-json\/wp\/v2\/posts\/30855855\/revisions\/30855858"}],"wp:featuredmedia":[{"embeddable":true,"href":"https:\/\/www.upo.es\/diario\/wp-json\/wp\/v2\/media\/30855856"}],"wp:attachment":[{"href":"https:\/\/www.upo.es\/diario\/wp-json\/wp\/v2\/media?parent=30855855"}],"wp:term":[{"taxonomy":"category","embeddable":true,"href":"https:\/\/www.upo.es\/diario\/wp-json\/wp\/v2\/categories?post=30855855"},{"taxonomy":"post_tag","embeddable":true,"href":"https:\/\/www.upo.es\/diario\/wp-json\/wp\/v2\/tags?post=30855855"}],"curies":[{"name":"wp","href":"https:\/\/api.w.org\/{rel}","templated":true}]}}