{"id":30855935,"date":"2019-04-05T13:51:39","date_gmt":"2019-04-05T10:51:39","guid":{"rendered":"https:\/\/www.upo.es\/diario\/?p=30855935"},"modified":"2019-04-08T10:00:58","modified_gmt":"2019-04-08T07:00:58","slug":"manana-sabado-concierto-de-cuaresma-del-coro-de-la-upo-en-la-iglesia-de-san-esteban","status":"publish","type":"post","link":"https:\/\/www.upo.es\/diario\/comunidad\/2019\/04\/manana-sabado-concierto-de-cuaresma-del-coro-de-la-upo-en-la-iglesia-de-san-esteban\/","title":{"rendered":"Concierto de Cuaresma del Coro de la UPO en la Iglesia de San Esteban"},"content":{"rendered":"<p><u>Ma\u00f1ana s\u00e1bado 6 de abril, a las 21.00 horas en la Iglesia de San Esteban (C\/ \u00c1guilas, Sevilla)<\/u>, el <strong>Coro de la Universidad Pablo de Olavide<\/strong> ofrecer\u00e1 su <strong>Concierto de Cuaresma de 2019<\/strong>. En esta ocasi\u00f3n interpretar\u00e1, junto a la <strong>Escolan\u00eda de Sevilla<\/strong>, <em>Requiem en re menor, Op. 48<\/em>, de Gabriel Faur\u00e9 en versi\u00f3n para coro mixto, solistas (soprano y bar\u00edtono), escolan\u00eda y \u00f3rgano. <u>La entrada es libre y gratuita hasta completar el aforo.<\/u><\/p>\n<p>Bajo la direcci\u00f3n musical de <strong>Jorge Rodr\u00edguez Morata<\/strong> y la direcci\u00f3n art\u00edstica del profesor <strong>Miguel Rodr\u00edguez Rodr\u00edguez<\/strong>, que en este concierto tambi\u00e9n act\u00faa como bar\u00edtono, el Coro de la UPO y la Escolan\u00eda de Sevilla contar\u00e1 con la participaci\u00f3n del organista <strong>Chano Robles<\/strong> y la soprano <strong>Mar\u00eda Jes\u00fas Pacheco.<\/strong><\/p>\n<p>El <strong><em>Requiem<\/em> de Faur\u00e9<\/strong> es una de las m\u00e1s populares misas de r\u00e9quiem. Fue escrita entre 1886 y 1888 e interpretada por primera vez en la Iglesia de la Madeleine a comienzos de 1888. Est\u00e1 considerada como una de las m\u00e1s hermosas misas de r\u00e9quiem. Notablemente innovadora, al escribirla, Faur\u00e9 ajust\u00f3 el tradicional orden lit\u00fargico, omitiendo \u2018Dies irae\u2019 y \u2018Rex tremendae\u2019 y a\u00f1adiendo \u2018In Paradisum\u2019, en esta ocasi\u00f3n interpretado por los ni\u00f1os de la Escolan\u00eda de Sevilla. As\u00ed, el autor elimina de la obra el apocal\u00edptico horror de la ira de Dios y hay, por el contrario, una serena y definitiva visi\u00f3n confortable y paradis\u00edaca del cielo. Faur\u00e9 escribi\u00f3 sobre su r\u00e9quiem: \u201cSe ha dicho que mi r\u00e9quiem no expresa el miedo a la muerte y ha habido quien lo ha llamado un arrullo de la muerte. Pues bien, es que as\u00ed es como veo yo la muerte: como una feliz liberaci\u00f3n, una aspiraci\u00f3n a una felicidad superior, antes que una penosa experiencia\u201d. El concierto finaliza con la obra <em>Cantique<\/em> de Jean Racine (Op. 11), compuesta por Faur\u00e9 a la edad de 19 a\u00f1os. El texto, \u2018Verbe \u00e9gal au Tr\u00e9s-Haut\u2019, es una par\u00e1frasis de Jean Racine (1639-1699) (Hymnes traduites du Br\u00e9viaire romain, 1688) del himno pseudo-ambrosiano para las matinas del martes.<\/p>\n<p>El <strong>Coro de la Universidad Pablo de Olavide<\/strong> de Sevilla forma parte del Programa Artes y Formaci\u00f3n del Servicio de Extensi\u00f3n Cultural, perteneciente a la Unidad de Cultura y Participaci\u00f3n Social del Vicerrectorado de Cultura y Compromiso Social. Adem\u00e1s, est\u00e1 constituido como Asociaci\u00f3n Cultural sin \u00e1nimo de lucro desde el curso 2008-2009. El Coro de la UPO tiene como objetivo llevar a cabo un trabajo de formaci\u00f3n e interpretaci\u00f3n del repertorio coral occidental desde la \u00e9poca medieval hasta el siglo XXI y contribuir a la divulgaci\u00f3n de este legado musical, en nombre de la universidad. Actualmente est\u00e1 dirigido por <strong>Jorge Rodr\u00edguez Morata<\/strong> y la direcci\u00f3n art\u00edstica corre a cargo del profesor <strong>Miguel Rodr\u00edguez Rodr\u00edguez<\/strong>.<\/p>\n","protected":false},"excerpt":{"rendered":"<p>Ma\u00f1ana s\u00e1bado 6 de abril, a las 21.00 horas en la Iglesia de San Esteban (C\/ \u00c1guilas, Sevilla), el Coro de la Universidad Pablo de Olavide ofrecer\u00e1 su Concierto de Cuaresma de 2019. En esta ocasi\u00f3n interpretar\u00e1, junto a la Escolan\u00eda de Sevilla, Requiem en re menor, Op. 48, de Gabriel Faur\u00e9 en versi\u00f3n para coro mixto, solistas (soprano y bar\u00edtono), escolan\u00eda y \u00f3rgano. La entrada es libre y gratuita hasta completar el aforo.<\/p>\n","protected":false},"author":2,"featured_media":30855938,"comment_status":"closed","ping_status":"open","sticky":false,"template":"","format":"standard","meta":{"_monsterinsights_skip_tracking":false,"_monsterinsights_sitenote_active":false,"_monsterinsights_sitenote_note":"","_monsterinsights_sitenote_category":0,"footnotes":""},"categories":[5842],"tags":[5921,71,5922,4119,5597],"class_list":["post-30855935","post","type-post","status-publish","format-standard","has-post-thumbnail","hentry","category-comunidad","tag-concierto-cuaresma","tag-coro","tag-coro-upo","tag-programa-artes-y-formacion","tag-vicerrectorado-cultura-y-compromiso-social"],"_links":{"self":[{"href":"https:\/\/www.upo.es\/diario\/wp-json\/wp\/v2\/posts\/30855935","targetHints":{"allow":["GET"]}}],"collection":[{"href":"https:\/\/www.upo.es\/diario\/wp-json\/wp\/v2\/posts"}],"about":[{"href":"https:\/\/www.upo.es\/diario\/wp-json\/wp\/v2\/types\/post"}],"author":[{"embeddable":true,"href":"https:\/\/www.upo.es\/diario\/wp-json\/wp\/v2\/users\/2"}],"replies":[{"embeddable":true,"href":"https:\/\/www.upo.es\/diario\/wp-json\/wp\/v2\/comments?post=30855935"}],"version-history":[{"count":2,"href":"https:\/\/www.upo.es\/diario\/wp-json\/wp\/v2\/posts\/30855935\/revisions"}],"predecessor-version":[{"id":30855954,"href":"https:\/\/www.upo.es\/diario\/wp-json\/wp\/v2\/posts\/30855935\/revisions\/30855954"}],"wp:featuredmedia":[{"embeddable":true,"href":"https:\/\/www.upo.es\/diario\/wp-json\/wp\/v2\/media\/30855938"}],"wp:attachment":[{"href":"https:\/\/www.upo.es\/diario\/wp-json\/wp\/v2\/media?parent=30855935"}],"wp:term":[{"taxonomy":"category","embeddable":true,"href":"https:\/\/www.upo.es\/diario\/wp-json\/wp\/v2\/categories?post=30855935"},{"taxonomy":"post_tag","embeddable":true,"href":"https:\/\/www.upo.es\/diario\/wp-json\/wp\/v2\/tags?post=30855935"}],"curies":[{"name":"wp","href":"https:\/\/api.w.org\/{rel}","templated":true}]}}