{"id":30855973,"date":"2019-04-09T00:10:45","date_gmt":"2019-04-08T21:10:45","guid":{"rendered":"https:\/\/www.upo.es\/diario\/?p=30855973"},"modified":"2019-04-10T13:16:48","modified_gmt":"2019-04-10T10:16:48","slug":"hoy-se-clausura-el-ciclo-de-seminarios-sobre-semana-santa-de-la-upo-pasion-y-muerte","status":"publish","type":"post","link":"https:\/\/www.upo.es\/diario\/docencia-formacion\/2019\/04\/hoy-se-clausura-el-ciclo-de-seminarios-sobre-semana-santa-de-la-upo-pasion-y-muerte\/","title":{"rendered":"Clausura del ciclo de seminarios sobre Semana Santa de la UPO &#8216;Pasi\u00f3n y Muerte&#8217;"},"content":{"rendered":"<p><strong><a href=\"https:\/\/www.upo.es\/diario\/wp-content\/uploads\/2019\/04\/Pasionymuerte9abril_P\u00e1gina_2.jpg\"><img loading=\"lazy\" decoding=\"async\" class=\"alignright size-medium wp-image-30855979\" src=\"https:\/\/www.upo.es\/diario\/wp-content\/uploads\/2019\/04\/Pasionymuerte9abril_P\u00e1gina_2-226x320.jpg\" alt=\"\" width=\"226\" height=\"320\" srcset=\"https:\/\/www.upo.es\/diario\/wp-content\/uploads\/2019\/04\/Pasionymuerte9abril_P\u00e1gina_2-226x320.jpg 226w, https:\/\/www.upo.es\/diario\/wp-content\/uploads\/2019\/04\/Pasionymuerte9abril_P\u00e1gina_2-768x1089.jpg 768w, https:\/\/www.upo.es\/diario\/wp-content\/uploads\/2019\/04\/Pasionymuerte9abril_P\u00e1gina_2-423x600.jpg 423w, https:\/\/www.upo.es\/diario\/wp-content\/uploads\/2019\/04\/Pasionymuerte9abril_P\u00e1gina_2-600x851.jpg 600w, https:\/\/www.upo.es\/diario\/wp-content\/uploads\/2019\/04\/Pasionymuerte9abril_P\u00e1gina_2.jpg 1166w\" sizes=\"auto, (max-width: 226px) 100vw, 226px\" \/><\/a>Hoy martes 9 de abril, de 19 a 20.30 horas en la sede de la C\u00e1mara de Comercio de Sevilla (Plaza de la Contrataci\u00f3n 8),<\/strong> <strong>dos nuevos seminarios ponen fin al ciclo \u2018Pasi\u00f3n y Muerte\u2019<\/strong>, una iniciativa de la Universidad Pablo de Olavide, impulsada por el Vicerrectorado de Estrategia, Empleabilidad y Emprendimiento en colaboraci\u00f3n con la Fundaci\u00f3n Universidad Pablo de Olavide, que aborda desde diferentes disciplinas la tem\u00e1tica de la Semana Santa abordada en el documental de Canal Historia \u2018Pasi\u00f3n y Muerte\u2019, estrenado a nivel mundial el pasado 1 de abril. Los seminarios impartidos ma\u00f1ana ser\u00e1n \u2018Las repercusiones de Trento. De la Semana Santa crist\u00edfera a la catequesis barroca\u2019, a cargo del profesor del \u00c1rea de Historia Medieval de la UPO Jos\u00e9 Mar\u00eda Miura, y \u2018El tr\u00e1nsito a Am\u00e9rica de la Semana Santa de Sevilla: del Gran Poder de Quito al Se\u00f1or de los Temblores de Cusco\u2019, por los profesores Juan Marchena y Nayibe Guti\u00e9rrez, del \u00c1rea de Historia de Am\u00e9rica. La entrada es libre y gratuita hasta completar el aforo, si bien se ruega confirmar asistencia a trav\u00e9s de la direcci\u00f3n <a href=\"mailto:vrestrategia@upo.es\">vrestrategia@upo.es<\/a> .<\/p>\n<p>Presentar\u00e1n los dos \u00faltimos seminarios del ciclo, Francisco Herrero, presidente de la C\u00e1mara de Comercio de Sevilla; Jos\u00e9 Manuel Feria, vicerrector de Estrategia, Empleabilidad y Emprendimiento de la Universidad Pablo de Olavide; y Sergio Ramos, vicepresidente de programaci\u00f3n de The History Channel Iberia.<\/p>\n<p><strong>Jos\u00e9 Mar\u00eda Miura Andrades<\/strong> es doctor en Historia por la Universidad de Sevilla y profesor en la Universidad Pablo de Olavide desde 1998. Es codirector del M\u00e1ster en Historia de Am\u00e9rica Latina: Mundos Ind\u00edgenas y colaborador en cursos de postgrado de diversas universidades latinoamericanas y europeas. Entre sus l\u00edneas de investigaci\u00f3n destacan las tem\u00e1ticas vinculadas a la religiosidad popular andaluza y a la historia de la Iglesia. Asimismo, es director del grupo de investigaci\u00f3n <em>Centro de Estudios e Investigaci\u00f3n de la Religiosidad Andaluza<\/em>, dentro del Plan Andaluz de Investigaci\u00f3n (HUM-686), y autor de diversos libros y m\u00e1s de una treintena de art\u00edculos y aportaciones cient\u00edficas relacionadas con la religiosidad popular andaluza.<\/p>\n<p>Por su parte, <strong>Juan Marchena <\/strong><strong>Fern\u00e1ndez<\/strong> es catedr\u00e1tico de Historia de Am\u00e9rica y director de esta \u00e1rea acad\u00e9mica en la Universidad Pablo de Olavide. Es autor de m\u00e1s de cien trabajos de investigaci\u00f3n publicados en Espa\u00f1a, Europa, Estados Unidos y Am\u00e9rica Latina y de algunas de las principales obras de referencia de historia latinoamericana. Profesor invitado en m\u00e1s de una veintena de universidades, pertenece a numerosos consejos acad\u00e9micos y de redacci\u00f3n de prestigiosas revistas de investigaci\u00f3n internacionales del JCR. \u00a0Es, asimismo, investigador principal en diversos proyectos de excelencia e I+D+ i, entre los que destacan los actualmente en curso en la Amazonia brasile\u00f1a, peruana y boliviana, en Gab\u00f3n (\u00c1frica Central), y dos RISE 2020 de la UE, sobre Mundos Atl\u00e1nticos y Circun-Caribe. Doctor Honoris Causa por las universidades de Cartagena (Colombia), Catamarca (Argentina), Nacional del Altiplano (Puno, Per\u00fa) nacional de Trujillo (Per\u00fa) y Universidade Nova de Lisboa. Es tambi\u00e9n acad\u00e9mico de la Real Academia de la Historia de Espa\u00f1a y miembro de las Academias de la Historia de Ecuador y Bolivia y de la Marina de Portugal, adem\u00e1s de coordinador de la Red Mundial de Universidades Magall\u00e1nicas.<\/p>\n<p>Por \u00faltimo, <strong>Nayibe Guti\u00e9rrez Montoya<\/strong> es doctora en Historia de Am\u00e9rica. y profesora del Departamento de Geograf\u00eda, Historia y Filosof\u00eda de la Universidad Pablo de Olavide de Sevilla. Esta arquitecta e historiadora, con numerosas publicaciones en revistas especializadas, ha sido profesora en varias universidades internacionales y es profesora en los programas de M\u00e1ster, Doctorado y Postdoctorado en Historia Latinoamericana en la Universidad Pablo de Olavide. Investigadora en varios proyectos en Brasil, Bolivia, Per\u00fa y Colombia, y dos RISE 2020 de la UE, sobre Mundos Atl\u00e1nticos y Circun-Caribe, es tambi\u00e9n coordinadora del Proyecto de Arquitectura Ind\u00edgena en la Universidad Nacional de Oriente, Yucat\u00e1n, M\u00e9xico y especialista en Historia Urbana Latinoamericana, en Arquitectura y Manejo del Espacio en las Comunidades Originaras Americanas, y en Formaci\u00f3n y Ense\u00f1anza de los Ingenieros y Arquitectos en la Am\u00e9rica Colonial.<\/p>\n<p>Con este ciclo de seminarios, la Universidad Pablo de Olavide pretende contribuir a la divulgaci\u00f3n, desde diferentes \u00f3pticas, del patrimonio que representa la Semana Santa y que ha sido recogido en la serie documental \u2018Pasi\u00f3n y Muerte\u2019, una producci\u00f3n de Canal Historia realizada por la productora andaluza Emociona Media, que aborda en cuatro episodios el origen, las tradiciones, los rituales y la est\u00e9tica de la Semana Santa en Espa\u00f1a y otros pa\u00edses del mundo. El preestreno tuvo lugar en Sevilla el pasado jueves 28 de marzo. Los primeros seminarios tuvieron lugar el pasado 2 de abril y versaron sobre el origen de la Semana Santa y los archivos de las hermandades.<\/p>\n<p>&nbsp;<\/p>\n<p><u>\u00a0<\/u><\/p>\n<p>&nbsp;<\/p>\n","protected":false},"excerpt":{"rendered":"<p>Con este ciclo de seminarios, la Universidad Pablo de Olavide pretende contribuir a la divulgaci\u00f3n, desde diferentes \u00f3pticas, del patrimonio que representa la Semana Santa y que ha sido recogido en la serie documental \u2018Pasi\u00f3n y Muerte\u2019.<\/p>\n","protected":false},"author":15,"featured_media":30855981,"comment_status":"closed","ping_status":"open","sticky":false,"template":"","format":"standard","meta":{"_monsterinsights_skip_tracking":false,"_monsterinsights_sitenote_active":false,"_monsterinsights_sitenote_note":"","_monsterinsights_sitenote_category":0,"footnotes":""},"categories":[2779],"tags":[5895,5897,222,2014,1115,5927,302,1996,3437],"class_list":["post-30855973","post","type-post","status-publish","format-standard","has-post-thumbnail","hentry","category-docencia-formacion","tag-pasion-y-muerte","tag-canal-historia","tag-documental","tag-jose-maria-miura","tag-juan-marchena","tag-nayibe-gutierrez","tag-semana-santa","tag-seminarios","tag-vicerrectorado-de-estrategia-empleabilidad-y-emprendimiento"],"_links":{"self":[{"href":"https:\/\/www.upo.es\/diario\/wp-json\/wp\/v2\/posts\/30855973","targetHints":{"allow":["GET"]}}],"collection":[{"href":"https:\/\/www.upo.es\/diario\/wp-json\/wp\/v2\/posts"}],"about":[{"href":"https:\/\/www.upo.es\/diario\/wp-json\/wp\/v2\/types\/post"}],"author":[{"embeddable":true,"href":"https:\/\/www.upo.es\/diario\/wp-json\/wp\/v2\/users\/15"}],"replies":[{"embeddable":true,"href":"https:\/\/www.upo.es\/diario\/wp-json\/wp\/v2\/comments?post=30855973"}],"version-history":[{"count":4,"href":"https:\/\/www.upo.es\/diario\/wp-json\/wp\/v2\/posts\/30855973\/revisions"}],"predecessor-version":[{"id":30856004,"href":"https:\/\/www.upo.es\/diario\/wp-json\/wp\/v2\/posts\/30855973\/revisions\/30856004"}],"wp:featuredmedia":[{"embeddable":true,"href":"https:\/\/www.upo.es\/diario\/wp-json\/wp\/v2\/media\/30855981"}],"wp:attachment":[{"href":"https:\/\/www.upo.es\/diario\/wp-json\/wp\/v2\/media?parent=30855973"}],"wp:term":[{"taxonomy":"category","embeddable":true,"href":"https:\/\/www.upo.es\/diario\/wp-json\/wp\/v2\/categories?post=30855973"},{"taxonomy":"post_tag","embeddable":true,"href":"https:\/\/www.upo.es\/diario\/wp-json\/wp\/v2\/tags?post=30855973"}],"curies":[{"name":"wp","href":"https:\/\/api.w.org\/{rel}","templated":true}]}}