{"id":30856011,"date":"2019-04-12T05:06:44","date_gmt":"2019-04-12T02:06:44","guid":{"rendered":"https:\/\/www.upo.es\/diario\/?p=30856011"},"modified":"2019-04-12T15:09:19","modified_gmt":"2019-04-12T12:09:19","slug":"academicos-y-activistas-debaten-sobre-la-relevancia-y-utilidad-del-legado-de-rosa-luxemburg","status":"publish","type":"post","link":"https:\/\/www.upo.es\/diario\/docencia-formacion\/2019\/04\/academicos-y-activistas-debaten-sobre-la-relevancia-y-utilidad-del-legado-de-rosa-luxemburg\/","title":{"rendered":"Acad\u00e9micos y activistas debaten sobre la relevancia y utilidad del legado de Rosa Luxemburg"},"content":{"rendered":"<p>Ayer jueves comenz\u00f3 en la Universidad Pablo de Olavide el <strong>Primer Congreso Internacional \u2018El pensamiento y la praxis de Rosa Luxemburg\u2019<\/strong>, un encuentro que reunir\u00e1 hasta hoy viernes 12 de abril a activistas y acad\u00e9micos procedentes de universidades espa\u00f1olas y extranjeras que reflexionar\u00e1n sobre el legado intelectual de una de las figuras m\u00e1s relevantes e influyentes de la historia de la filosof\u00eda pol\u00edtica y de la econom\u00eda.<\/p>\n<p>El congreso fue presentado en el Paraninfo por su director, y profesor de la UPO, Rafael Rodr\u00edguez Prieto; Pablo Alias, de la editorial Atrapasue\u00f1os; Paula Garv\u00edn, de la Fundaci\u00f3n de Investigaciones Marxistas; y Ram\u00f3n Soriano, director del Laboratorio de Ideas y Pr\u00e1cticas Pol\u00edticas (LIPPO) de la Universidad Pablo de Olavide.<\/p>\n<p><strong><a href=\"https:\/\/www.upo.es\/diario\/wp-content\/uploads\/2019\/04\/29221.jpg\"><img loading=\"lazy\" decoding=\"async\" class=\"alignright size-medium wp-image-30856012\" src=\"https:\/\/www.upo.es\/diario\/wp-content\/uploads\/2019\/04\/29221-320x132.jpg\" alt=\"\" width=\"320\" height=\"132\" srcset=\"https:\/\/www.upo.es\/diario\/wp-content\/uploads\/2019\/04\/29221-320x132.jpg 320w, https:\/\/www.upo.es\/diario\/wp-content\/uploads\/2019\/04\/29221-768x318.jpg 768w, https:\/\/www.upo.es\/diario\/wp-content\/uploads\/2019\/04\/29221-600x248.jpg 600w, https:\/\/www.upo.es\/diario\/wp-content\/uploads\/2019\/04\/29221.jpg 967w\" sizes=\"auto, (max-width: 320px) 100vw, 320px\" \/><\/a>Este congreso, que se celebra cuando se cumplen cien a\u00f1os del asesinato de Rosa Luxemburg, permitir\u00e1 analizar cr\u00edticamente su legado intelectual y reflexionar sobre su experiencia como revolucionaria<\/strong>. Como explica el profesor Rafael Rodr\u00edguez Prieto, director del congreso, \u201cestoy convencido de que buena parte del pensamiento de Rosa Luxemburg sigue vivo cien a\u00f1os despu\u00e9s de su muerte. Sus pol\u00e9micas con otras grandes personalidades de su \u00e9poca, su enfrentamiento con reformistas y nacionalistas, su firme oposici\u00f3n a la guerra y la explotaci\u00f3n capitalista y, no menos importante, sus profundos valores humanos y convicciones democr\u00e1ticas son lecciones del pasado para comprender y cambiar nuestro presente\u201d.<\/p>\n<p>En el marco de este encuentro se presentar\u00e1 la <strong>Cl\u00ednica Jur\u00eddica de la Universidad Pablo de Olavide<\/strong>, como proyecto de transformaci\u00f3n social desde el Derecho, a cargo de su responsable, el profesor Ra\u00fal S\u00e1nchez G\u00f3mez. Se trata de un espacio de cooperaci\u00f3n entre estudiantes, profesores y despachos de abogados para desarrollar una labor social. Tambi\u00e9n tendr\u00e1 lugar la presentaci\u00f3n del <strong>libro del profesor Jonathan Pass, del \u00c1rea de Derecho Internacional y Relaciones Internacionales, titulado \u2018American Hegemony in the 21st Century\u2019<\/strong>, que ha sido publicado por la editorial Routledge de Nueva York en 2019.<\/p>\n<p>En el marco del congreso se inaugur\u00f3 la <strong>exposici\u00f3n \u2018Rosa Luxemburg: revolucionaria, mujer y jud\u00eda en el primer centenario de su asesinato\u2019<\/strong>, que puede visitarse en la Biblioteca de la UPO hasta el 30 de abril. La muestra fue inaugurada\u00a0por la directora de la Biblioteca, Carmen Baena D\u00edaz; Paula Garv\u00edn, responsable de la Fundaci\u00f3n de Investigaciones Marxistas (FIM) en Andaluc\u00eda; Pablo Alias, de Atrapasue\u00f1os, y Rafael Rodr\u00edguez Prieto, comisario de la exposici\u00f3n.<\/p>\n<p>Se trata de una exposici\u00f3n \u00fanica en Europa ya que re\u00fane las primeras ediciones originales de sus obras. Tambi\u00e9n cuenta con panfletos, revistas y peri\u00f3dicos originales de la \u00e9poca, como <em>Die Neue Zeit<\/em>, <em>Die Internationale<\/em>, un raro ejemplar del diario <em>Die Rote Fahne<\/em>, y el peri\u00f3dico, ya ilegal en su \u00e9poca, <em>Spartacus<\/em>, del que quedan contadas copias a nivel mundial. Adem\u00e1s, se expondr\u00e1n algunas traducciones relevantes como la realizada, durante la II Rep\u00fablica Espa\u00f1ola, a las cartas de Rosa Luxemburg, publicada por la editorial Zenit. Este material \u00fanico ha sido aportado, de forma desinteresada, por coleccionistas privados y por el Centro de Estudios sobre Historia Pol\u00edtica Europea del Siglo XX \u2018Francisco Prieto \u00c1lvarez\u2019. Tambi\u00e9n se expondr\u00e1n una serie de l\u00e1minas explicativas aportadas por la FIM, tanto en la Biblioteca como en la Sede Olavide en Sevilla-Centro (C\/Lara\u00f1a, 4).<\/p>\n<p>El congreso se traslad\u00f3 por la tarde a la Sede Olavide en Sevilla-Centro (C\/Lara\u00f1a, 4) donde tendr\u00e1 lugar asimismo las sesiones de la jornada de hoy viernes 12 de abril.<\/p>\n<p>El Laboratorio de Ideas y Pr\u00e1cticas Pol\u00edticas organiza tanto la exposici\u00f3n como el congreso. Ambos han sido patrocinados por el \u00c1rea de Filosof\u00eda del Derecho y Pol\u00edtica del Departamento de Derecho P\u00fablico de la Universidad Pablo de Olavide de Sevilla, por la Editorial Atrapasue\u00f1os y por la Fundaci\u00f3n de Investigaciones Marxistas (FIM). Colaboran el Vicerrectorado de Cultura y Compromiso Social de la Universidad Pablo de Olavide, la Plataforma c\u00edvica \u2018Ahora\u2019 y el Centro de Estudios sobre Historia Pol\u00edtica Europea del Siglo XX \u2018Francisco Prieto \u00c1lvarez\u2019.<\/p>\n<p>El congreso ser\u00e1 retransmitido en <a href=\"https:\/\/upotv.upo.es\/live\/56b9d9f22385837d458b456b\">directo por UPOtv<\/a>.<\/p>\n<p>&nbsp;<\/p>\n<p><strong>M\u00e1s informaci\u00f3n:<\/strong><strong>\u00a0<\/strong><\/p>\n<p><a href=\"https:\/\/eventos.upo.es\/22597\/detail\/i-congreso-internacional-el-pensamiento-y-la-praxis-de-rosa-luxemburg.-significacion-y-actualidad-d.html\">Primer Congreso Internacional \u2018El pensamiento y la praxis de Rosa Luxemburg\u2019<\/a><\/p>\n","protected":false},"excerpt":{"rendered":"<p>El Primer Congreso Internacional \u2018El pensamiento y la praxis de Rosa Luxemburg\u2019 reunir\u00e1 hasta hoy viernes a activistas y acad\u00e9micos procedentes de universidades espa\u00f1olas y extranjeras que reflexionar\u00e1n sobre el legado intelectual de una de las figuras m\u00e1s relevantes e influyentes de la historia de la filosof\u00eda pol\u00edtica y de la econom\u00eda.<\/p>\n","protected":false},"author":2,"featured_media":30856028,"comment_status":"closed","ping_status":"open","sticky":false,"template":"","format":"standard","meta":{"_monsterinsights_skip_tracking":false,"_monsterinsights_sitenote_active":false,"_monsterinsights_sitenote_note":"","_monsterinsights_sitenote_category":0,"footnotes":""},"categories":[2779],"tags":[598,354,417,150,76,334,3455,5818],"class_list":["post-30856011","post","type-post","status-publish","format-standard","has-post-thumbnail","hentry","category-docencia-formacion","tag-ciencias-politicas","tag-congreso","tag-filosofia-del-derecho","tag-historia","tag-politica","tag-presentacion","tag-rafael-rodriguez-prieto","tag-rosa-luxemburgo"],"_links":{"self":[{"href":"https:\/\/www.upo.es\/diario\/wp-json\/wp\/v2\/posts\/30856011","targetHints":{"allow":["GET"]}}],"collection":[{"href":"https:\/\/www.upo.es\/diario\/wp-json\/wp\/v2\/posts"}],"about":[{"href":"https:\/\/www.upo.es\/diario\/wp-json\/wp\/v2\/types\/post"}],"author":[{"embeddable":true,"href":"https:\/\/www.upo.es\/diario\/wp-json\/wp\/v2\/users\/2"}],"replies":[{"embeddable":true,"href":"https:\/\/www.upo.es\/diario\/wp-json\/wp\/v2\/comments?post=30856011"}],"version-history":[{"count":5,"href":"https:\/\/www.upo.es\/diario\/wp-json\/wp\/v2\/posts\/30856011\/revisions"}],"predecessor-version":[{"id":30856061,"href":"https:\/\/www.upo.es\/diario\/wp-json\/wp\/v2\/posts\/30856011\/revisions\/30856061"}],"wp:featuredmedia":[{"embeddable":true,"href":"https:\/\/www.upo.es\/diario\/wp-json\/wp\/v2\/media\/30856028"}],"wp:attachment":[{"href":"https:\/\/www.upo.es\/diario\/wp-json\/wp\/v2\/media?parent=30856011"}],"wp:term":[{"taxonomy":"category","embeddable":true,"href":"https:\/\/www.upo.es\/diario\/wp-json\/wp\/v2\/categories?post=30856011"},{"taxonomy":"post_tag","embeddable":true,"href":"https:\/\/www.upo.es\/diario\/wp-json\/wp\/v2\/tags?post=30856011"}],"curies":[{"name":"wp","href":"https:\/\/api.w.org\/{rel}","templated":true}]}}