{"id":30856018,"date":"2019-04-11T12:25:05","date_gmt":"2019-04-11T09:25:05","guid":{"rendered":"https:\/\/www.upo.es\/diario\/?p=30856018"},"modified":"2019-04-12T15:52:07","modified_gmt":"2019-04-12T12:52:07","slug":"profesionales-egresados-y-estudiantes-de-la-facultad-de-humanidades-de-la-upo-se-dan-cita-en-encuentra","status":"publish","type":"post","link":"https:\/\/www.upo.es\/diario\/comunidad\/2019\/04\/profesionales-egresados-y-estudiantes-de-la-facultad-de-humanidades-de-la-upo-se-dan-cita-en-encuentra\/","title":{"rendered":"Profesionales, egresados y estudiantes de la Facultad de Humanidades de la UPO se dan cita en \u2018Encuentra\u2019"},"content":{"rendered":"<p>La <strong>Facultad de Humanidades<\/strong> de la Universidad Pablo de Olavide ha organizado el <strong>foro \u2018ENCUENTRA\u2019<\/strong>, que se celebra hoy en el edificio Alexander von Humboldt, <strong>con el doble objetivo de acercar a estudiantes y egresados el mundo empresarial, y compartir experiencias entre la academia y profesionales e instituciones que trabajan en el campo de las Humanidades<\/strong>.<\/p>\n<p>La bienvenida y presentaci\u00f3n ha corrido a cargo\u00a0de <strong>Jos\u00e9 Manuel Feria<\/strong>, vicerrector de Estrategia, Empleabilidad y Emprendimiento de la UPO, y de <strong>Rosario Moreno<\/strong>, decana de la Facultad de Humanidades.<\/p>\n<p><strong>\u2018Encuentra. Di\u00e1logos entre profesionales, egresados y estudiantes\u2019 se ha estructurado en torno a cinco mesas tem\u00e1ticas transversales:<\/strong> <strong>Mundo audiovisual, Mundo editorial, Formaci\u00f3n y difusi\u00f3n cultural, Relaciones internacionales y Mundo digital<\/strong>. Estudiantes y egresados podr\u00e1n acercarse as\u00ed de una manera directa al mundo profesional, al tiempo que los profesionales conocer\u00e1n de primera mano c\u00f3mo se forman los titulados de la Facultad de Humanidades, aportando su experiencia a la mejora de esa formaci\u00f3n.<\/p>\n<p>La Facultad de Humanidades de la Universidad Pablo de Olavide imparte siete titulaciones de grado: Traducci\u00f3n e Interpretaci\u00f3n en Ingl\u00e9s, Franc\u00e9s o Alem\u00e1n; Geograf\u00eda e Historia; Humanidades; el doble t\u00edtulo en Humanidades y Traducci\u00f3n e Interpretaci\u00f3n en Ingl\u00e9s; y el doble grado en Ciencias Ambientales y Geograf\u00eda e Historia, conjuntamente con la Facultad de Ciencias Experimentales.<\/p>\n<p>Esta actividad forma parte del <strong>programa \u2018Ori\u00e9ntate y Encuentra\u2019 de la Facultad de Humanidades<\/strong> que, desde el pasado 21 de marzo, aglutina diversas actividades de orientaci\u00f3n profesional y vocacional para el alumnado. As\u00ed, han tenido lugar recientemente con motivo de este programa las Jornadas de Orientaci\u00f3n Profesional en Gesti\u00f3n Cultural y Patrimonio Hist\u00f3rico o las charlas sobre salidas profesionales para int\u00e9rpretes de conferencias y sobre las becas de internacionalizaci\u00f3n del ICEX.<\/p>\n<p><strong>M\u00e1s informaci\u00f3n:<\/strong><\/p>\n<p><a href=\"https:\/\/eventos.upo.es\/30254\/detail\/encuentra_-dialogos-entre-profesionales-egresados-y-estudiantes.html\">\u2018Encuentra. Di\u00e1logos entre profesionales, egresados y estudiantes\u2019<\/a><\/p>\n","protected":false},"excerpt":{"rendered":"<p>La Facultad de Humanidades de la Universidad Pablo de Olavide ha organizado el foro \u2018ENCUENTRA\u2019, con el doble objetivo de acercar a estudiantes y egresados el mundo empresarial, y compartir experiencias entre la academia y profesionales e instituciones que trabajan en el campo de las Humanidades.<\/p>\n","protected":false},"author":6,"featured_media":30856052,"comment_status":"closed","ping_status":"open","sticky":false,"template":"","format":"standard","meta":{"_monsterinsights_skip_tracking":false,"_monsterinsights_sitenote_active":false,"_monsterinsights_sitenote_note":"","_monsterinsights_sitenote_category":0,"footnotes":""},"categories":[5842],"tags":[21,96,1436,3309,680,1555,205],"class_list":["post-30856018","post","type-post","status-publish","format-standard","has-post-thumbnail","hentry","category-comunidad","tag-estudiantes","tag-facultad-de-humanidades","tag-foro","tag-geografia-e-historia","tag-grado","tag-grado-en-traduccion-e-interpretacion","tag-orientacion-profesional"],"_links":{"self":[{"href":"https:\/\/www.upo.es\/diario\/wp-json\/wp\/v2\/posts\/30856018","targetHints":{"allow":["GET"]}}],"collection":[{"href":"https:\/\/www.upo.es\/diario\/wp-json\/wp\/v2\/posts"}],"about":[{"href":"https:\/\/www.upo.es\/diario\/wp-json\/wp\/v2\/types\/post"}],"author":[{"embeddable":true,"href":"https:\/\/www.upo.es\/diario\/wp-json\/wp\/v2\/users\/6"}],"replies":[{"embeddable":true,"href":"https:\/\/www.upo.es\/diario\/wp-json\/wp\/v2\/comments?post=30856018"}],"version-history":[{"count":4,"href":"https:\/\/www.upo.es\/diario\/wp-json\/wp\/v2\/posts\/30856018\/revisions"}],"predecessor-version":[{"id":30856059,"href":"https:\/\/www.upo.es\/diario\/wp-json\/wp\/v2\/posts\/30856018\/revisions\/30856059"}],"wp:featuredmedia":[{"embeddable":true,"href":"https:\/\/www.upo.es\/diario\/wp-json\/wp\/v2\/media\/30856052"}],"wp:attachment":[{"href":"https:\/\/www.upo.es\/diario\/wp-json\/wp\/v2\/media?parent=30856018"}],"wp:term":[{"taxonomy":"category","embeddable":true,"href":"https:\/\/www.upo.es\/diario\/wp-json\/wp\/v2\/categories?post=30856018"},{"taxonomy":"post_tag","embeddable":true,"href":"https:\/\/www.upo.es\/diario\/wp-json\/wp\/v2\/tags?post=30856018"}],"curies":[{"name":"wp","href":"https:\/\/api.w.org\/{rel}","templated":true}]}}