{"id":30856282,"date":"2019-04-23T07:34:28","date_gmt":"2019-04-23T04:34:28","guid":{"rendered":"https:\/\/www.upo.es\/diario\/?p=30856282"},"modified":"2019-04-24T10:19:04","modified_gmt":"2019-04-24T07:19:04","slug":"el-liderazgo-en-la-traduccion-y-la-interpretacion-tema-de-unas-jornadas-manana-en-la-upo","status":"publish","type":"post","link":"https:\/\/www.upo.es\/diario\/docencia-formacion\/2019\/04\/el-liderazgo-en-la-traduccion-y-la-interpretacion-tema-de-unas-jornadas-manana-en-la-upo\/","title":{"rendered":"El liderazgo en la traducci\u00f3n y la interpretaci\u00f3n, tema de unas jornadas hoy en la UPO"},"content":{"rendered":"<figure id=\"attachment_30856326\" aria-describedby=\"caption-attachment-30856326\" style=\"width: 750px\" class=\"wp-caption aligncenter\"><a href=\"https:\/\/www.upo.es\/diario\/wp-content\/uploads\/2019\/04\/Jorn-Liderazgo-TeI_2019_04_23_07.jpg\"><img loading=\"lazy\" decoding=\"async\" class=\"size-large wp-image-30856326\" src=\"https:\/\/www.upo.es\/diario\/wp-content\/uploads\/2019\/04\/Jorn-Liderazgo-TeI_2019_04_23_07-750x422.jpg\" alt=\"\" width=\"750\" height=\"422\" srcset=\"https:\/\/www.upo.es\/diario\/wp-content\/uploads\/2019\/04\/Jorn-Liderazgo-TeI_2019_04_23_07-750x422.jpg 750w, https:\/\/www.upo.es\/diario\/wp-content\/uploads\/2019\/04\/Jorn-Liderazgo-TeI_2019_04_23_07-360x203.jpg 360w, https:\/\/www.upo.es\/diario\/wp-content\/uploads\/2019\/04\/Jorn-Liderazgo-TeI_2019_04_23_07-768x432.jpg 768w, https:\/\/www.upo.es\/diario\/wp-content\/uploads\/2019\/04\/Jorn-Liderazgo-TeI_2019_04_23_07-600x338.jpg 600w\" sizes=\"auto, (max-width: 750px) 100vw, 750px\" \/><\/a><figcaption id=\"caption-attachment-30856326\" class=\"wp-caption-text\">La jornada ha comenzado con la mesa redonda &#8216;An\u00e1lisis y reflexi\u00f3n en torno a la Traducci\u00f3n y a la Interpretaci\u00f3n en el \u00e1mbito universitario&#8217;<\/figcaption><\/figure>\n<p>La <a href=\"https:\/\/eventos.upo.es\/34701\/detail\/i-jornada-de-liderazgo-en-traduccion-e-interpretacion.html\">I Jornada de Liderazgo en Traducci\u00f3n e Interpretaci\u00f3n<\/a> , desde las 10 horas de hoy martes 23 de abril en la sala de grados del edificio 7, pretende suscitar una reflexi\u00f3n y una mirada cr\u00edtica sobre el papel que juega esta disciplina en distintos \u00e1mbitos: el universitario, el profesional y el social. En torno al primero de ellos comenzar\u00e1 la Jornada, con una mesa redonda que lleva por t\u00edtulo \u2018An\u00e1lisis y reflexi\u00f3n en torno a la Traducci\u00f3n y a la Interpretaci\u00f3n en el \u00e1mbito universitario\u2019, y en la que intervendr\u00e1n <strong>Rosario Moreno<\/strong>, decana de la Facultad de Humanidades; <strong>Mar\u00eda Crego,<\/strong> directora del Departamento de Filolog\u00eda y Traducci\u00f3n; y <strong>Juan Antonio Prieto<\/strong>, director del <a href=\"http:\/\/www.upo.es\/postgrado\/Master-Oficial-Comunicacion-Internacional-Traduccion-e-Interpretacion\">M\u00e1ster en Comunicaci\u00f3n Internacional, Traducci\u00f3n e Interpretaci\u00f3n<\/a> de la UPO.<\/p>\n<p><a href=\"https:\/\/www.upo.es\/diario\/wp-content\/uploads\/2019\/04\/1554725320698_jornada_liderazgo_tei_cartel.jpg\"><img loading=\"lazy\" decoding=\"async\" class=\"alignright size-medium wp-image-30856288\" src=\"https:\/\/www.upo.es\/diario\/wp-content\/uploads\/2019\/04\/1554725320698_jornada_liderazgo_tei_cartel-255x360.jpg\" alt=\"\" width=\"255\" height=\"360\" srcset=\"https:\/\/www.upo.es\/diario\/wp-content\/uploads\/2019\/04\/1554725320698_jornada_liderazgo_tei_cartel-255x360.jpg 255w, https:\/\/www.upo.es\/diario\/wp-content\/uploads\/2019\/04\/1554725320698_jornada_liderazgo_tei_cartel-768x1085.jpg 768w, https:\/\/www.upo.es\/diario\/wp-content\/uploads\/2019\/04\/1554725320698_jornada_liderazgo_tei_cartel-531x750.jpg 531w, https:\/\/www.upo.es\/diario\/wp-content\/uploads\/2019\/04\/1554725320698_jornada_liderazgo_tei_cartel-600x848.jpg 600w, https:\/\/www.upo.es\/diario\/wp-content\/uploads\/2019\/04\/1554725320698_jornada_liderazgo_tei_cartel.jpg 1241w\" sizes=\"auto, (max-width: 255px) 100vw, 255px\" \/><\/a>Seg\u00fan el comit\u00e9 organizador, compuesto por profesorado del \u00c1rea de Traducci\u00f3n e Interpretaci\u00f3n de la Universidad Pablo de Olavide, la Jornada tiene como fin explorar el emplazamiento espacial y temporal de la figura del traductor y del int\u00e9rprete en la actualidad, tanto dentro de nuestro pa\u00eds como fuera de nuestras fronteras, as\u00ed como anticipar posibles tendencias del futuro en la profesi\u00f3n. De este modo, tras la mesa redonda intervendr\u00e1 <strong>Jes\u00fas Maroto<\/strong>, director de Global Propaganda, con la conferencia \u2018Procesos creativos y liderazgo en localizaci\u00f3n: <em>marketing implementation<\/em>\u2019. <strong>Ana L\u00f3pez-Sousa,<\/strong> con la conferencia-taller \u2018<em>Coaching<\/em> para traductores e int\u00e9rpretes\u2019, cerrar\u00e1 un programa que ha sido creado con el objetivo de poner de manifiesto que, solo desde el liderazgo personal y profesional, se puede contribuir de manera enriquecedora y generosa al desarrollo cient\u00edfico, econ\u00f3mico y \u00e9tico de la sociedad a trav\u00e9s de la traducci\u00f3n y la interpretaci\u00f3n.<\/p>\n","protected":false},"excerpt":{"rendered":"<p>La I Jornada de Liderazgo en Traducci\u00f3n e Interpretaci\u00f3n , desde las 10 horas de hoy martes 23 de abril en la sala de grados del edificio 7, pretende suscitar una reflexi\u00f3n y una mirada cr\u00edtica sobre el papel que juega esta disciplina en distintos \u00e1mbitos: el universitario, el profesional y el social. <\/p>\n","protected":false},"author":6,"featured_media":30856326,"comment_status":"closed","ping_status":"open","sticky":false,"template":"","format":"standard","meta":{"_monsterinsights_skip_tracking":false,"_monsterinsights_sitenote_active":false,"_monsterinsights_sitenote_note":"","_monsterinsights_sitenote_category":0,"footnotes":""},"categories":[2779],"tags":[1116,96,1555,514],"class_list":["post-30856282","post","type-post","status-publish","format-standard","has-post-thumbnail","hentry","category-docencia-formacion","tag-departamento-de-filologia-y-traduccion","tag-facultad-de-humanidades","tag-grado-en-traduccion-e-interpretacion","tag-jornada"],"_links":{"self":[{"href":"https:\/\/www.upo.es\/diario\/wp-json\/wp\/v2\/posts\/30856282","targetHints":{"allow":["GET"]}}],"collection":[{"href":"https:\/\/www.upo.es\/diario\/wp-json\/wp\/v2\/posts"}],"about":[{"href":"https:\/\/www.upo.es\/diario\/wp-json\/wp\/v2\/types\/post"}],"author":[{"embeddable":true,"href":"https:\/\/www.upo.es\/diario\/wp-json\/wp\/v2\/users\/6"}],"replies":[{"embeddable":true,"href":"https:\/\/www.upo.es\/diario\/wp-json\/wp\/v2\/comments?post=30856282"}],"version-history":[{"count":5,"href":"https:\/\/www.upo.es\/diario\/wp-json\/wp\/v2\/posts\/30856282\/revisions"}],"predecessor-version":[{"id":30856328,"href":"https:\/\/www.upo.es\/diario\/wp-json\/wp\/v2\/posts\/30856282\/revisions\/30856328"}],"wp:featuredmedia":[{"embeddable":true,"href":"https:\/\/www.upo.es\/diario\/wp-json\/wp\/v2\/media\/30856326"}],"wp:attachment":[{"href":"https:\/\/www.upo.es\/diario\/wp-json\/wp\/v2\/media?parent=30856282"}],"wp:term":[{"taxonomy":"category","embeddable":true,"href":"https:\/\/www.upo.es\/diario\/wp-json\/wp\/v2\/categories?post=30856282"},{"taxonomy":"post_tag","embeddable":true,"href":"https:\/\/www.upo.es\/diario\/wp-json\/wp\/v2\/tags?post=30856282"}],"curies":[{"name":"wp","href":"https:\/\/api.w.org\/{rel}","templated":true}]}}