{"id":30856284,"date":"2019-04-12T21:00:52","date_gmt":"2019-04-12T18:00:52","guid":{"rendered":"https:\/\/www.upo.es\/diario\/?p=30856284"},"modified":"2019-04-22T14:35:19","modified_gmt":"2019-04-22T11:35:19","slug":"ceremonia-de-egresados-de-los-grados-de-la-facultad-de-ciencias-empresariales-de-la-upo-3","status":"publish","type":"post","link":"https:\/\/www.upo.es\/diario\/comunidad\/2019\/04\/ceremonia-de-egresados-de-los-grados-de-la-facultad-de-ciencias-empresariales-de-la-upo-3\/","title":{"rendered":"Ceremonia de egresados de los Grados de la Facultad de Ciencias Empresariales de la UPO"},"content":{"rendered":"<p><a href=\"https:\/\/www.upo.es\/diario\/wp-content\/uploads\/2019\/04\/190411-UPO_345.jpg\"><img loading=\"lazy\" decoding=\"async\" class=\"size-large wp-image-30856286 aligncenter\" src=\"https:\/\/www.upo.es\/diario\/wp-content\/uploads\/2019\/04\/190411-UPO_345-750x500.jpg\" alt=\"\" width=\"750\" height=\"500\" srcset=\"https:\/\/www.upo.es\/diario\/wp-content\/uploads\/2019\/04\/190411-UPO_345-750x500.jpg 750w, https:\/\/www.upo.es\/diario\/wp-content\/uploads\/2019\/04\/190411-UPO_345-360x240.jpg 360w, https:\/\/www.upo.es\/diario\/wp-content\/uploads\/2019\/04\/190411-UPO_345-768x512.jpg 768w, https:\/\/www.upo.es\/diario\/wp-content\/uploads\/2019\/04\/190411-UPO_345-600x400.jpg 600w, https:\/\/www.upo.es\/diario\/wp-content\/uploads\/2019\/04\/190411-UPO_345-165x109.jpg 165w, https:\/\/www.upo.es\/diario\/wp-content\/uploads\/2019\/04\/190411-UPO_345.jpg 800w\" sizes=\"auto, (max-width: 750px) 100vw, 750px\" \/><\/a><\/p>\n<p>Las ceremonias de egresados de las promociones 2015-2019 de los Grados en Administraci\u00f3n y Direcci\u00f3n de Empresas en ingl\u00e9s, en Finanzas y Contabilidad y en An\u00e1lisis Econ\u00f3mico se celebraron ayer jueves en la Universidad Pablo de Olavide, presididas por el decano de la Facultad de Ciencias Empresariales, Jes\u00fas Juan Cambra Fierro.<\/p>\n<p>El padrino de las promociones ha sido \u00cd\u00f1igo Soto Garc\u00eda-Junco, director general de Helvetia Seguros. A las ceremonias tambi\u00e9n han asistido la vicedecana de Ordenaci\u00f3n Acad\u00e9mica, Guadalupe Valera; la vicedecana de Relaciones Internacionales, Cecilia T\u00e9llez, y el vicedecano de Pr\u00e1cticas y Relaciones Externas, Jos\u00e9 Manuel Ram\u00edrez Hurtado. Los representantes de los estudiantes han sido M\u00aa del Mar S\u00e1nchez Prada del Grado en Administraci\u00f3n y Direcci\u00f3n de Empresas en ingl\u00e9s; Laura Moreno Casado y Mar\u00eda del Pilar Maqueda S\u00e1nchez del Grado en Finanzas y Contabilidad y \u00c1ngel Gonz\u00e1lez Carbonell y Jorge G\u00f3mez Gonz\u00e1lez de An\u00e1lisis Econ\u00f3mico.<\/p>\n<p>Un total de 80 egresados \u2013 17 de Administraci\u00f3n y Direcci\u00f3n de Empresas en ingl\u00e9s, 39 de Finanzas y Contabilidad y 24 del Grado en An\u00e1lisis Econ\u00f3mico- han asistido, junto a sus familiares, a estos actos con los que la Universidad Pablo de Olavide recupera una antigua tradici\u00f3n de las universidades europeas.<\/p>\n","protected":false},"excerpt":{"rendered":"<p>Las ceremonias de egresados de las promociones 2015-2019 de los grados en Administraci\u00f3n y Direcci\u00f3n de Empresas en ingl\u00e9s, en Finanzas y Contabilidad y en An\u00e1lisis Econ\u00f3mico se celebraron ayer jueves en la Universidad Pablo de Olavide, presididas por el decano de la Facultad de Ciencias Empresariales, Jes\u00fas Juan Cambra Fierro.<\/p>\n","protected":false},"author":4,"featured_media":30856285,"comment_status":"closed","ping_status":"open","sticky":false,"template":"","format":"standard","meta":{"_monsterinsights_skip_tracking":false,"_monsterinsights_sitenote_active":false,"_monsterinsights_sitenote_note":"","_monsterinsights_sitenote_category":0,"footnotes":""},"categories":[5842],"tags":[581,360,5075,2719,2343],"class_list":["post-30856284","post","type-post","status-publish","format-standard","has-post-thumbnail","hentry","category-comunidad","tag-ceremonia-de-egresados","tag-facultad-de-ciencias-empresariales","tag-grado-en-administracion-y-direccion-de-empresas-en-ingles","tag-grado-en-analisis-economico","tag-grado-en-finanzas-y-contabilidad"],"_links":{"self":[{"href":"https:\/\/www.upo.es\/diario\/wp-json\/wp\/v2\/posts\/30856284","targetHints":{"allow":["GET"]}}],"collection":[{"href":"https:\/\/www.upo.es\/diario\/wp-json\/wp\/v2\/posts"}],"about":[{"href":"https:\/\/www.upo.es\/diario\/wp-json\/wp\/v2\/types\/post"}],"author":[{"embeddable":true,"href":"https:\/\/www.upo.es\/diario\/wp-json\/wp\/v2\/users\/4"}],"replies":[{"embeddable":true,"href":"https:\/\/www.upo.es\/diario\/wp-json\/wp\/v2\/comments?post=30856284"}],"version-history":[{"count":3,"href":"https:\/\/www.upo.es\/diario\/wp-json\/wp\/v2\/posts\/30856284\/revisions"}],"predecessor-version":[{"id":30856291,"href":"https:\/\/www.upo.es\/diario\/wp-json\/wp\/v2\/posts\/30856284\/revisions\/30856291"}],"wp:featuredmedia":[{"embeddable":true,"href":"https:\/\/www.upo.es\/diario\/wp-json\/wp\/v2\/media\/30856285"}],"wp:attachment":[{"href":"https:\/\/www.upo.es\/diario\/wp-json\/wp\/v2\/media?parent=30856284"}],"wp:term":[{"taxonomy":"category","embeddable":true,"href":"https:\/\/www.upo.es\/diario\/wp-json\/wp\/v2\/categories?post=30856284"},{"taxonomy":"post_tag","embeddable":true,"href":"https:\/\/www.upo.es\/diario\/wp-json\/wp\/v2\/tags?post=30856284"}],"curies":[{"name":"wp","href":"https:\/\/api.w.org\/{rel}","templated":true}]}}