{"id":30856306,"date":"2019-04-23T07:21:35","date_gmt":"2019-04-23T04:21:35","guid":{"rendered":"https:\/\/www.upo.es\/diario\/?p=30856306"},"modified":"2019-04-23T09:50:18","modified_gmt":"2019-04-23T06:50:18","slug":"manana-comienza-en-la-upo-el-seminario-emprendimiento-en-la-musica-independiente-y-autogestion-del-talento","status":"publish","type":"post","link":"https:\/\/www.upo.es\/diario\/docencia-formacion\/2019\/04\/manana-comienza-en-la-upo-el-seminario-emprendimiento-en-la-musica-independiente-y-autogestion-del-talento\/","title":{"rendered":"Comienza en la UPO el seminario \u2018Emprendimiento en la m\u00fasica independiente y autogesti\u00f3n del talento\u2019"},"content":{"rendered":"<p><a href=\"https:\/\/www.upo.es\/diario\/wp-content\/uploads\/2019\/04\/Cartel-jornadas-UPO-abril-2019.jpg\"><img loading=\"lazy\" decoding=\"async\" class=\"alignright size-medium wp-image-30856307\" src=\"https:\/\/www.upo.es\/diario\/wp-content\/uploads\/2019\/04\/Cartel-jornadas-UPO-abril-2019-255x360.jpg\" alt=\"\" width=\"255\" height=\"360\" data-wp-editing=\"1\" srcset=\"https:\/\/www.upo.es\/diario\/wp-content\/uploads\/2019\/04\/Cartel-jornadas-UPO-abril-2019-255x360.jpg 255w, https:\/\/www.upo.es\/diario\/wp-content\/uploads\/2019\/04\/Cartel-jornadas-UPO-abril-2019-768x1086.jpg 768w, https:\/\/www.upo.es\/diario\/wp-content\/uploads\/2019\/04\/Cartel-jornadas-UPO-abril-2019-530x750.jpg 530w, https:\/\/www.upo.es\/diario\/wp-content\/uploads\/2019\/04\/Cartel-jornadas-UPO-abril-2019-600x849.jpg 600w\" sizes=\"auto, (max-width: 255px) 100vw, 255px\" \/><\/a>El m\u00fasico, productor y empresario musical <strong>Esteban Ruiz S\u00e1nchez <\/strong>impartir\u00e1 del 23 al 25 de abril en la Universidad Pablo de Olavide el <strong>seminario \u2018Emprendimiento en la m\u00fasica independiente y autogesti\u00f3n del talento\u2019<\/strong>, un espacio que pretende acercar el conocimiento y la informaci\u00f3n a j\u00f3venes talentos musicales y a cualquier persona con intereses en la gesti\u00f3n expl\u00edcitamente dedicada a la m\u00fasica.<\/p>\n<p>Esta acci\u00f3n formativa se desarrollar\u00e1 <u>desde hoy martes 23 de abril hasta el jueves 25, en horario de 10:00 a 14:00 horas, en el espacio cultural \u2018El Entramado\u2019 (edificio 42) de la UPO<\/u>.<\/p>\n<p>Durante las 12 horas de formaci\u00f3n se abordar\u00e1n cuatro grandes grupos de contenidos: competencias en producci\u00f3n (auto conocimiento, organizaci\u00f3n, auto an\u00e1lisis); competencias en gesti\u00f3n del proyecto (administraci\u00f3n, gesti\u00f3n, fiscalidad, monetizaci\u00f3n); competencias en gesti\u00f3n del equipo (coaching personal, t\u00e9cnicas de trabajo en equipo); y competencias en promoci\u00f3n (estrategias de comunicaci\u00f3n online, temporalizaci\u00f3n, traducci\u00f3n al lenguaje visual del proyecto).<\/p>\n<p>El Servicio de Extensi\u00f3n Cultural del Vicerrectorado de Cultura y Compromiso Social de la Universidad Pablo de Olavide tiene entre sus l\u00edneas de trabajo la gesti\u00f3n, dise\u00f1o y coordinaci\u00f3n del <strong>Programa Artes y Formaci\u00f3n<\/strong> en el que se enmarca este seminario. Este programa articula todo el trabajo de las agrupaciones art\u00edsticas de la UPO, gestiona los acuerdos con las agrupaciones culturales con las que la Universidad Pablo de Olavide tiene proyectos de colaboraci\u00f3n y genera espacios de formaci\u00f3n en estas disciplinas.<\/p>\n<p><strong>\u00a0<\/strong><\/p>\n<p><strong>M\u00e1s informaci\u00f3n:<\/strong><\/p>\n<p><a href=\"https:\/\/eventos.upo.es\/34680\/detail\/seminario-emprendimiento-en-la-musica-independiente-y-autogestion-del-talento.html\">Seminario \u2018Emprendimiento en la m\u00fasica independiente y autogesti\u00f3n del talento\u2019<\/a><\/p>\n<p>&nbsp;<\/p>\n","protected":false},"excerpt":{"rendered":"<p>El m\u00fasico, productor y empresario musical Esteban Ruiz S\u00e1nchez impartir\u00e1 del 23 al 25 de abril en la Universidad Pablo de Olavide el seminario \u2018Emprendimiento en la m\u00fasica independiente y autogesti\u00f3n del talento\u2019, un espacio que pretende acercar el conocimiento y la informaci\u00f3n a j\u00f3venes talentos musicales y a cualquier persona con intereses en la gesti\u00f3n expl\u00edcitamente dedicada a la m\u00fasica.<\/p>\n","protected":false},"author":2,"featured_media":30856307,"comment_status":"closed","ping_status":"open","sticky":false,"template":"","format":"standard","meta":{"_monsterinsights_skip_tracking":false,"_monsterinsights_sitenote_active":false,"_monsterinsights_sitenote_note":"","_monsterinsights_sitenote_category":0,"footnotes":""},"categories":[2779],"tags":[5954,689,402,4119,78,3746,2667],"class_list":["post-30856306","post","type-post","status-publish","format-standard","has-post-thumbnail","hentry","category-docencia-formacion","tag-autogestion","tag-emprendimiento","tag-musica","tag-programa-artes-y-formacion","tag-seminario","tag-servicio-de-extension-cultural","tag-vicerrectorado-de-cultura-y-compromiso-social"],"_links":{"self":[{"href":"https:\/\/www.upo.es\/diario\/wp-json\/wp\/v2\/posts\/30856306","targetHints":{"allow":["GET"]}}],"collection":[{"href":"https:\/\/www.upo.es\/diario\/wp-json\/wp\/v2\/posts"}],"about":[{"href":"https:\/\/www.upo.es\/diario\/wp-json\/wp\/v2\/types\/post"}],"author":[{"embeddable":true,"href":"https:\/\/www.upo.es\/diario\/wp-json\/wp\/v2\/users\/2"}],"replies":[{"embeddable":true,"href":"https:\/\/www.upo.es\/diario\/wp-json\/wp\/v2\/comments?post=30856306"}],"version-history":[{"count":3,"href":"https:\/\/www.upo.es\/diario\/wp-json\/wp\/v2\/posts\/30856306\/revisions"}],"predecessor-version":[{"id":30856320,"href":"https:\/\/www.upo.es\/diario\/wp-json\/wp\/v2\/posts\/30856306\/revisions\/30856320"}],"wp:featuredmedia":[{"embeddable":true,"href":"https:\/\/www.upo.es\/diario\/wp-json\/wp\/v2\/media\/30856307"}],"wp:attachment":[{"href":"https:\/\/www.upo.es\/diario\/wp-json\/wp\/v2\/media?parent=30856306"}],"wp:term":[{"taxonomy":"category","embeddable":true,"href":"https:\/\/www.upo.es\/diario\/wp-json\/wp\/v2\/categories?post=30856306"},{"taxonomy":"post_tag","embeddable":true,"href":"https:\/\/www.upo.es\/diario\/wp-json\/wp\/v2\/tags?post=30856306"}],"curies":[{"name":"wp","href":"https:\/\/api.w.org\/{rel}","templated":true}]}}