{"id":30856313,"date":"2019-04-22T15:59:48","date_gmt":"2019-04-22T12:59:48","guid":{"rendered":"https:\/\/www.upo.es\/diario\/?p=30856313"},"modified":"2019-04-26T14:07:38","modified_gmt":"2019-04-26T11:07:38","slug":"alcala-de-guadaira-renueva-su-compromiso-con-el-aula-abierta-de-mayores-de-la-upo","status":"publish","type":"post","link":"https:\/\/www.upo.es\/diario\/cultura-social\/2019\/04\/alcala-de-guadaira-renueva-su-compromiso-con-el-aula-abierta-de-mayores-de-la-upo\/","title":{"rendered":"Alcal\u00e1 de Guada\u00edra renueva su compromiso con el Aula Abierta de Mayores de la UPO"},"content":{"rendered":"<p><a href=\"https:\/\/www.upo.es\/diario\/wp-content\/uploads\/2019\/04\/adenda_AulaMayores_Alcal\u00e11.jpg\"><img loading=\"lazy\" decoding=\"async\" class=\"alignright size-medium wp-image-30856315\" src=\"https:\/\/www.upo.es\/diario\/wp-content\/uploads\/2019\/04\/adenda_AulaMayores_Alcal\u00e11-360x203.jpg\" alt=\"\" width=\"360\" height=\"203\" srcset=\"https:\/\/www.upo.es\/diario\/wp-content\/uploads\/2019\/04\/adenda_AulaMayores_Alcal\u00e11-360x203.jpg 360w, https:\/\/www.upo.es\/diario\/wp-content\/uploads\/2019\/04\/adenda_AulaMayores_Alcal\u00e11-768x433.jpg 768w, https:\/\/www.upo.es\/diario\/wp-content\/uploads\/2019\/04\/adenda_AulaMayores_Alcal\u00e11-750x423.jpg 750w, https:\/\/www.upo.es\/diario\/wp-content\/uploads\/2019\/04\/adenda_AulaMayores_Alcal\u00e11-600x339.jpg 600w, https:\/\/www.upo.es\/diario\/wp-content\/uploads\/2019\/04\/adenda_AulaMayores_Alcal\u00e11.jpg 1200w\" sizes=\"auto, (max-width: 360px) 100vw, 360px\" \/><\/a>La vicerrectora de Cultura y Compromiso Social de la Universidad Pablo de Olavide, Elodia Hern\u00e1ndez Le\u00f3n, y la alcaldesa del Ayuntamiento de Alcal\u00e1 de Guada\u00edra, Ana Isabel Jim\u00e9nez Contreras, han firmado esta ma\u00f1ana una adenda al convenio de colaboraci\u00f3n suscrito en noviembre de 2016 entre la UPO y el Ayuntamiento de dicho municipio, relativa al apoyo econ\u00f3mico al programa provincial del Aula Abierta de Mayores.<\/p>\n<p>En este sentido, el Ayuntamiento de Alcal\u00e1 de Guada\u00edra renueva su compromiso para el desarrollo y mejora de las actividades enmarcadas dentro del Programa Universitario del Aula Abierta de Mayores de la UPO en dicho municipio durante el curso acad\u00e9mico 2018-2019.<\/p>\n<p>El programa universitario Aula Abierta de Mayores de la UPO lleva realiz\u00e1ndose en Alcal\u00e1 de Guada\u00edra desde el a\u00f1o 2005. A lo largo de estos catorce a\u00f1os, es una de las sedes con mayor n\u00famero de alumnado, teniendo este curso un total de 136 estudiantes matriculados.<\/p>\n<p>Actualmente, el <a href=\"https:\/\/www.upo.es\/aula-mayores\/docencia\/plan-estudios\/\">Aula Abierta de Mayores de la UPO<\/a> cuenta con 985 estudiantes y 21 sedes en la provincia de Sevilla: Alcal\u00e1 de Guada\u00edra, Almensilla, Aznalc\u00f3llar, Bormujos, Castilleja de la Cuesta, Dos Hermanas, Gerena, Gilena, Gines, Herrera, La Algaba, La Puebla de Cazalla, La Puebla del R\u00edo, Las Cabezas de San Juan, Lebrija, Mairena del Alcor, Pedrera, Pilas, Salteras, Santiponce y Tomares. Adem\u00e1s de los ayuntamientos adscritos, cuenta con la colaboraci\u00f3n de la Consejer\u00eda de Igualdad, Pol\u00edticas Sociales y Conciliaci\u00f3n de la Junta de Andaluc\u00eda, la Diputaci\u00f3n de Sevilla y Obra Social \u201cLa Caixa\u201d.<\/p>\n","protected":false},"excerpt":{"rendered":"<p>El Ayuntamiento de Alcal\u00e1 de Guada\u00edra renueva su compromiso para el desarrollo y mejora de las actividades enmarcadas dentro del Programa Universitario del Aula Abierta de Mayores de la UPO en dicho municipio durante el curso acad\u00e9mico 2018-2019.<\/p>\n","protected":false},"author":4,"featured_media":30856314,"comment_status":"closed","ping_status":"open","sticky":false,"template":"","format":"standard","meta":{"_monsterinsights_skip_tracking":false,"_monsterinsights_sitenote_active":false,"_monsterinsights_sitenote_note":"","_monsterinsights_sitenote_category":0,"footnotes":""},"categories":[5843],"tags":[767,52],"class_list":["post-30856313","post","type-post","status-publish","format-standard","has-post-thumbnail","hentry","category-cultura-social","tag-alcala-de-guadaira","tag-aula-abierta-de-mayores"],"_links":{"self":[{"href":"https:\/\/www.upo.es\/diario\/wp-json\/wp\/v2\/posts\/30856313","targetHints":{"allow":["GET"]}}],"collection":[{"href":"https:\/\/www.upo.es\/diario\/wp-json\/wp\/v2\/posts"}],"about":[{"href":"https:\/\/www.upo.es\/diario\/wp-json\/wp\/v2\/types\/post"}],"author":[{"embeddable":true,"href":"https:\/\/www.upo.es\/diario\/wp-json\/wp\/v2\/users\/4"}],"replies":[{"embeddable":true,"href":"https:\/\/www.upo.es\/diario\/wp-json\/wp\/v2\/comments?post=30856313"}],"version-history":[{"count":1,"href":"https:\/\/www.upo.es\/diario\/wp-json\/wp\/v2\/posts\/30856313\/revisions"}],"predecessor-version":[{"id":30856316,"href":"https:\/\/www.upo.es\/diario\/wp-json\/wp\/v2\/posts\/30856313\/revisions\/30856316"}],"wp:featuredmedia":[{"embeddable":true,"href":"https:\/\/www.upo.es\/diario\/wp-json\/wp\/v2\/media\/30856314"}],"wp:attachment":[{"href":"https:\/\/www.upo.es\/diario\/wp-json\/wp\/v2\/media?parent=30856313"}],"wp:term":[{"taxonomy":"category","embeddable":true,"href":"https:\/\/www.upo.es\/diario\/wp-json\/wp\/v2\/categories?post=30856313"},{"taxonomy":"post_tag","embeddable":true,"href":"https:\/\/www.upo.es\/diario\/wp-json\/wp\/v2\/tags?post=30856313"}],"curies":[{"name":"wp","href":"https:\/\/api.w.org\/{rel}","templated":true}]}}