{"id":30856329,"date":"2019-04-24T07:19:59","date_gmt":"2019-04-24T04:19:59","guid":{"rendered":"https:\/\/www.upo.es\/diario\/?p=30856329"},"modified":"2019-04-24T10:08:35","modified_gmt":"2019-04-24T07:08:35","slug":"manana-continua-el-ciclo-el-mundo-editorial-con-una-mesa-redonda-sobre-librerias-para-un-nuevo-siglo-lector","status":"publish","type":"post","link":"https:\/\/www.upo.es\/diario\/docencia-formacion\/2019\/04\/manana-continua-el-ciclo-el-mundo-editorial-con-una-mesa-redonda-sobre-librerias-para-un-nuevo-siglo-lector\/","title":{"rendered":"Esta tarde contin\u00faa el ciclo El Mundo Editorial con una mesa redonda sobre &#8216;Librer\u00edas para un nuevo siglo lector&#8217;"},"content":{"rendered":"<p><u><a href=\"https:\/\/www.upo.es\/diario\/wp-content\/uploads\/2019\/04\/EME-IV-Librer\u00edas.jpg\"><img loading=\"lazy\" decoding=\"async\" class=\"aligncenter size-large wp-image-30856330\" src=\"https:\/\/www.upo.es\/diario\/wp-content\/uploads\/2019\/04\/EME-IV-Librer\u00edas-750x529.jpg\" alt=\"\" width=\"750\" height=\"529\" srcset=\"https:\/\/www.upo.es\/diario\/wp-content\/uploads\/2019\/04\/EME-IV-Librer\u00edas-750x529.jpg 750w, https:\/\/www.upo.es\/diario\/wp-content\/uploads\/2019\/04\/EME-IV-Librer\u00edas-360x254.jpg 360w, https:\/\/www.upo.es\/diario\/wp-content\/uploads\/2019\/04\/EME-IV-Librer\u00edas-768x541.jpg 768w, https:\/\/www.upo.es\/diario\/wp-content\/uploads\/2019\/04\/EME-IV-Librer\u00edas-600x423.jpg 600w, https:\/\/www.upo.es\/diario\/wp-content\/uploads\/2019\/04\/EME-IV-Librer\u00edas.jpg 1240w\" sizes=\"auto, (max-width: 750px) 100vw, 750px\" \/><\/a><\/u><\/p>\n<p><u>Hoy mi\u00e9rcoles 24 de abril, a las 17:30 horas en la sede Olavide en Sevilla-Centro (C\/Lara\u00f1a, 4)<\/u> continuar\u00e1 el <strong>ciclo El Mundo Editorial IV<\/strong> con la <strong>mesa redonda \u2018Librer\u00edas para un nuevo siglo lector\u2019<\/strong> financiada por el Departamento de Filolog\u00eda y Traducci\u00f3n y la Facultad de Humanidades de la Universidad Pablo de Olavide. La entrada es libre hasta completar aforo.<\/p>\n<p><strong>La mesa redonda \u2018Librer\u00edas para un nuevo siglo lector\u201d<\/strong> contar\u00e1 con las intervenciones de Sonia Dom\u00ednguez P\u00e9rez de la librer\u00eda Palas; Eva Dorante Garc\u00eda y Tom\u00e1s Puntas Aguilar de la librer\u00eda Yerma, y Lilo Rodr\u00edguez Tous de la librer\u00eda Quilombo, quienes hablar\u00e1n sobre los nuevos retos y modelos de librer\u00edas.<\/p>\n<p>El ciclo El Mundo Editorial IV finalizar\u00e1 el pr\u00f3ximo <strong>22 de mayo<\/strong> con un <strong>coloquio sobre el mundo de la edici\u00f3n<\/strong> con las intervenciones del traductor y editor Francisco Socas y el periodista y editor Ignacio Garmendia.<\/p>\n<p>Con una presencia cada vez m\u00e1s significativa de antiguos estudiantes y profesores de la Universidad Pablo de Olavide implicados de un modo u otro en interesantes procesos editoriales, se celebra el <strong>ciclo El Mundo Editorial<\/strong>, organizado por los profesores del Departamento de Filolog\u00eda y Traducci\u00f3n de la UPO, Alberto Marina Castillo y Miguel Cisneros Perales. En su cuarta edici\u00f3n ha ofrecido, durante todo el semestre, presentaciones de libros y proyectos editoriales, lecturas, un taller de correcci\u00f3n ortotipogr\u00e1fica, di\u00e1logos acerca del mundo del libro y visitas.<\/p>\n","protected":false},"excerpt":{"rendered":"<p>La mesa redonda \u2018Librer\u00edas para un nuevo siglo lector\u201d contar\u00e1 con las intervenciones de Sonia Dom\u00ednguez P\u00e9rez de la librer\u00eda Palas; Eva Dorante Garc\u00eda y Tom\u00e1s Puntas Aguilar de la librer\u00eda Yerma, y Lilo Rodr\u00edguez Tous de la librer\u00eda Quilombo, quienes hablar\u00e1n sobre los nuevos retos y modelos de librer\u00edas.<\/p>\n","protected":false},"author":4,"featured_media":30856330,"comment_status":"closed","ping_status":"open","sticky":false,"template":"","format":"standard","meta":{"_monsterinsights_skip_tracking":false,"_monsterinsights_sitenote_active":false,"_monsterinsights_sitenote_note":"","_monsterinsights_sitenote_category":0,"footnotes":""},"categories":[2779],"tags":[5850,1116,96,5955],"class_list":["post-30856329","post","type-post","status-publish","format-standard","has-post-thumbnail","hentry","category-docencia-formacion","tag-ciclo-el-mundo-editorial","tag-departamento-de-filologia-y-traduccion","tag-facultad-de-humanidades","tag-librerias"],"_links":{"self":[{"href":"https:\/\/www.upo.es\/diario\/wp-json\/wp\/v2\/posts\/30856329","targetHints":{"allow":["GET"]}}],"collection":[{"href":"https:\/\/www.upo.es\/diario\/wp-json\/wp\/v2\/posts"}],"about":[{"href":"https:\/\/www.upo.es\/diario\/wp-json\/wp\/v2\/types\/post"}],"author":[{"embeddable":true,"href":"https:\/\/www.upo.es\/diario\/wp-json\/wp\/v2\/users\/4"}],"replies":[{"embeddable":true,"href":"https:\/\/www.upo.es\/diario\/wp-json\/wp\/v2\/comments?post=30856329"}],"version-history":[{"count":2,"href":"https:\/\/www.upo.es\/diario\/wp-json\/wp\/v2\/posts\/30856329\/revisions"}],"predecessor-version":[{"id":30856344,"href":"https:\/\/www.upo.es\/diario\/wp-json\/wp\/v2\/posts\/30856329\/revisions\/30856344"}],"wp:featuredmedia":[{"embeddable":true,"href":"https:\/\/www.upo.es\/diario\/wp-json\/wp\/v2\/media\/30856330"}],"wp:attachment":[{"href":"https:\/\/www.upo.es\/diario\/wp-json\/wp\/v2\/media?parent=30856329"}],"wp:term":[{"taxonomy":"category","embeddable":true,"href":"https:\/\/www.upo.es\/diario\/wp-json\/wp\/v2\/categories?post=30856329"},{"taxonomy":"post_tag","embeddable":true,"href":"https:\/\/www.upo.es\/diario\/wp-json\/wp\/v2\/tags?post=30856329"}],"curies":[{"name":"wp","href":"https:\/\/api.w.org\/{rel}","templated":true}]}}