{"id":30856360,"date":"2019-04-24T11:21:10","date_gmt":"2019-04-24T08:21:10","guid":{"rendered":"https:\/\/www.upo.es\/diario\/?p=30856360"},"modified":"2019-04-25T11:27:30","modified_gmt":"2019-04-25T08:27:30","slug":"ceremonia-de-egresados-del-grado-en-relaciones-laborales-y-recursos-humanos-y-del-doble-grado-con-derecho-de-la-upo","status":"publish","type":"post","link":"https:\/\/www.upo.es\/diario\/comunidad\/2019\/04\/ceremonia-de-egresados-del-grado-en-relaciones-laborales-y-recursos-humanos-y-del-doble-grado-con-derecho-de-la-upo\/","title":{"rendered":"Ceremonia de egresados del Grado en Relaciones Laborales y Recursos Humanos y del Doble Grado con Derecho de la UPO"},"content":{"rendered":"<figure id=\"attachment_30856363\" aria-describedby=\"caption-attachment-30856363\" style=\"width: 750px\" class=\"wp-caption aligncenter\"><a href=\"https:\/\/www.upo.es\/diario\/wp-content\/uploads\/2019\/04\/190423-UPO__303.jpg\"><img loading=\"lazy\" decoding=\"async\" class=\"wp-image-30856363 size-large\" src=\"https:\/\/www.upo.es\/diario\/wp-content\/uploads\/2019\/04\/190423-UPO__303-750x500.jpg\" alt=\"\" width=\"750\" height=\"500\" srcset=\"https:\/\/www.upo.es\/diario\/wp-content\/uploads\/2019\/04\/190423-UPO__303-750x500.jpg 750w, https:\/\/www.upo.es\/diario\/wp-content\/uploads\/2019\/04\/190423-UPO__303-360x240.jpg 360w, https:\/\/www.upo.es\/diario\/wp-content\/uploads\/2019\/04\/190423-UPO__303-768x512.jpg 768w, https:\/\/www.upo.es\/diario\/wp-content\/uploads\/2019\/04\/190423-UPO__303-600x400.jpg 600w, https:\/\/www.upo.es\/diario\/wp-content\/uploads\/2019\/04\/190423-UPO__303-165x109.jpg 165w\" sizes=\"auto, (max-width: 750px) 100vw, 750px\" \/><\/a><figcaption id=\"caption-attachment-30856363\" class=\"wp-caption-text\">Promoci\u00f3n 2014-2019 del Doble grado en Derecho y Relaciones Laborales y Recursos Humanos.<\/figcaption><\/figure>\n<p>Las ceremonias de graduaci\u00f3n de la promoci\u00f3n 2015-2019 del Grado en Relaciones Laborales y Recursos Humanos y de la promoci\u00f3n 2014-2019 del Doble Grado en Derecho y Relaciones Laborales y Recursos Humanos se celebraron ayer martes 23 de abril en el Paraninfo de la Universidad Pablo de Olavide, presididas por la decana de la Facultad de Derecho, Mar\u00eda Serrano Fern\u00e1ndez.<\/p>\n<figure id=\"attachment_30856362\" aria-describedby=\"caption-attachment-30856362\" style=\"width: 360px\" class=\"wp-caption alignright\"><a href=\"https:\/\/www.upo.es\/diario\/wp-content\/uploads\/2019\/04\/190423-UPO__291.jpg\"><img loading=\"lazy\" decoding=\"async\" class=\"size-medium wp-image-30856362\" src=\"https:\/\/www.upo.es\/diario\/wp-content\/uploads\/2019\/04\/190423-UPO__291-360x240.jpg\" alt=\"\" width=\"360\" height=\"240\" srcset=\"https:\/\/www.upo.es\/diario\/wp-content\/uploads\/2019\/04\/190423-UPO__291-360x240.jpg 360w, https:\/\/www.upo.es\/diario\/wp-content\/uploads\/2019\/04\/190423-UPO__291-768x512.jpg 768w, https:\/\/www.upo.es\/diario\/wp-content\/uploads\/2019\/04\/190423-UPO__291-750x500.jpg 750w, https:\/\/www.upo.es\/diario\/wp-content\/uploads\/2019\/04\/190423-UPO__291-600x400.jpg 600w, https:\/\/www.upo.es\/diario\/wp-content\/uploads\/2019\/04\/190423-UPO__291-165x109.jpg 165w\" sizes=\"auto, (max-width: 360px) 100vw, 360px\" \/><\/a><figcaption id=\"caption-attachment-30856362\" class=\"wp-caption-text\">Promoci\u00f3n 2015-2019 del grado en Relaciones Laborales y Recursos Humanos<\/figcaption><\/figure>\n<p>La madrina de las promociones ha sido Nieves Rico M\u00e1rquez, magistrada-juez del Juzgado de lo Social n\u00ba 4 de Sevilla. A las ceremonias tambi\u00e9n asistieron: Rafael Hidalgo Romero, presidente del Colegio Oficial de Graduados Sociales de Sevilla; C\u00e9sar Hornero M\u00e9ndez, director del Departamento de Derecho Privado y Montserrat Hermos\u00edn \u00c1lvarez, directora acad\u00e9mica del Grado en Relaciones Laborales y Recursos Humanos.<\/p>\n<p>En representaci\u00f3n del alumnado egresado, pronunciaron los discursos: Francisca Monta\u00f1o Algeciras del Grado en Relaciones Laborales y Recursos Humanos; y Carolina Maldonado Ruz y \u00c1ngela M\u00aa Rojas Otero-Saavedra del Doble Grado en Derecho y Relaciones Laborales y Recursos Humanos.<\/p>\n<p>Un total de 79 egresados y egresadas \u201362 del Grado en Relaciones Laborales y Recursos Humanos y 17 del Doble Grado en Derecho y Relaciones Laborales y Recursos Humanos\u2013 han asistido, junto a sus familiares, a este acto con el que la Universidad Pablo de Olavide recupera una antigua tradici\u00f3n de las universidades europeas.<\/p>\n<p>&nbsp;<\/p>\n","protected":false},"excerpt":{"rendered":"<p>Las ceremonias de graduaci\u00f3n de la promoci\u00f3n 2015-2019 del Grado en Relaciones Laborales y Recursos Humanos y de la promoci\u00f3n 2014-2019 del Doble Grado en Derecho y Relaciones Laborales y Recursos Humanos se celebraron ayer martes 23 de abril en el Paraninfo de la Universidad Pablo de Olavide, presididas por la decana de la Facultad de Derecho, Mar\u00eda Serrano Fern\u00e1ndez.<\/p>\n","protected":false},"author":4,"featured_media":30856362,"comment_status":"closed","ping_status":"open","sticky":false,"template":"","format":"standard","meta":{"_monsterinsights_skip_tracking":false,"_monsterinsights_sitenote_active":false,"_monsterinsights_sitenote_note":"","_monsterinsights_sitenote_category":0,"footnotes":""},"categories":[5842],"tags":[581,5073,81,1390],"class_list":["post-30856360","post","type-post","status-publish","format-standard","has-post-thumbnail","hentry","category-comunidad","tag-ceremonia-de-egresados","tag-doble-grado-en-derecho-y-relaciones-laborales-y-recursos-humanos","tag-facultad-de-derecho","tag-grado-en-relaciones-laborales-y-recursos-humanos"],"_links":{"self":[{"href":"https:\/\/www.upo.es\/diario\/wp-json\/wp\/v2\/posts\/30856360","targetHints":{"allow":["GET"]}}],"collection":[{"href":"https:\/\/www.upo.es\/diario\/wp-json\/wp\/v2\/posts"}],"about":[{"href":"https:\/\/www.upo.es\/diario\/wp-json\/wp\/v2\/types\/post"}],"author":[{"embeddable":true,"href":"https:\/\/www.upo.es\/diario\/wp-json\/wp\/v2\/users\/4"}],"replies":[{"embeddable":true,"href":"https:\/\/www.upo.es\/diario\/wp-json\/wp\/v2\/comments?post=30856360"}],"version-history":[{"count":1,"href":"https:\/\/www.upo.es\/diario\/wp-json\/wp\/v2\/posts\/30856360\/revisions"}],"predecessor-version":[{"id":30856365,"href":"https:\/\/www.upo.es\/diario\/wp-json\/wp\/v2\/posts\/30856360\/revisions\/30856365"}],"wp:featuredmedia":[{"embeddable":true,"href":"https:\/\/www.upo.es\/diario\/wp-json\/wp\/v2\/media\/30856362"}],"wp:attachment":[{"href":"https:\/\/www.upo.es\/diario\/wp-json\/wp\/v2\/media?parent=30856360"}],"wp:term":[{"taxonomy":"category","embeddable":true,"href":"https:\/\/www.upo.es\/diario\/wp-json\/wp\/v2\/categories?post=30856360"},{"taxonomy":"post_tag","embeddable":true,"href":"https:\/\/www.upo.es\/diario\/wp-json\/wp\/v2\/tags?post=30856360"}],"curies":[{"name":"wp","href":"https:\/\/api.w.org\/{rel}","templated":true}]}}