{"id":30856367,"date":"2019-04-25T00:09:40","date_gmt":"2019-04-24T21:09:40","guid":{"rendered":"https:\/\/www.upo.es\/diario\/?p=30856367"},"modified":"2019-04-26T10:05:08","modified_gmt":"2019-04-26T07:05:08","slug":"la-fundacion-cristina-heeren-protagonista-manana-el-ciclo-las-mujeres-como-transmisoras-del-flamenco","status":"publish","type":"post","link":"https:\/\/www.upo.es\/diario\/docencia-formacion\/2019\/04\/la-fundacion-cristina-heeren-protagonista-manana-el-ciclo-las-mujeres-como-transmisoras-del-flamenco\/","title":{"rendered":"La Fundaci\u00f3n Cristina Heeren, protagonista del Ciclo &#8216;Las mujeres como transmisoras del flamenco&#8217;"},"content":{"rendered":"<p><a href=\"https:\/\/www.upo.es\/diario\/wp-content\/uploads\/2019\/04\/Fundacion-Cristina-Heeren.jpg\"><img loading=\"lazy\" decoding=\"async\" class=\"aligncenter size-full wp-image-30856368\" src=\"https:\/\/www.upo.es\/diario\/wp-content\/uploads\/2019\/04\/Fundacion-Cristina-Heeren.jpg\" alt=\"\" width=\"494\" height=\"323\" srcset=\"https:\/\/www.upo.es\/diario\/wp-content\/uploads\/2019\/04\/Fundacion-Cristina-Heeren.jpg 494w, https:\/\/www.upo.es\/diario\/wp-content\/uploads\/2019\/04\/Fundacion-Cristina-Heeren-360x235.jpg 360w, https:\/\/www.upo.es\/diario\/wp-content\/uploads\/2019\/04\/Fundacion-Cristina-Heeren-165x109.jpg 165w\" sizes=\"auto, (max-width: 494px) 100vw, 494px\" \/><\/a>El IV Ciclo Cultural <strong>\u2018Las mujeres como transmisoras del flamenco\u2019<\/strong> de la Universidad Pablo de Olavide contin\u00faa <u>hoy jueves 25 de abril<\/u> con una sesi\u00f3n dedicada a la <strong>Fundaci\u00f3n Cristina Heeren de Arte Flamenco<\/strong>, en la que participar\u00e1n <strong>Pepa S\u00e1nchez<\/strong>, directora de la academia; <strong>Alexandra Hoffer<\/strong>, directora de Producci\u00f3n; <strong>Silvia Calado<\/strong>, directora de Comunicaci\u00f3n, y <strong>\u00c1gueda Borr\u00e1s<\/strong>, directora de Relaciones Institucionales, quienes intervendr\u00e1n en la charla coloquio que lleva por t\u00edtulo \u2018Las otras flamencas\u2019.<\/p>\n<p>La cita es esta tarde <u>a las 19:00 horas en el sal\u00f3n de actos del Centro Andaluz de Biolog\u00eda del Desarrollo <\/u>(CABD), en el campus de la UPO. La entrada es libre hasta completar aforo.<\/p>\n<p>El encuentro estar\u00e1 amenizado con un recital ofrecido por Elizabeth Nadal al cante y Leah Krushevski y Jonathan Goldie a la guitarra.<\/p>\n<p>Organizado por la <strong>Pe\u00f1a Universitaria \u2018Sentir Flamenco\u2019 de la UPO<\/strong>, con la colaboraci\u00f3n del Instituto Andaluz del Flamenco, el Vicerrectorado de Cultura y Compromiso Social a trav\u00e9s de su Servicio de Extensi\u00f3n Cultural y el Centro Andaluz de Biolog\u00eda del Desarrollo, este ciclo que celebra ahora su cuarta edici\u00f3n trae consigo a grandes artistas del flamenco, mujeres como transmisoras de este arte, que arrojan calidad cultural y cuentan la evoluci\u00f3n de la mujer dentro de las dimensiones antropol\u00f3gicas del flamenco.<\/p>\n<p>Integrada por profesorado, alumnado, personal de administraci\u00f3n y personas ajenas a la Universidad, la Pe\u00f1a \u2018Sentir Flamenco\u2019 de la UPO es una iniciativa que busca el acercamiento de la universidad al flamenco y viceversa. As\u00ed, considerando las dimensiones antropol\u00f3gicas del flamenco, esta pe\u00f1a, que desarrolla su trabajo en el marco del programa \u2018Artes y Formaci\u00f3n\u2019 del Vicerrectorado de Cultura y Compromiso Social de la UPO, organiza conferencias, encuentros con artistas, cine, presentaciones de libros, actuaciones y cursos de guitarra y de baile.<\/p>\n","protected":false},"excerpt":{"rendered":"<p>El IV Ciclo Cultural \u2018Las mujeres como transmisoras del flamenco\u2019 de la Universidad Pablo de Olavide contin\u00faa hoy jueves 25 de abril con una sesi\u00f3n dedicada a la Fundaci\u00f3n Cristina Heeren de Arte Flamenco, en la que participar\u00e1n Pepa S\u00e1nchez, directora de la academia; Alexandra Hoffer, directora de Producci\u00f3n; Silvia Calado, directora de Comunicaci\u00f3n, y \u00c1gueda Borr\u00e1s, directora de Relaciones Institucionales, quienes intervendr\u00e1n en la charla coloquio que lleva por t\u00edtulo \u2018Las otras flamencas\u2019.<\/p>\n","protected":false},"author":2,"featured_media":30856368,"comment_status":"closed","ping_status":"open","sticky":false,"template":"","format":"standard","meta":{"_monsterinsights_skip_tracking":false,"_monsterinsights_sitenote_active":false,"_monsterinsights_sitenote_note":"","_monsterinsights_sitenote_category":0,"footnotes":""},"categories":[2779],"tags":[43,75,93,402,1142,2667],"class_list":["post-30856367","post","type-post","status-publish","format-standard","has-post-thumbnail","hentry","category-docencia-formacion","tag-cabd","tag-extension-cultural","tag-flamenco","tag-musica","tag-pena-sentir-flamenco","tag-vicerrectorado-de-cultura-y-compromiso-social"],"_links":{"self":[{"href":"https:\/\/www.upo.es\/diario\/wp-json\/wp\/v2\/posts\/30856367","targetHints":{"allow":["GET"]}}],"collection":[{"href":"https:\/\/www.upo.es\/diario\/wp-json\/wp\/v2\/posts"}],"about":[{"href":"https:\/\/www.upo.es\/diario\/wp-json\/wp\/v2\/types\/post"}],"author":[{"embeddable":true,"href":"https:\/\/www.upo.es\/diario\/wp-json\/wp\/v2\/users\/2"}],"replies":[{"embeddable":true,"href":"https:\/\/www.upo.es\/diario\/wp-json\/wp\/v2\/comments?post=30856367"}],"version-history":[{"count":6,"href":"https:\/\/www.upo.es\/diario\/wp-json\/wp\/v2\/posts\/30856367\/revisions"}],"predecessor-version":[{"id":30856384,"href":"https:\/\/www.upo.es\/diario\/wp-json\/wp\/v2\/posts\/30856367\/revisions\/30856384"}],"wp:featuredmedia":[{"embeddable":true,"href":"https:\/\/www.upo.es\/diario\/wp-json\/wp\/v2\/media\/30856368"}],"wp:attachment":[{"href":"https:\/\/www.upo.es\/diario\/wp-json\/wp\/v2\/media?parent=30856367"}],"wp:term":[{"taxonomy":"category","embeddable":true,"href":"https:\/\/www.upo.es\/diario\/wp-json\/wp\/v2\/categories?post=30856367"},{"taxonomy":"post_tag","embeddable":true,"href":"https:\/\/www.upo.es\/diario\/wp-json\/wp\/v2\/tags?post=30856367"}],"curies":[{"name":"wp","href":"https:\/\/api.w.org\/{rel}","templated":true}]}}