{"id":30856487,"date":"2019-05-02T11:43:59","date_gmt":"2019-05-02T08:43:59","guid":{"rendered":"https:\/\/www.upo.es\/diario\/?p=30856487"},"modified":"2019-05-25T02:47:56","modified_gmt":"2019-05-24T23:47:56","slug":"la-relacion-entre-el-periodismo-y-la-politica-a-estudio-en-los-cursos-de-verano-de-olavide-en-carmona","status":"publish","type":"post","link":"https:\/\/www.upo.es\/diario\/cursos-verano\/2019\/05\/la-relacion-entre-el-periodismo-y-la-politica-a-estudio-en-los-cursos-de-verano-de-olavide-en-carmona\/","title":{"rendered":"La relaci\u00f3n entre el periodismo y la pol\u00edtica, a estudio en los Cursos de Verano de Olavide en Carmona"},"content":{"rendered":"<figure id=\"attachment_30856488\" aria-describedby=\"caption-attachment-30856488\" style=\"width: 750px\" class=\"wp-caption aligncenter\"><a href=\"https:\/\/www.upo.es\/diario\/wp-content\/uploads\/2019\/05\/Rafael-Rodr\u00edguez.jpg\"><img loading=\"lazy\" decoding=\"async\" class=\"size-large wp-image-30856488\" src=\"https:\/\/www.upo.es\/diario\/wp-content\/uploads\/2019\/05\/Rafael-Rodr\u00edguez-750x500.jpg\" alt=\"\" width=\"750\" height=\"500\" srcset=\"https:\/\/www.upo.es\/diario\/wp-content\/uploads\/2019\/05\/Rafael-Rodr\u00edguez-750x500.jpg 750w, https:\/\/www.upo.es\/diario\/wp-content\/uploads\/2019\/05\/Rafael-Rodr\u00edguez-360x240.jpg 360w, https:\/\/www.upo.es\/diario\/wp-content\/uploads\/2019\/05\/Rafael-Rodr\u00edguez-768x512.jpg 768w, https:\/\/www.upo.es\/diario\/wp-content\/uploads\/2019\/05\/Rafael-Rodr\u00edguez-600x400.jpg 600w, https:\/\/www.upo.es\/diario\/wp-content\/uploads\/2019\/05\/Rafael-Rodr\u00edguez-165x109.jpg 165w\" sizes=\"auto, (max-width: 750px) 100vw, 750px\" \/><\/a><figcaption id=\"caption-attachment-30856488\" class=\"wp-caption-text\">Rafael Rodr\u00edguez<\/figcaption><\/figure>\n<p>La pol\u00edtica como poder, y el periodismo, como contrapoder social y control del poder pol\u00edtico, han tenido siempre una dif\u00edcil y complicada convivencia. Por ello, y <strong>bajo el t\u00edtulo de \u2018Periodismo y pol\u00edtica. \u00bfPoder, contrapoder o connivencia?\u2019, la sede de la Universidad Pablo de Olavide en Carmona acoger\u00e1 del 24 al 26 de junio la celebraci\u00f3n de un seminario que pretende analizar y profundizar en todo lo relacionado con la pol\u00edtica y el periodismo en Espa\u00f1a y Andaluc\u00eda<\/strong>. Bajo la direcci\u00f3n de <strong>Rafael Rodr\u00edguez<\/strong>, presidente de la Asociaci\u00f3n de la Prensa de Sevilla (APS), esta actividad formativa se enmarca en la XVII edici\u00f3n del programa de Cursos de Verano de la UPO y est\u00e1 financiada por la Diputaci\u00f3n de Sevilla y la Fundaci\u00f3n Cajasol.<\/p>\n<p>La relaci\u00f3n entre el periodismo y la pol\u00edtica supone una cohabitaci\u00f3n de pulso permanente. De esta forma, el poder pol\u00edtico \u201csiempre busca escapar al control del periodismo e intenta controlarlo y dominarlo mediante m\u00faltiples mecanismos, y el periodismo pretende convertirse en otro poder, con el que mediatizar e influir en el poder pol\u00edtico\u201d, asegura Rafael Rodr\u00edguez, presidente de los periodistas sevillanos.<\/p>\n<p>La conferencia inaugural del curso ser\u00e1 pronunciada por Fernando Garea, presidente de la agencia EFE, mientras que la de clausura correr\u00e1 a cargo de Antonio Garc\u00eda Ferreras, director de La Sexta y director y presentador de \u2018Al Rojo Vivo\u2019. Ambos disertar\u00e1n sobre \u201cPeriodismo y pol\u00edtica. Poder, contrapoder o connivencia\u201d.<\/p>\n<p>Periodistas como Carlos Franganillo, presentador del Telediario 2 de TVE; Vicent Sanch\u00eds, director general de TV3; Ana Pardo, directora de P\u00fablico; Luc\u00eda M\u00e9ndez, de El Mundo o Julio Montes, fundador de Maldita Hemeroteca y Maldito Bulo, entre otros, participar\u00e1n en el curso, en el transcurso del cual se debatir\u00e1n aspectos como el periodismo y la pol\u00edtica desde la perspectiva de g\u00e9nero, las noticias falsas en tiempos electorales, la experiencia de un profesional del periodismo en el poder&#8230; Asimismo, se abordar\u00e1n casos como los de Estados Unidos y Catalu\u00f1a.<\/p>\n<p>Tambi\u00e9n intervendr\u00e1n destacados pol\u00edticos como Ana Pastor, presidenta del Congreso de los Diputados; Alberto Garz\u00f3n, coordinador federal de Izquierda Unida; Juan Mar\u00edn, vicepresidente de la Junta de Andaluc\u00eda y consejero de Turismo, Regeneraci\u00f3n, Justicia y Administraci\u00f3n Local de la Junta de Andaluc\u00eda o Susana D\u00edaz, expresidenta de la Junta de Andaluc\u00eda y secretaria general del PSOE en Andaluc\u00eda.<\/p>\n<p>De esta forma, en este curso se analizar\u00e1 y profundizar\u00e1 en todo lo relacionado con la pol\u00edtica y el periodismo en Espa\u00f1a y Andaluc\u00eda. \u201cEl momento es id\u00f3neo para hacerlo por los profundos y continuos cambios que se est\u00e1n produciendo en ambos poderes en los \u00faltimos a\u00f1os y por su evidente incidencia en la sociedad. A ello se suma el largo periodo electoral que estamos viviendo, con la celebraci\u00f3n de elecciones municipales, europeas, en 12 comunidades aut\u00f3nomas y generales\u201d, concluye Rafael Rodr\u00edguez.<\/p>\n<p><strong>M\u00e1s informaci\u00f3n:<\/strong><\/p>\n<ul>\n<li><a href=\"https:\/\/upo.es\/cms1\/export\/sites\/upo\/olavideencarmona\/documentos\/2019\/2019cc03.pdf\">Programa del Curso <strong><em>PERIODISMO Y POL\u00cdTICA. \u00bfPODER, CONTRAPODER O CONNIVENCIA?<\/em><\/strong> &#8211; PDF<\/a><\/li>\n<li><a href=\"https:\/\/upo.es\/olavideencarmona\/cursos-de-verano\/\">Cursos de Verano &#8216;Olavide en Carmona&#8217;<\/a><\/li>\n<\/ul>\n","protected":false},"excerpt":{"rendered":"<p>La pol\u00edtica como poder, y el periodismo, como contrapoder social y control del poder pol\u00edtico, han tenido siempre una dif\u00edcil y complicada convivencia. Por ello, y bajo el t\u00edtulo de \u2018Periodismo y pol\u00edtica. \u00bfPoder, contrapoder o connivencia?\u2019, la sede de la Universidad Pablo de Olavide en Carmona acoger\u00e1 del 24 al 26 de junio la celebraci\u00f3n de un seminario que pretende analizar y profundizar en todo lo relacionado con la pol\u00edtica y el periodismo en Espa\u00f1a y Andaluc\u00eda. <\/p>\n","protected":false},"author":6,"featured_media":30856488,"comment_status":"closed","ping_status":"open","sticky":false,"template":"","format":"standard","meta":{"_monsterinsights_skip_tracking":false,"_monsterinsights_sitenote_active":false,"_monsterinsights_sitenote_note":"","_monsterinsights_sitenote_category":0,"footnotes":""},"categories":[729,2779],"tags":[598,350,141,22,984,519,687,76],"class_list":["post-30856487","post","type-post","status-publish","format-standard","has-post-thumbnail","hentry","category-cursos-verano","category-docencia-formacion","tag-ciencias-politicas","tag-comunicacion","tag-curso","tag-cursos-de-verano","tag-medios-de-comunicacion","tag-olavide-en-carmona","tag-periodismo","tag-politica"],"_links":{"self":[{"href":"https:\/\/www.upo.es\/diario\/wp-json\/wp\/v2\/posts\/30856487","targetHints":{"allow":["GET"]}}],"collection":[{"href":"https:\/\/www.upo.es\/diario\/wp-json\/wp\/v2\/posts"}],"about":[{"href":"https:\/\/www.upo.es\/diario\/wp-json\/wp\/v2\/types\/post"}],"author":[{"embeddable":true,"href":"https:\/\/www.upo.es\/diario\/wp-json\/wp\/v2\/users\/6"}],"replies":[{"embeddable":true,"href":"https:\/\/www.upo.es\/diario\/wp-json\/wp\/v2\/comments?post=30856487"}],"version-history":[{"count":4,"href":"https:\/\/www.upo.es\/diario\/wp-json\/wp\/v2\/posts\/30856487\/revisions"}],"predecessor-version":[{"id":30856492,"href":"https:\/\/www.upo.es\/diario\/wp-json\/wp\/v2\/posts\/30856487\/revisions\/30856492"}],"wp:featuredmedia":[{"embeddable":true,"href":"https:\/\/www.upo.es\/diario\/wp-json\/wp\/v2\/media\/30856488"}],"wp:attachment":[{"href":"https:\/\/www.upo.es\/diario\/wp-json\/wp\/v2\/media?parent=30856487"}],"wp:term":[{"taxonomy":"category","embeddable":true,"href":"https:\/\/www.upo.es\/diario\/wp-json\/wp\/v2\/categories?post=30856487"},{"taxonomy":"post_tag","embeddable":true,"href":"https:\/\/www.upo.es\/diario\/wp-json\/wp\/v2\/tags?post=30856487"}],"curies":[{"name":"wp","href":"https:\/\/api.w.org\/{rel}","templated":true}]}}