{"id":30856514,"date":"2019-05-03T11:00:26","date_gmt":"2019-05-03T08:00:26","guid":{"rendered":"https:\/\/www.upo.es\/diario\/?p=30856514"},"modified":"2019-05-03T11:56:35","modified_gmt":"2019-05-03T08:56:35","slug":"ceremonia-de-egresados-del-doble-grado-en-administracion-y-direccion-de-empresas-y-derecho","status":"publish","type":"post","link":"https:\/\/www.upo.es\/diario\/comunidad\/2019\/05\/ceremonia-de-egresados-del-doble-grado-en-administracion-y-direccion-de-empresas-y-derecho\/","title":{"rendered":"Ceremonia de egresados del Doble Grado en Administraci\u00f3n y Direcci\u00f3n de Empresas y Derecho"},"content":{"rendered":"<figure id=\"attachment_30856515\" aria-describedby=\"caption-attachment-30856515\" style=\"width: 750px\" class=\"wp-caption aligncenter\"><a href=\"https:\/\/www.upo.es\/diario\/wp-content\/uploads\/2019\/05\/190502-UPO_214.jpg\"><img loading=\"lazy\" decoding=\"async\" class=\"size-large wp-image-30856515\" src=\"https:\/\/www.upo.es\/diario\/wp-content\/uploads\/2019\/05\/190502-UPO_214-750x499.jpg\" alt=\"\" width=\"750\" height=\"499\" srcset=\"https:\/\/www.upo.es\/diario\/wp-content\/uploads\/2019\/05\/190502-UPO_214-750x499.jpg 750w, https:\/\/www.upo.es\/diario\/wp-content\/uploads\/2019\/05\/190502-UPO_214-360x239.jpg 360w, https:\/\/www.upo.es\/diario\/wp-content\/uploads\/2019\/05\/190502-UPO_214-768x511.jpg 768w, https:\/\/www.upo.es\/diario\/wp-content\/uploads\/2019\/05\/190502-UPO_214-600x399.jpg 600w, https:\/\/www.upo.es\/diario\/wp-content\/uploads\/2019\/05\/190502-UPO_214-165x109.jpg 165w, https:\/\/www.upo.es\/diario\/wp-content\/uploads\/2019\/05\/190502-UPO_214.jpg 1400w\" sizes=\"auto, (max-width: 750px) 100vw, 750px\" \/><\/a><figcaption id=\"caption-attachment-30856515\" class=\"wp-caption-text\">Promoci\u00f3n 2014-2020 del Doble Grado en Administraci\u00f3n y Direcci\u00f3n de Empresas y Derecho<\/figcaption><\/figure>\n<p>La ceremonia de egresados de la promoci\u00f3n 2014-2020 del Doble Grado en Administraci\u00f3n y Direcci\u00f3n de Empresas y Derecho se celebr\u00f3 ayer jueves 2 de mayo en el Paraninfo de la Universidad Pablo de Olavide, presidida por la decana de la Facultad de Derecho <strong>Mar\u00eda Serrano Fern\u00e1ndez<\/strong>, y el decano de la Facultad de Ciencias Empresariales <strong>Jes\u00fas Juan Cambra Fierro<\/strong>.<\/p>\n<p>El padrino de la promoci\u00f3n fue <strong>Javier Molina Montes<\/strong>, presidente del Consejo de Administraci\u00f3n de BEFESA. A la ceremonia tambi\u00e9n asistieron <strong>Guadalupe Valera Blanes<\/strong>, vicedecana de Ordenaci\u00f3n Acad\u00e9mica de la Facultad de Ciencias Empresariales de la UPO; <strong>Mar\u00eda Jos\u00e9 Collantes de Ter\u00e1n de la Hera<\/strong>, directora acad\u00e9mica del Grado en Derecho.<\/p>\n<p>En representaci\u00f3n del alumnado egresado, pronunciaron los discursos <strong>Mar\u00eda Luisa Pichi Gay\u00e1n y Elena Bote Dios<\/strong><\/p>\n<p>Un total de 75 egresados y egresadas asistieron, junto a sus familiares, a este acto con el que la Universidad Pablo de Olavide recupera una antigua tradici\u00f3n de las universidades europeas.<\/p>\n<p>&nbsp;<\/p>\n","protected":false},"excerpt":{"rendered":"<p>La ceremonia de egresados de la promoci\u00f3n 2014-2019 del Doble Grado en Administraci\u00f3n y Direcci\u00f3n de Empresas y Derecho se celebr\u00f3 ayer jueves 2 de mayo en el Paraninfo de la Universidad Pablo de Olavide, presidida por la decana de la Facultad de Derecho Mar\u00eda Serrano Fern\u00e1ndez, y el decano de la Facultad de Ciencias Empresariales Jes\u00fas Juan Cambra Fierro.<\/p>\n","protected":false},"author":4,"featured_media":30856515,"comment_status":"closed","ping_status":"open","sticky":false,"template":"","format":"standard","meta":{"_monsterinsights_skip_tracking":false,"_monsterinsights_sitenote_active":false,"_monsterinsights_sitenote_note":"","_monsterinsights_sitenote_category":0,"footnotes":""},"categories":[5842],"tags":[581,5989,360,81],"class_list":["post-30856514","post","type-post","status-publish","format-standard","has-post-thumbnail","hentry","category-comunidad","tag-ceremonia-de-egresados","tag-doble-grado-en-administracion-y-direccion-de-empresas-y-derecho","tag-facultad-de-ciencias-empresariales","tag-facultad-de-derecho"],"_links":{"self":[{"href":"https:\/\/www.upo.es\/diario\/wp-json\/wp\/v2\/posts\/30856514","targetHints":{"allow":["GET"]}}],"collection":[{"href":"https:\/\/www.upo.es\/diario\/wp-json\/wp\/v2\/posts"}],"about":[{"href":"https:\/\/www.upo.es\/diario\/wp-json\/wp\/v2\/types\/post"}],"author":[{"embeddable":true,"href":"https:\/\/www.upo.es\/diario\/wp-json\/wp\/v2\/users\/4"}],"replies":[{"embeddable":true,"href":"https:\/\/www.upo.es\/diario\/wp-json\/wp\/v2\/comments?post=30856514"}],"version-history":[{"count":2,"href":"https:\/\/www.upo.es\/diario\/wp-json\/wp\/v2\/posts\/30856514\/revisions"}],"predecessor-version":[{"id":30856517,"href":"https:\/\/www.upo.es\/diario\/wp-json\/wp\/v2\/posts\/30856514\/revisions\/30856517"}],"wp:featuredmedia":[{"embeddable":true,"href":"https:\/\/www.upo.es\/diario\/wp-json\/wp\/v2\/media\/30856515"}],"wp:attachment":[{"href":"https:\/\/www.upo.es\/diario\/wp-json\/wp\/v2\/media?parent=30856514"}],"wp:term":[{"taxonomy":"category","embeddable":true,"href":"https:\/\/www.upo.es\/diario\/wp-json\/wp\/v2\/categories?post=30856514"},{"taxonomy":"post_tag","embeddable":true,"href":"https:\/\/www.upo.es\/diario\/wp-json\/wp\/v2\/tags?post=30856514"}],"curies":[{"name":"wp","href":"https:\/\/api.w.org\/{rel}","templated":true}]}}