{"id":30856521,"date":"2019-05-03T06:17:20","date_gmt":"2019-05-03T03:17:20","guid":{"rendered":"https:\/\/www.upo.es\/diario\/?p=30856521"},"modified":"2019-05-03T16:25:42","modified_gmt":"2019-05-03T13:25:42","slug":"el-servicio-de-deportes-lanza-el-concurso-disena-la-imagen-de-tu-escuela-de-verano","status":"publish","type":"post","link":"https:\/\/www.upo.es\/diario\/comunidad\/2019\/05\/el-servicio-de-deportes-lanza-el-concurso-disena-la-imagen-de-tu-escuela-de-verano\/","title":{"rendered":"El Servicio de Deportes lanza el concurso \u2018Dise\u00f1a la imagen de tu escuela de verano\u2019"},"content":{"rendered":"<p><a href=\"https:\/\/www.upo.es\/diario\/wp-content\/uploads\/2019\/05\/FUPO2018-Escuela-3-1024x285.jpg\"><img loading=\"lazy\" decoding=\"async\" class=\"aligncenter size-large wp-image-30856522\" src=\"https:\/\/www.upo.es\/diario\/wp-content\/uploads\/2019\/05\/FUPO2018-Escuela-3-1024x285-750x209.jpg\" alt=\"\" width=\"750\" height=\"209\" srcset=\"https:\/\/www.upo.es\/diario\/wp-content\/uploads\/2019\/05\/FUPO2018-Escuela-3-1024x285-750x209.jpg 750w, https:\/\/www.upo.es\/diario\/wp-content\/uploads\/2019\/05\/FUPO2018-Escuela-3-1024x285-360x100.jpg 360w, https:\/\/www.upo.es\/diario\/wp-content\/uploads\/2019\/05\/FUPO2018-Escuela-3-1024x285-768x214.jpg 768w, https:\/\/www.upo.es\/diario\/wp-content\/uploads\/2019\/05\/FUPO2018-Escuela-3-1024x285-600x167.jpg 600w, https:\/\/www.upo.es\/diario\/wp-content\/uploads\/2019\/05\/FUPO2018-Escuela-3-1024x285.jpg 1024w\" sizes=\"auto, (max-width: 750px) 100vw, 750px\" \/><\/a>El Servicio de Deportes de la Universidad Pablo de Olavide ha convocado la primera edici\u00f3n del <strong>concurso \u2018Dise\u00f1a la imagen de tu Escuela de Verano\u2019<\/strong>, un certamen de dibujo cuya<strong> imagen ganadora servir\u00e1 de referencia para la carteler\u00eda de la XV Escuela y VII Pequescuela Deportivas de Verano de 2019<\/strong>.<\/p>\n<p>Podr\u00e1n participar en el concurso<strong> ni\u00f1os y ni\u00f1as de entre 3 y 12 a\u00f1os que vayan a inscribirse a la escuela deportiva, ya que el premio consiste en la inscripci\u00f3n gratuita a dicha actividad<\/strong>. La tem\u00e1tica del concurso, al igual que la Escuela y Pequescuela de este verano, ser\u00e1 \u2018El circo y el deporte\u2019 y los participantes podr\u00e1n ejecutar sus dibujos con libertad de estilo, t\u00e9cnica y color; siendo requisito imprescindible que el original admita su producci\u00f3n fiel a imprenta.<\/p>\n<p>El plazo de presentaci\u00f3n de los originales (sentido vertical, A4) ser\u00e1<strong> del 13 al 15 de mayo<\/strong> en horario de 10,00 a 15,00 horas, y deber\u00e1n entregarse tapados, sin firmar y sin identificaci\u00f3n del remitente en el Gimnasio de la universidad, en la oficina del SDUPO (edificio 17, planta baja) o en la oficina del \u00c1rea de Comunicaci\u00f3n de la Fundaci\u00f3n (edificio 17, primera planta).<\/p>\n<p>El SDUPO anunciar\u00e1 el cartel ganador antes del 20 de mayo y \u00e9ste formar\u00e1 parte, al igual que el resto de carteles presentados, de una exposici\u00f3n que se desarrollar\u00e1 durante las escuelas deportivas de este 2019.<\/p>\n<p>Consulta las bases del concurso en <a href=\"https:\/\/www.upo.es\/sdupo\/concurso-disena-la-imagen-de-tu-escuela-de-verano\/\">https:\/\/www.upo.es\/sdupo\/concurso-disena-la-imagen-de-tu-escuela-de-verano\/<\/a>.<\/p>\n","protected":false},"excerpt":{"rendered":"<p>El Servicio de Deportes de la Universidad Pablo de Olavide ha convocado la primera edici\u00f3n del concurso \u2018Dise\u00f1a la imagen de tu Escuela de Verano\u2019, un certamen de dibujo cuya imagen ganadora servir\u00e1 de referencia para la carteler\u00eda de la XV Escuela y VII Pequescuela Deportivas de Verano de 2019. <\/p>\n","protected":false},"author":6,"featured_media":30856522,"comment_status":"closed","ping_status":"open","sticky":false,"template":"","format":"standard","meta":{"_monsterinsights_skip_tracking":false,"_monsterinsights_sitenote_active":false,"_monsterinsights_sitenote_note":"","_monsterinsights_sitenote_category":0,"footnotes":""},"categories":[5842],"tags":[1646,5077],"class_list":["post-30856521","post","type-post","status-publish","format-standard","has-post-thumbnail","hentry","category-comunidad","tag-escuela-de-verano","tag-sevicio-de-deportes"],"_links":{"self":[{"href":"https:\/\/www.upo.es\/diario\/wp-json\/wp\/v2\/posts\/30856521","targetHints":{"allow":["GET"]}}],"collection":[{"href":"https:\/\/www.upo.es\/diario\/wp-json\/wp\/v2\/posts"}],"about":[{"href":"https:\/\/www.upo.es\/diario\/wp-json\/wp\/v2\/types\/post"}],"author":[{"embeddable":true,"href":"https:\/\/www.upo.es\/diario\/wp-json\/wp\/v2\/users\/6"}],"replies":[{"embeddable":true,"href":"https:\/\/www.upo.es\/diario\/wp-json\/wp\/v2\/comments?post=30856521"}],"version-history":[{"count":2,"href":"https:\/\/www.upo.es\/diario\/wp-json\/wp\/v2\/posts\/30856521\/revisions"}],"predecessor-version":[{"id":30856525,"href":"https:\/\/www.upo.es\/diario\/wp-json\/wp\/v2\/posts\/30856521\/revisions\/30856525"}],"wp:featuredmedia":[{"embeddable":true,"href":"https:\/\/www.upo.es\/diario\/wp-json\/wp\/v2\/media\/30856522"}],"wp:attachment":[{"href":"https:\/\/www.upo.es\/diario\/wp-json\/wp\/v2\/media?parent=30856521"}],"wp:term":[{"taxonomy":"category","embeddable":true,"href":"https:\/\/www.upo.es\/diario\/wp-json\/wp\/v2\/categories?post=30856521"},{"taxonomy":"post_tag","embeddable":true,"href":"https:\/\/www.upo.es\/diario\/wp-json\/wp\/v2\/tags?post=30856521"}],"curies":[{"name":"wp","href":"https:\/\/api.w.org\/{rel}","templated":true}]}}