{"id":30856562,"date":"2019-05-13T00:05:05","date_gmt":"2019-05-12T21:05:05","guid":{"rendered":"https:\/\/www.upo.es\/diario\/?p=30856562"},"modified":"2019-05-13T17:21:20","modified_gmt":"2019-05-13T14:21:20","slug":"%e2%80%8b%e2%80%8b%e2%80%8blas-xxvii-jornadas-de-crue-sostenibilidad-ponen-el-foco-en-el-papel-de-la-universidad-como-espacio-clave-para-el-cumplimiento-de-la-agenda-2030","status":"publish","type":"post","link":"https:\/\/www.upo.es\/diario\/institucional\/2019\/05\/%e2%80%8b%e2%80%8b%e2%80%8blas-xxvii-jornadas-de-crue-sostenibilidad-ponen-el-foco-en-el-papel-de-la-universidad-como-espacio-clave-para-el-cumplimiento-de-la-agenda-2030\/","title":{"rendered":"\u200b\u200b\u200bLas XXVII Jornadas de Crue\u2013Sostenibilidad ponen el foco en el papel de la Universidad para el cumplimiento de la Agenda 2030"},"content":{"rendered":"<figure id=\"attachment_30856563\" aria-describedby=\"caption-attachment-30856563\" style=\"width: 750px\" class=\"wp-caption aligncenter\"><a href=\"https:\/\/www.upo.es\/diario\/wp-content\/uploads\/2019\/05\/Inauguraci\u00f3n-jornadas-CRUE-Sostenibilidad.jpg\"><img loading=\"lazy\" decoding=\"async\" class=\"size-large wp-image-30856563\" src=\"https:\/\/www.upo.es\/diario\/wp-content\/uploads\/2019\/05\/Inauguraci\u00f3n-jornadas-CRUE-Sostenibilidad-750x600.jpg\" alt=\"\" width=\"750\" height=\"600\" srcset=\"https:\/\/www.upo.es\/diario\/wp-content\/uploads\/2019\/05\/Inauguraci\u00f3n-jornadas-CRUE-Sostenibilidad-750x600.jpg 750w, https:\/\/www.upo.es\/diario\/wp-content\/uploads\/2019\/05\/Inauguraci\u00f3n-jornadas-CRUE-Sostenibilidad-360x288.jpg 360w, https:\/\/www.upo.es\/diario\/wp-content\/uploads\/2019\/05\/Inauguraci\u00f3n-jornadas-CRUE-Sostenibilidad-768x614.jpg 768w, https:\/\/www.upo.es\/diario\/wp-content\/uploads\/2019\/05\/Inauguraci\u00f3n-jornadas-CRUE-Sostenibilidad-600x480.jpg 600w, https:\/\/www.upo.es\/diario\/wp-content\/uploads\/2019\/05\/Inauguraci\u00f3n-jornadas-CRUE-Sostenibilidad.jpg 1000w\" sizes=\"auto, (max-width: 750px) 100vw, 750px\" \/><\/a><figcaption id=\"caption-attachment-30856563\" class=\"wp-caption-text\">XXVII Jornadas de Crue\u2013Sostenibilidad celebradas en la Universidad de Valladolid<\/figcaption><\/figure>\n<p>M\u00e1s de 170 representantes de 51 universidades espa\u00f1olas han participado en las<strong> XXVII Jornadas de Crue\u2013Sostenibilidad, bajo el lema \u00abLa movilidad sostenible, elemento clave de la Agenda 2030\u00bb<\/strong>. El acto de inauguraci\u00f3n, <strong>celebrado en la Facultad de Derecho de la Universidad de Valladolid<\/strong>, estuvo presidido por el rector de la UVa, Antonio Largo Cabrerizo, quien remarc\u00f3 que las universidades espa\u00f1olas deben \u00abdar ejemplo en la aplicaci\u00f3n de pr\u00e1cticas y procedimientos sostenibles y de bajo impacto ambiental que permitan concienciar a las nuevas generaciones sobre las responsabilidades relativas al uso racional de la energ\u00eda y a la gesti\u00f3n eficiente de los recursos en la actividad diaria desarrollada por cada ciudadano\u00bb. Por su parte, el presidente de Crue\u2013Sostenibilidad y rector de la Universidad de Oviedo, <strong>Santiago Garc\u00eda Granda<\/strong>, puso el foco en la responsabilidad de las universidades a la hora de formar a las personas que liderar\u00e1n la sociedad y que tendr\u00e1n que \u00abtomar las decisiones correctas\u00bb. Asimismo, Garc\u00eda Granda subray\u00f3 que este tipo de jornadas aportan iniciativas y proyectos que refuerzan \u00abel liderazgo de las universidades en la transici\u00f3n hacia una sociedad organizada de una forma m\u00e1s justa, m\u00e1s solidaria y m\u00e1s sostenible\u00bb.<\/p>\n<p>La ponencia inaugural corri\u00f3 a cargo del asesor de Alto Comisionado del Gobierno para la Agenda 2030,<strong> Jorge Solana<\/strong>, quien destac\u00f3 que las universidades son clave para el cambio, ya que \u00abgeneran el conocimiento y la innovaci\u00f3n necesarias para dar respuesta a los complejos retos que marca Naciones Unidas\u00bb. <strong>Para Crue Universidades Espa\u00f1olas, la consecuci\u00f3n de los <a href=\"https:\/\/www.undp.org\/content\/undp\/es\/home\/sustainable-development-goals.html\">Objetivos de Desarrollo Sostenible<\/a> es una prioridad<\/strong> <strong>que se puso de manifiesto a principios de a\u00f1o con la constituci\u00f3n de la Comisi\u00f3n de Crue para la Agenda 2030<\/strong>, \u00f3rgano que facilita la coordinaci\u00f3n y el intercambio de iniciativas y acciones en materia de desarrollo sostenible entre las diferentes comisiones sectoriales que integran la instituci\u00f3n. Adem\u00e1s, esta nueva l\u00ednea de cooperaci\u00f3n intersectorial ha permitido establecer una interlocuci\u00f3n efectiva entre Crue Universidades Espa\u00f1olas y el Alto Comisionado del Gobierno para la Agenda 2030.<\/p>\n<p>La actividad de las Jornadas se distribuy\u00f3 en sesiones comunes y espec\u00edficas de los <strong>nueve grupos de trabajo que integran Crue\u2013Sostenibilidad<\/strong>: Participaci\u00f3n y Voluntariado, Pol\u00edticas de G\u00e9nero, Prevenci\u00f3n de Riesgos Laborales, Evaluaci\u00f3n de la Sostenibilidad Universitaria, Mejoras Ambientales en Edificios Universitarios, Sostenibilizaci\u00f3n Curricular, Universidad y Movilidad Sostenible, Universidades Saludable, Urbanismo Universitario y Sostenibilidad.<\/p>\n<p>El pleno de Crue\u2013Sostenibilidad aprob\u00f3 un <a href=\"http:\/\/www.crue.org\/Documentos%20compartidos\/Sectoriales\/Sostenibilidad\/2019.05.10%20-%20Manifiesto%20%20Crue-Sostenibilidad%20Valladolid_VD.pdf\"><strong>manifiesto sobre el papel proactivo que deben jugar las universidades espa\u00f1olas en el cumplimiento de la Agenda 2030 de Naciones Unidas<\/strong><\/a>. El documento incide en que la universidad \u00abdebe generar y transferir el Conocimiento y la innovaci\u00f3n necesarias para dar respuesta a los complejos retos del Desarrollo Sostenible\u00bb. En este sentido, recuerda que \u00abes responsabilidad de las universidades que las personas est\u00e9n bien preparadas y formadas para tomar decisiones que contribuyan a generar una sociedad m\u00e1s justa y sostenible\u00bb y subraya que Crue \u00abes el interlocutor leg\u00edtimo y \u00fanico de las universidades espa\u00f1olas en materia de Agenda 2030\u00bb. Por otra parte, los asistentes pudieron escuchar las reivindicaciones de dos estudiantes del movimiento Fridays for Future, que pidieron que la Universidad abandere el cambio necesario y que el Gobierno proceda, cuanto antes, a la declaraci\u00f3n del Estado de emergencia clim\u00e1tico.<\/p>\n<p>Durante el pleno de Crue\u2013Sostenibilidad, se present\u00f3 la <strong>campa\u00f1a #unisinplastic<\/strong> que se llevar\u00e1 a cabo pr\u00f3ximamente con el objetivo de reducir el consumo de pl\u00e1sticos en las universidades espa\u00f1olas. Asimismo, se llev\u00f3 a cabo la renovaci\u00f3n de la Presidencia del Grupo de Trabajo de Urbanismo, que estar\u00e1 liderado por Agust\u00edn Hern\u00e1ndez Aja, delegado del rector de la Universidad Polit\u00e9cnica de Madrid para Urbanismo, Sostenibilidad y Movilidad Intercampus. Adem\u00e1s, a propuesta del Grupo de Trabajo de Prevenci\u00f3n de Riesgos Laborales, se aprobaron tres documentos: una Gu\u00eda de evaluaci\u00f3n de riesgos psicosociales, una ficha informativa de nanomateriales y sus procesos asociados, as\u00ed como una Gu\u00eda b\u00e1sica para la evaluaci\u00f3n de proyectos de investigaci\u00f3n universitarios en materia de Prevenci\u00f3n de Riesgos Laborales.<\/p>\n<p>&gt; <a href=\"http:\/\/www.crue.org\/Documentos%20compartidos\/Sectoriales\/Sostenibilidad\/2019.05.10%20-%20Manifiesto%20%20Crue-Sostenibilidad%20Valladolid_VD.pdf\">Las universidades espa\u00f1olas se constituyen como espacio clave para el cumplimiento de la Agenda 2030 &#8211; Manifiesto de CRUE Sostenibilidad (PDF)<\/a><\/p>\n<p>Fuente: CRUE Universidades Espa\u00f1olas<\/p>\n","protected":false},"excerpt":{"rendered":"<p>M\u00e1s de 170 representantes de 51 universidades espa\u00f1olas han participado en las XXVII Jornadas de Crue\u2013Sostenibilidad, bajo el lema \u00abLa movilidad sostenible, elemento clave de la Agenda 2030\u00bb. <\/p>\n","protected":false},"author":6,"featured_media":30856563,"comment_status":"closed","ping_status":"open","sticky":false,"template":"","format":"standard","meta":{"_monsterinsights_skip_tracking":false,"_monsterinsights_sitenote_active":false,"_monsterinsights_sitenote_note":"","_monsterinsights_sitenote_category":0,"footnotes":""},"categories":[6],"tags":[4140,4124,285,2350,591,832,39],"class_list":["post-30856562","post","type-post","status-publish","format-standard","has-post-thumbnail","hentry","category-institucional","tag-agenda-2030","tag-crue-universidades-espanolas","tag-espana","tag-manifiesto","tag-naciones-unidas","tag-sostenibilidad","tag-universidades"],"_links":{"self":[{"href":"https:\/\/www.upo.es\/diario\/wp-json\/wp\/v2\/posts\/30856562","targetHints":{"allow":["GET"]}}],"collection":[{"href":"https:\/\/www.upo.es\/diario\/wp-json\/wp\/v2\/posts"}],"about":[{"href":"https:\/\/www.upo.es\/diario\/wp-json\/wp\/v2\/types\/post"}],"author":[{"embeddable":true,"href":"https:\/\/www.upo.es\/diario\/wp-json\/wp\/v2\/users\/6"}],"replies":[{"embeddable":true,"href":"https:\/\/www.upo.es\/diario\/wp-json\/wp\/v2\/comments?post=30856562"}],"version-history":[{"count":4,"href":"https:\/\/www.upo.es\/diario\/wp-json\/wp\/v2\/posts\/30856562\/revisions"}],"predecessor-version":[{"id":30856567,"href":"https:\/\/www.upo.es\/diario\/wp-json\/wp\/v2\/posts\/30856562\/revisions\/30856567"}],"wp:featuredmedia":[{"embeddable":true,"href":"https:\/\/www.upo.es\/diario\/wp-json\/wp\/v2\/media\/30856563"}],"wp:attachment":[{"href":"https:\/\/www.upo.es\/diario\/wp-json\/wp\/v2\/media?parent=30856562"}],"wp:term":[{"taxonomy":"category","embeddable":true,"href":"https:\/\/www.upo.es\/diario\/wp-json\/wp\/v2\/categories?post=30856562"},{"taxonomy":"post_tag","embeddable":true,"href":"https:\/\/www.upo.es\/diario\/wp-json\/wp\/v2\/tags?post=30856562"}],"curies":[{"name":"wp","href":"https:\/\/api.w.org\/{rel}","templated":true}]}}