{"id":30856570,"date":"2019-05-14T02:19:36","date_gmt":"2019-05-13T23:19:36","guid":{"rendered":"https:\/\/www.upo.es\/diario\/?p=30856570"},"modified":"2019-05-14T12:24:43","modified_gmt":"2019-05-14T09:24:43","slug":"jornada-electoral-en-las-facultades-de-ciencias-experimentales-y-ciencias-sociales","status":"publish","type":"post","link":"https:\/\/www.upo.es\/diario\/comunidad\/2019\/05\/jornada-electoral-en-las-facultades-de-ciencias-experimentales-y-ciencias-sociales\/","title":{"rendered":"Jornada electoral en las facultades de Ciencias Experimentales y Ciencias Sociales"},"content":{"rendered":"<p><img loading=\"lazy\" decoding=\"async\" class=\"alignright size-medium wp-image-30856571\" src=\"https:\/\/www.upo.es\/diario\/wp-content\/uploads\/2019\/05\/elections-1496436_1280-360x293.png\" alt=\"\" width=\"360\" height=\"293\" srcset=\"https:\/\/www.upo.es\/diario\/wp-content\/uploads\/2019\/05\/elections-1496436_1280-360x293.png 360w, https:\/\/www.upo.es\/diario\/wp-content\/uploads\/2019\/05\/elections-1496436_1280-768x625.png 768w, https:\/\/www.upo.es\/diario\/wp-content\/uploads\/2019\/05\/elections-1496436_1280-750x611.png 750w, https:\/\/www.upo.es\/diario\/wp-content\/uploads\/2019\/05\/elections-1496436_1280-600x488.png 600w, https:\/\/www.upo.es\/diario\/wp-content\/uploads\/2019\/05\/elections-1496436_1280.png 1280w\" sizes=\"auto, (max-width: 360px) 100vw, 360px\" \/>Hoy<strong> martes 14 de mayo, desde las 12 y hasta las 18 horas en la sala multiusos del Rectorado<\/strong> \u2013planta baja\u2013, tanto el profesorado doctor con vinculaci\u00f3n permanente a la Universidad como dem\u00e1s PDI no incluido en el apartado anterior de las facultades de Ciencias Experimentales y Ciencias Sociales est\u00e1 convocado a participar en las Elecciones a ambas Juntas de Centro.<\/p>\n<p>Las Juntas de Centro de la Universidad Pablo de Olavide est\u00e1n compuestas por treinta y dos miembros electos, de los cuales diecisiete son representantes del profesorado doctor con vinculaci\u00f3n permanente, tres son elegidos por el PDI no incluido en el apartado anterior y dos representan al personal de administraci\u00f3n y servicios. La representaci\u00f3n estudiantil ya ha sido renovada, al ser elegidos al comienzo de curso por los delegados y delegadas de cada grupo de clase.<\/p>\n<p>As\u00ed, <strong>el personal docente e investigador de la Facultad de Ciencias Experimentales votar\u00e1 en la Mesa 1<\/strong> y elegir\u00e1 a 17 representantes del sector profesorado con vinculaci\u00f3n permanente \u2013de entre 35 candidaturas\u2013 y a 3 representantes de dem\u00e1s PDI a elegir entre 7 candidaturas. Isabel M. Jim\u00e9nez y Mar\u00eda Magdalena Mas han resultado ya electas por el sector PAS al haber igual n\u00famero de candidaturas que puestos a cubrir.<\/p>\n<p>Por su parte, <strong>el PDI de la Facultad de Ciencias Sociales votar\u00e1 en la Mesa 2<\/strong>, con 17 puestos a cubrir a los que se han presentado 20 candidaturas en el sector profesorado con vinculaci\u00f3n permanente y 3 puestos a cubrir por 5 candidaturas en el sector dem\u00e1s personal docente e investigador. En el sector PAS no se ha presentado ninguna candidatura.<\/p>\n<p>Los Estatutos de la Universidad Pablo de Olavide establecen que los mandatos de los representantes de profesorado y PAS en las Juntas de Centro tendr\u00e1n una duraci\u00f3n de cuatro a\u00f1os.<\/p>\n<p><strong>M\u00e1s informaci\u00f3n y candidaturas:<\/strong> <a href=\"http:\/\/www.upo.es\/elecciones\/procesos-electorales\/juntas\/\">www.upo.es\/elecciones\/procesos-electorales\/juntas\/<\/a><\/p>\n<p>&nbsp;<\/p>\n","protected":false},"excerpt":{"rendered":"<p>Hoy martes 14 de mayo, desde las 12 y hasta las 18 horas en la sala multiusos del Rectorado \u2013planta baja\u2013, tanto el profesorado doctor con vinculaci\u00f3n permanente a la Universidad como dem\u00e1s PDI no incluido en el apartado anterior de las facultades de Ciencias Experimentales y Ciencias Sociales est\u00e1 convocado a participar en las Elecciones a ambas Juntas de Centro. <\/p>\n","protected":false},"author":6,"featured_media":30856571,"comment_status":"closed","ping_status":"open","sticky":false,"template":"","format":"standard","meta":{"_monsterinsights_skip_tracking":false,"_monsterinsights_sitenote_active":false,"_monsterinsights_sitenote_note":"","_monsterinsights_sitenote_category":0,"footnotes":""},"categories":[5842],"tags":[69,122,487,199],"class_list":["post-30856570","post","type-post","status-publish","format-standard","has-post-thumbnail","hentry","category-comunidad","tag-elecciones","tag-facultad-ciencias-experimentales","tag-facultad-ciencias-sociales","tag-profesorado"],"_links":{"self":[{"href":"https:\/\/www.upo.es\/diario\/wp-json\/wp\/v2\/posts\/30856570","targetHints":{"allow":["GET"]}}],"collection":[{"href":"https:\/\/www.upo.es\/diario\/wp-json\/wp\/v2\/posts"}],"about":[{"href":"https:\/\/www.upo.es\/diario\/wp-json\/wp\/v2\/types\/post"}],"author":[{"embeddable":true,"href":"https:\/\/www.upo.es\/diario\/wp-json\/wp\/v2\/users\/6"}],"replies":[{"embeddable":true,"href":"https:\/\/www.upo.es\/diario\/wp-json\/wp\/v2\/comments?post=30856570"}],"version-history":[{"count":1,"href":"https:\/\/www.upo.es\/diario\/wp-json\/wp\/v2\/posts\/30856570\/revisions"}],"predecessor-version":[{"id":30856572,"href":"https:\/\/www.upo.es\/diario\/wp-json\/wp\/v2\/posts\/30856570\/revisions\/30856572"}],"wp:featuredmedia":[{"embeddable":true,"href":"https:\/\/www.upo.es\/diario\/wp-json\/wp\/v2\/media\/30856571"}],"wp:attachment":[{"href":"https:\/\/www.upo.es\/diario\/wp-json\/wp\/v2\/media?parent=30856570"}],"wp:term":[{"taxonomy":"category","embeddable":true,"href":"https:\/\/www.upo.es\/diario\/wp-json\/wp\/v2\/categories?post=30856570"},{"taxonomy":"post_tag","embeddable":true,"href":"https:\/\/www.upo.es\/diario\/wp-json\/wp\/v2\/tags?post=30856570"}],"curies":[{"name":"wp","href":"https:\/\/api.w.org\/{rel}","templated":true}]}}