{"id":30856573,"date":"2019-05-14T14:19:56","date_gmt":"2019-05-14T11:19:56","guid":{"rendered":"https:\/\/www.upo.es\/diario\/?p=30856573"},"modified":"2019-05-16T11:35:52","modified_gmt":"2019-05-16T08:35:52","slug":"el-profesor-de-la-upo-guillem-colom-recibe-el-primer-premio-de-la-revista-ejercito-2","status":"publish","type":"post","link":"https:\/\/www.upo.es\/diario\/comunidad\/2019\/05\/el-profesor-de-la-upo-guillem-colom-recibe-el-primer-premio-de-la-revista-ejercito-2\/","title":{"rendered":"El profesor de la UPO Guillem Colom recibe el Primer Premio de la Revista Ej\u00e9rcito"},"content":{"rendered":"<figure id=\"attachment_30856575\" aria-describedby=\"caption-attachment-30856575\" style=\"width: 750px\" class=\"wp-caption aligncenter\"><a href=\"https:\/\/www.upo.es\/diario\/wp-content\/uploads\/2019\/05\/premio_guillem_colom.jpg\"><img loading=\"lazy\" decoding=\"async\" class=\"size-large wp-image-30856575\" src=\"https:\/\/www.upo.es\/diario\/wp-content\/uploads\/2019\/05\/premio_guillem_colom-750x551.jpg\" alt=\"\" width=\"750\" height=\"551\" srcset=\"https:\/\/www.upo.es\/diario\/wp-content\/uploads\/2019\/05\/premio_guillem_colom-750x551.jpg 750w, https:\/\/www.upo.es\/diario\/wp-content\/uploads\/2019\/05\/premio_guillem_colom-360x265.jpg 360w, https:\/\/www.upo.es\/diario\/wp-content\/uploads\/2019\/05\/premio_guillem_colom-768x565.jpg 768w, https:\/\/www.upo.es\/diario\/wp-content\/uploads\/2019\/05\/premio_guillem_colom-600x441.jpg 600w, https:\/\/www.upo.es\/diario\/wp-content\/uploads\/2019\/05\/premio_guillem_colom.jpg 1499w\" sizes=\"auto, (max-width: 750px) 100vw, 750px\" \/><\/a><figcaption id=\"caption-attachment-30856575\" class=\"wp-caption-text\">El general de ej\u00e9rcito Francisco J. Varela y el profesor de la UPO Guillem Colom Piella.<\/figcaption><\/figure>\n<p>El profesor de Ciencia Pol\u00edtica y de la Administraci\u00f3n de la Universidad Pablo de Olavide <strong>Guillem Colom Piella<\/strong> ha recibido el <strong>Primer Premio de la Revista Ej\u00e9rcito<\/strong>, otorgado por la Jefatura del Estado Mayor del Ej\u00e9rcito de Tierra, por su art\u00edculo <strong>\u2018La doctrina Gerasimov y el pensamiento estrat\u00e9gico ruso contempor\u00e1neo\u2019<\/strong>.<\/p>\n<p>El acto de entrega del premio estuvo presidido por el Jefe del Estado Mayor del Ej\u00e9rcito de Tierra, el general de ej\u00e9rcito Francisco J. Varela, quien estuvo acompa\u00f1ado por el segundo Jefe de Estado Mayor del Ej\u00e9rcito, el teniente general Miguel Mart\u00edn Bernardi; el jefe de los Sistemas de Informaci\u00f3n, Telecomunicaciones y Asistencia T\u00e9cnica, el general Joaqu\u00edn Salas, y el director de la Revista Ej\u00e9rcito, el general Leopoldo Herrero.<\/p>\n<p>Estos premios, que este a\u00f1o han alcanzado su trig\u00e9simo novena edici\u00f3n, buscan distinguir a los autores de los mejores trabajos y colaboraciones que, publicados en la <a href=\"http:\/\/www.ejercito.mde.es\/publicaciones\/revistaejercito\/\">Revista Ej\u00e9rcito<\/a>, contribuyen al desarrollo del pensamiento estrat\u00e9gico y a la cultura militar espa\u00f1ola. En este caso, el primer premio, dotado con 2.800 euros, ha reca\u00eddo en el art\u00edculo <a href=\"http:\/\/www.ejercito.mde.es\/Galerias\/Descarga_pdf\/EjercitoTierra\/revista_ejercito\/primer_premio_2019.pdf\">\u2018La doctrina Gerasimov y el pensamiento estrat\u00e9gico ruso contempor\u00e1neo\u2019<\/a>, publicado en diciembre de 2018. En palabras de su autor, el profesor Guillem Colom, \u201ceste art\u00edculo contextualiza las ideas del Jefe de Estado Mayor de la Defensa rusa, el General Valeri Gerasimov, con el objetivo de ahondar en la percepci\u00f3n rusa sobre la transformaci\u00f3n de la guerra, su interpretaci\u00f3n sobre las amenazas h\u00edbridas, el papel de los medios no militares y las actividades informativas en la guerra contempor\u00e1nea, as\u00ed como debatir sobre el modus operandi de sus fuerzas armadas en los conflictos recientes.\u201d Se trata de la segunda vez que este profesor de la UPO es galardonado con el Primer Premio de esta revista, siendo la primera vez en el a\u00f1o 2015.<\/p>\n<p>El segundo premio ha correspondido al coronel Jos\u00e9 Mar\u00eda Pardo de Santayana y G\u00f3mez-Olea por el art\u00edculo \u201cEl fen\u00f3meno guerrillero en la Guerra de la Independencia\u201d, y el tercer premiado ha sido el general de brigada Miguel Ballenilla y Garc\u00eda de Gamarra, por su art\u00edculo \u201cRobots y sistemas aut\u00f3nomos: el futuro que se avecina\u201d. Por su parte, el general de divisi\u00f3n Jorge Ortega Mart\u00edn ha recibido de manos del director de la revista un diploma acreditativo, en reconocimiento a su constante, continua y destacada labor de colaboraci\u00f3n con esta publicaci\u00f3n.<\/p>\n<p><strong>Guillem Colom Piella<\/strong> es licenciado en Sociolog\u00eda y en Ciencias Pol\u00edticas y de la Administraci\u00f3n, m\u00e1ster en Relaciones Internacionales y doctor en Seguridad Internacional. Es profesor del \u00c1rea de Ciencia Pol\u00edtica y de la Administraci\u00f3n de la Universidad Pablo de Olavide, de Sevilla, codirector de THIBER, the cybersecurity think tank y miembro del Grupo de Estudios en Seguridad Internacional.<\/p>\n<p>Antes de incorporarse a la universidad trabaj\u00f3 en el Estado Mayor de la Defensa apoyando el proceso de transformaci\u00f3n militar, prospectiva estrat\u00e9gica, planeamiento de la defensa, generaci\u00f3n de capacidades, doctrina conjunto-combinada o desarrollo y experimentaci\u00f3n de conceptos, participando tambi\u00e9n como subject matter expert en proyectos europeos, aliados y multinacionales.<\/p>\n<p>Es autor de numerosas publicaciones en materia de defensa y asuntos estrat\u00e9gicos, siendo sus \u00faltimas monograf\u00edas Entre la Revoluci\u00f3n y la Compensaci\u00f3n: la configuraci\u00f3n de la pol\u00edtica de defensa estadounidense contempor\u00e1nea (2016), Entre Ares y Atenea: el debate sobre la Revoluci\u00f3n en los Asuntos Militares (2008) o La defensa de la Uni\u00f3n Europea: voluntades pol\u00edticas y capacidades militares b\u00e1sicas (2005, con Pedro Fatj\u00f3).<\/p>\n<p>&nbsp;<\/p>\n","protected":false},"excerpt":{"rendered":"<p>El profesor de Ciencia Pol\u00edtica y de la Administraci\u00f3n de la Universidad Pablo de Olavide Guillem Colom Piella ha recibido el Primer Premio de la Revista Ej\u00e9rcito, otorgado por la Jefatura del Estado Mayor del Ej\u00e9rcito de Tierra, por su art\u00edculo \u2018La doctrina Gerasimov y el pensamiento estrat\u00e9gico ruso contempor\u00e1neo\u2019. <\/p>\n","protected":false},"author":2,"featured_media":30856575,"comment_status":"closed","ping_status":"open","sticky":false,"template":"","format":"standard","meta":{"_monsterinsights_skip_tracking":false,"_monsterinsights_sitenote_active":false,"_monsterinsights_sitenote_note":"","_monsterinsights_sitenote_category":0,"footnotes":""},"categories":[5842],"tags":[2272,173,4229,58],"class_list":["post-30856573","post","type-post","status-publish","format-standard","has-post-thumbnail","hentry","category-comunidad","tag-area-de-ciencia-politica-y-de-la-administracion","tag-ejercito","tag-ejercito-de-tierra","tag-premio"],"_links":{"self":[{"href":"https:\/\/www.upo.es\/diario\/wp-json\/wp\/v2\/posts\/30856573","targetHints":{"allow":["GET"]}}],"collection":[{"href":"https:\/\/www.upo.es\/diario\/wp-json\/wp\/v2\/posts"}],"about":[{"href":"https:\/\/www.upo.es\/diario\/wp-json\/wp\/v2\/types\/post"}],"author":[{"embeddable":true,"href":"https:\/\/www.upo.es\/diario\/wp-json\/wp\/v2\/users\/2"}],"replies":[{"embeddable":true,"href":"https:\/\/www.upo.es\/diario\/wp-json\/wp\/v2\/comments?post=30856573"}],"version-history":[{"count":1,"href":"https:\/\/www.upo.es\/diario\/wp-json\/wp\/v2\/posts\/30856573\/revisions"}],"predecessor-version":[{"id":30856576,"href":"https:\/\/www.upo.es\/diario\/wp-json\/wp\/v2\/posts\/30856573\/revisions\/30856576"}],"wp:featuredmedia":[{"embeddable":true,"href":"https:\/\/www.upo.es\/diario\/wp-json\/wp\/v2\/media\/30856575"}],"wp:attachment":[{"href":"https:\/\/www.upo.es\/diario\/wp-json\/wp\/v2\/media?parent=30856573"}],"wp:term":[{"taxonomy":"category","embeddable":true,"href":"https:\/\/www.upo.es\/diario\/wp-json\/wp\/v2\/categories?post=30856573"},{"taxonomy":"post_tag","embeddable":true,"href":"https:\/\/www.upo.es\/diario\/wp-json\/wp\/v2\/tags?post=30856573"}],"curies":[{"name":"wp","href":"https:\/\/api.w.org\/{rel}","templated":true}]}}